{"id":1845,"date":"2019-11-20T15:03:19","date_gmt":"2019-11-20T18:03:19","guid":{"rendered":"https:\/\/wp.ufpel.edu.br\/naaf\/?p=1845"},"modified":"2022-03-29T09:50:22","modified_gmt":"2022-03-29T12:50:22","slug":"nuaad-tera-expediente-interno-no-dia-21-11","status":"publish","type":"post","link":"https:\/\/wp.ufpel.edu.br\/naaf\/2019\/11\/20\/nuaad-tera-expediente-interno-no-dia-21-11\/","title":{"rendered":"NUAAD ter\u00e1 expediente interno no dia 21\/11"},"content":{"rendered":"<p>O N\u00facleo de A\u00e7\u00f5es Afirmativas e Diversidade (NUAAD) informa que amanh\u00e3, 21 de novembro de 2019, ter\u00e1 expediente interno, em virtude da participa\u00e7\u00e3o de todos os servidores e bolsistas em atividade administrativa.<\/p>\n","protected":false},"excerpt":{"rendered":"<p>O N\u00facleo de A\u00e7\u00f5es Afirmativas e Diversidade (NUAAD) informa que amanh\u00e3, 21 de novembro de 2019, ter\u00e1 expediente interno, em virtude da participa\u00e7\u00e3o de todos os servidores e bolsistas em atividade administrativa.<\/p>\n","protected":false},"author":781,"featured_media":0,"comment_status":"closed","ping_status":"closed","sticky":false,"template":"","format":"standard","meta":{"jetpack_post_was_ever_published":false,"_jetpack_newsletter_access":"","_jetpack_dont_email_post_to_subs":false,"_jetpack_newsletter_tier_id":0,"_jetpack_memberships_contains_paywalled_content":false,"_jetpack_memberships_contains_paid_content":false,"footnotes":"","jetpack_publicize_message":"","jetpack_publicize_feature_enabled":true,"jetpack_social_post_already_shared":true,"jetpack_social_options":{"image_generator_settings":{"template":"highway","default_image_id":0,"font":"","enabled":false},"version":2}},"categories":[1],"tags":[52],"class_list":["post-1845","post","type-post","status-publish","format-standard","hentry","category-noticias","tag-redacao","item-wrap"],"jetpack_publicize_connections":[],"jetpack_featured_media_url":"","jetpack_sharing_enabled":true,"jetpack_shortlink":"https:\/\/wp.me\/p9uOP6-tL","jetpack_likes_enabled":true,"jetpack-related-posts":[{"id":950,"url":"https:\/\/wp.ufpel.edu.br\/naaf\/2018\/09\/14\/atencao-nuaad-tera-expediente-interno-nesta-segunda-feira-17-09-2018\/","url_meta":{"origin":1845,"position":0},"title":"Aten\u00e7\u00e3o! Nuaad ter\u00e1 expediente interno nesta Segunda-feira (17\/09\/2018)","author":"naaf","date":"14\/09\/2018","format":false,"excerpt":"O N\u00facleo de A\u00e7\u00f5es Afirmativas e Diversidade informa que,\u00a0\u00a0nesta segunda-feira (17), realizar\u00e1 experiente interno. A equipe do setor estar\u00e1\u00a0 envolvida no Evento:\u00a0\u00a0Curso de Capacita\u00e7\u00e3o para Comiss\u00f5es de Heteroidentifica\u00e7\u00e3o.\u00a0","rel":"","context":"Em &quot;Not\u00edcias&quot;","block_context":{"text":"Not\u00edcias","link":"https:\/\/wp.ufpel.edu.br\/naaf\/category\/noticias\/"},"img":{"alt_text":"","src":"","width":0,"height":0},"classes":[]},{"id":1290,"url":"https:\/\/wp.ufpel.edu.br\/naaf\/2019\/02\/11\/expediente-interno-no-nuaad\/","url_meta":{"origin":1845,"position":1},"title":"Expediente interno no NUAAD","author":"naaf","date":"11\/02\/2019","format":false,"excerpt":"ATEN\u00c7\u00c3O!\u00a0A fim de liberar o mais breve poss\u00edvel o Relat\u00f3rio Preliminar da Chamada Regular do SISU n\u00e3o haver\u00e1 atendimento ao p\u00fablico no NUAAD nesta segunda-feira, 11 de fevereiro de 2019. Grata pela compreens\u00e3o Chefe do NUAAD","rel":"","context":"Em &quot;Not\u00edcias&quot;","block_context":{"text":"Not\u00edcias","link":"https:\/\/wp.ufpel.edu.br\/naaf\/category\/noticias\/"},"img":{"alt_text":"","src":"","width":0,"height":0},"classes":[]},{"id":1341,"url":"https:\/\/wp.ufpel.edu.br\/naaf\/2019\/02\/22\/expediente-interno-no-nuaad-2\/","url_meta":{"origin":1845,"position":2},"title":"Expediente interno no NUAAD &#8211; entre os dias 22 e 26 de fevereiro de 2019","author":"naaf","date":"22\/02\/2019","format":false,"excerpt":"ATEN\u00c7\u00c3O!\u00a0A fim de publicar eletronicamente\u00a0 o Relat\u00f3rio Preliminar da 1\u00aa Convoca\u00e7\u00e3o da Lista de Espera do SISU 2019\/1 o mais breve poss\u00edvel,\u00a0 n\u00e3o haver\u00e1 atendimento ao p\u00fablico no NUAAD entre os dias 22 de Fevereiro (sexta-feira) e\u00a0 26 de fevereiro de 2019 (ter\u00e7a-feira). Al\u00e9m disso pedimos encarecidamente que acessem o\u2026","rel":"","context":"Em &quot;Not\u00edcias&quot;","block_context":{"text":"Not\u00edcias","link":"https:\/\/wp.ufpel.edu.br\/naaf\/category\/noticias\/"},"img":{"alt_text":"","src":"","width":0,"height":0},"classes":[]},{"id":656,"url":"https:\/\/wp.ufpel.edu.br\/naaf\/2018\/05\/23\/nuaad-participara-da-i-semana-africana-de-pelotas\/","url_meta":{"origin":1845,"position":3},"title":"NUAAD Participar\u00e1 da I Semana Africana de Pelotas","author":"naaf","date":"23\/05\/2018","format":false,"excerpt":"Viemos informar, atrav\u00e9s deste, que o N\u00facleo de A\u00e7\u00f5es Afirmativas da UFPEL (NUAAD) n\u00e3o realizar\u00e1 atendimento ao p\u00fablico nos dias 24, 25 e 26 de Maio, pois estar\u00e1 presente na I Semana Africana de Pelotas. As atividades se normalizam na segunda-feira (28), com expediente interno pela manh\u00e3 e atendimento ao\u2026","rel":"","context":"Em &quot;Eventos&quot;","block_context":{"text":"Eventos","link":"https:\/\/wp.ufpel.edu.br\/naaf\/category\/eventos\/"},"img":{"alt_text":"","src":"","width":0,"height":0},"classes":[]},{"id":1169,"url":"https:\/\/wp.ufpel.edu.br\/naaf\/2018\/12\/21\/horario-de-recesso-turno-unico-no-nuaad\/","url_meta":{"origin":1845,"position":4},"title":"Hor\u00e1rio de Recesso- Turno \u00danico no NUAAD","author":"naaf","date":"21\/12\/2018","format":false,"excerpt":"O N\u00facleo de A\u00e7\u00f5es Afirmativas e Diversidade\/CID\/UFPel informa que o hor\u00e1rio de expediente no per\u00edodo de 26, 27 e 28 de Dezembro\/2018 depois 02,03, e 04 de Janeiro\/2019\u00a0 de acordo com a Portaria n\u00ba 2638\/2018, ser\u00e1 das 08h at\u00e9 as 14h. \u00a0","rel":"","context":"Em &quot;Not\u00edcias&quot;","block_context":{"text":"Not\u00edcias","link":"https:\/\/wp.ufpel.edu.br\/naaf\/category\/noticias\/"},"img":{"alt_text":"","src":"","width":0,"height":0},"classes":[]},{"id":4068,"url":"https:\/\/wp.ufpel.edu.br\/naaf\/2023\/07\/04\/aviso-sobre-heteroidentificacoes-pendentes\/","url_meta":{"origin":1845,"position":5},"title":"Aviso sobre heteroidentifica\u00e7\u00f5es pendentes","author":"nuaad","date":"04\/07\/2023","format":false,"excerpt":"O NUAAD informa que no dia 10\/07\/2023, no turno da manh\u00e3, ser\u00e1 realizada a \u00faltima banca de heteroidentifica\u00e7\u00e3o de 2023\/1. Todas as pessoas que ingressaram em 2023\/1 pelas cotas L02, L06, L10 ou L14 e que ainda t\u00eam heteroidentifica\u00e7\u00e3o n\u00e3o realizada dever\u00e3o comparecer nessa data, na sala 406-B (SAEE-NUAAD), \u00e0s\u2026","rel":"","context":"Em &quot;Not\u00edcias&quot;","block_context":{"text":"Not\u00edcias","link":"https:\/\/wp.ufpel.edu.br\/naaf\/category\/noticias\/"},"img":{"alt_text":"","src":"","width":0,"height":0},"classes":[]}],"_links":{"self":[{"href":"https:\/\/wp.ufpel.edu.br\/naaf\/wp-json\/wp\/v2\/posts\/1845","targetHints":{"allow":["GET"]}}],"collection":[{"href":"https:\/\/wp.ufpel.edu.br\/naaf\/wp-json\/wp\/v2\/posts"}],"about":[{"href":"https:\/\/wp.ufpel.edu.br\/naaf\/wp-json\/wp\/v2\/types\/post"}],"author":[{"embeddable":true,"href":"https:\/\/wp.ufpel.edu.br\/naaf\/wp-json\/wp\/v2\/users\/781"}],"replies":[{"embeddable":true,"href":"https:\/\/wp.ufpel.edu.br\/naaf\/wp-json\/wp\/v2\/comments?post=1845"}],"version-history":[{"count":1,"href":"https:\/\/wp.ufpel.edu.br\/naaf\/wp-json\/wp\/v2\/posts\/1845\/revisions"}],"predecessor-version":[{"id":1847,"href":"https:\/\/wp.ufpel.edu.br\/naaf\/wp-json\/wp\/v2\/posts\/1845\/revisions\/1847"}],"wp:attachment":[{"href":"https:\/\/wp.ufpel.edu.br\/naaf\/wp-json\/wp\/v2\/media?parent=1845"}],"wp:term":[{"taxonomy":"category","embeddable":true,"href":"https:\/\/wp.ufpel.edu.br\/naaf\/wp-json\/wp\/v2\/categories?post=1845"},{"taxonomy":"post_tag","embeddable":true,"href":"https:\/\/wp.ufpel.edu.br\/naaf\/wp-json\/wp\/v2\/tags?post=1845"}],"curies":[{"name":"wp","href":"https:\/\/api.w.org\/{rel}","templated":true}]}}