{"id":1341,"date":"2019-02-22T11:22:33","date_gmt":"2019-02-22T14:22:33","guid":{"rendered":"https:\/\/wp.ufpel.edu.br\/naaf\/?p=1341"},"modified":"2022-03-29T10:35:01","modified_gmt":"2022-03-29T13:35:01","slug":"expediente-interno-no-nuaad-2","status":"publish","type":"post","link":"https:\/\/wp.ufpel.edu.br\/naaf\/2019\/02\/22\/expediente-interno-no-nuaad-2\/","title":{"rendered":"Expediente interno no NUAAD &#8211; entre os dias 22 e 26 de fevereiro de 2019"},"content":{"rendered":"<p>ATEN\u00c7\u00c3O!\u00a0<strong>A fim de publicar<\/strong> eletronicamente\u00a0 o <strong>Relat\u00f3rio Preliminar da 1\u00aa Convoca\u00e7\u00e3o da Lista de Espera do SISU 2019\/1<\/strong> o mais breve poss\u00edvel,\u00a0 <strong>n\u00e3o haver\u00e1 atendimento ao p\u00fablico no NUAAD entre os dias 22 de Fevereiro (sexta-feira) e\u00a0 26 de fevereiro de 2019 (ter\u00e7a-feira)<\/strong>.<\/p>\n<p>Al\u00e9m disso pedimos encarecidamente que <strong>acessem o site do NUAAD a fim de verificar se os resultados das entrevistas de heteroidentifica\u00e7\u00e3o j\u00e1 foram publicados<\/strong>, pois, <strong>se telefonarem e enviarem e-mails constantemente n\u00e3o conseguiremos encaminhar a documenta\u00e7\u00e3o necess\u00e1ria para divulga\u00e7\u00e3o dos resultados.<\/strong><\/p>\n<p>Grata pela compreens\u00e3o!<\/p>\n<p>&nbsp;<\/p>\n<p style=\"text-align: center\"><span style=\"font-size: 10pt\">\u00a0 \u00a0 \u00a0 \u00a0 \u00a0 \u00a0 \u00a0 \u00a0 \u00a0 \u00a0 \u00a0 \u00a0 \u00a0 \u00a0 \u00a0 \u00a0 \u00a0 \u00a0 \u00a0 \u00a0 \u00a0 \u00a0 \u00a0 \u00a0 \u00a0 \u00a0 \u00a0 \u00a0 \u00a0 \u00a0 \u00a0 \u00a0 \u00a0 \u00a0 \u00a0 \u00a0 \u00a0 \u00a0 \u00a0 \u00a0 \u00a0 \u00a0 \u00a0 \u00a0 \u00a0 \u00a0 \u00a0 \u00a0 \u00a0 \u00a0 \u00a0 \u00a0 \u00a0 \u00a0 \u00a0 \u00a0 \u00a0 \u00a0 \u00a0 \u00a0 \u00a0 Prof. Rosemar Lemos\u00a0 \u00a0 \u00a0 \u00a0 \u00a0 \u00a0 \u00a0 \u00a0 \u00a0 \u00a0 \u00a0 \u00a0 \u00a0 \u00a0 \u00a0 \u00a0 \u00a0 \u00a0 \u00a0 \u00a0 \u00a0 \u00a0 \u00a0 \u00a0 \u00a0 \u00a0 \u00a0 \u00a0 \u00a0 \u00a0 \u00a0 \u00a0 \u00a0 \u00a0 \u00a0 \u00a0 \u00a0 \u00a0 \u00a0 \u00a0 \u00a0 \u00a0 \u00a0 \u00a0 \u00a0 \u00a0 \u00a0 \u00a0 \u00a0 \u00a0 \u00a0 \u00a0 \u00a0 \u00a0 \u00a0 \u00a0 \u00a0 \u00a0 \u00a0 \u00a0 \u00a0 \u00a0 \u00a0 \u00a0\u00a0<\/span><span style=\"font-size: 10pt\">Chefe do NUAAD &#8211; N\u00facleo de A\u00e7\u00f5es Afirmativas e Diversidade<\/span><\/p>\n","protected":false},"excerpt":{"rendered":"<p>ATEN\u00c7\u00c3O!\u00a0A fim de publicar eletronicamente\u00a0 o Relat\u00f3rio Preliminar da 1\u00aa Convoca\u00e7\u00e3o da Lista de Espera do SISU 2019\/1 o mais breve poss\u00edvel,\u00a0 n\u00e3o haver\u00e1 atendimento ao p\u00fablico no NUAAD entre os dias 22 de Fevereiro (sexta-feira) e\u00a0 26 de fevereiro de 2019 (ter\u00e7a-feira). Al\u00e9m disso pedimos encarecidamente que acessem o site do NUAAD a fim &hellip; <\/p>\n<p><a class=\"more-link btn\" href=\"https:\/\/wp.ufpel.edu.br\/naaf\/2019\/02\/22\/expediente-interno-no-nuaad-2\/\">Continue lendo<\/a><\/p>\n","protected":false},"author":781,"featured_media":0,"comment_status":"closed","ping_status":"closed","sticky":false,"template":"","format":"standard","meta":{"jetpack_post_was_ever_published":false,"_jetpack_newsletter_access":"","_jetpack_dont_email_post_to_subs":false,"_jetpack_newsletter_tier_id":0,"_jetpack_memberships_contains_paywalled_content":false,"_jetpack_memberships_contains_paid_content":false,"footnotes":"","jetpack_publicize_message":"","jetpack_publicize_feature_enabled":true,"jetpack_social_post_already_shared":true,"jetpack_social_options":{"image_generator_settings":{"template":"highway","default_image_id":0,"font":"","enabled":false},"version":2}},"categories":[1],"tags":[52],"class_list":["post-1341","post","type-post","status-publish","format-standard","hentry","category-noticias","tag-redacao","item-wrap"],"jetpack_publicize_connections":[],"jetpack_featured_media_url":"","jetpack_sharing_enabled":true,"jetpack_shortlink":"https:\/\/wp.me\/p9uOP6-lD","jetpack_likes_enabled":true,"jetpack-related-posts":[{"id":1290,"url":"https:\/\/wp.ufpel.edu.br\/naaf\/2019\/02\/11\/expediente-interno-no-nuaad\/","url_meta":{"origin":1341,"position":0},"title":"Expediente interno no NUAAD","author":"naaf","date":"11\/02\/2019","format":false,"excerpt":"ATEN\u00c7\u00c3O!\u00a0A fim de liberar o mais breve poss\u00edvel o Relat\u00f3rio Preliminar da Chamada Regular do SISU n\u00e3o haver\u00e1 atendimento ao p\u00fablico no NUAAD nesta segunda-feira, 11 de fevereiro de 2019. Grata pela compreens\u00e3o Chefe do NUAAD","rel":"","context":"Em &quot;Not\u00edcias&quot;","block_context":{"text":"Not\u00edcias","link":"https:\/\/wp.ufpel.edu.br\/naaf\/category\/noticias\/"},"img":{"alt_text":"","src":"","width":0,"height":0},"classes":[]},{"id":1309,"url":"https:\/\/wp.ufpel.edu.br\/naaf\/2019\/02\/12\/relatorio-preliminar-1a-lista-de-espera-do-pave-2019-1\/","url_meta":{"origin":1341,"position":1},"title":"Relat\u00f3rio Preliminar \u2013 1\u00aa Lista de Espera do PAVE 2019\/1","author":"naaf","date":"12\/02\/2019","format":false,"excerpt":"ATEN\u00c7\u00c2O! Foi publicado, em 12\/02\/2019 o Relat\u00f3rio Preliminar da 1\u00aa Lista de Espera do PAVE 2019\/1. Confira no link abaixo: Relat\u00f3rio Preliminar PAVE \u2013 1\u00aa Lista de Espera \u2013 Parecer Cotas \u00c9tnico-Raciais 2019-1 (12 fevereiro 2019) \u00a0 Diretrizes: Recursos para Indeferimento PAVE 2019\/1 \u2013 1\u00aa Lista de Espera IMPORTANTE: Se\u2026","rel":"","context":"Em &quot;Not\u00edcias&quot;","block_context":{"text":"Not\u00edcias","link":"https:\/\/wp.ufpel.edu.br\/naaf\/category\/noticias\/"},"img":{"alt_text":"","src":"","width":0,"height":0},"classes":[]},{"id":1296,"url":"https:\/\/wp.ufpel.edu.br\/naaf\/2019\/02\/11\/relatorio-preliminar-chamada-regular-sisu-2019-1\/","url_meta":{"origin":1341,"position":2},"title":"Relat\u00f3rio Preliminar- Chamada Regular &#8211; SISU 2019\/1","author":"naaf","date":"11\/02\/2019","format":false,"excerpt":"ATEN\u00c7\u00c3O! Foi publicado o Relat\u00f3rio Preliminar da Chamada Regular- SISU. Para ter acesso clique sobre\u00a0 o link:\u00a0Relat\u00f3rio Preliminar SISU \u2013 Chamada Regular \u2013 Parecer Cotas \u00c9tnico-Raciais 2019-1 Diretrizes: Recursos para Indeferimento SISU 2019\/1 \u2013 Chamada Regular IMPORTANTE: Se o seu nome consta no\u00a0Relat\u00f3rio Preliminar do SISU 2019\/1\u00a0como INDEFERIDO e voc\u00ea\u2026","rel":"","context":"Em &quot;Not\u00edcias&quot;","block_context":{"text":"Not\u00edcias","link":"https:\/\/wp.ufpel.edu.br\/naaf\/category\/noticias\/"},"img":{"alt_text":"","src":"","width":0,"height":0},"classes":[]},{"id":476,"url":"https:\/\/wp.ufpel.edu.br\/naaf\/2018\/02\/16\/diretrizes-recursos-para-indeferimento-sisu-e-pave-2018\/","url_meta":{"origin":1341,"position":3},"title":"Diretrizes: Recursos  para Indeferimento SISU e PAVE &#8211; 2018","author":"naaf","date":"16\/02\/2018","format":false,"excerpt":"Se o seu nome consta no Relat\u00f3rio Preliminar do SISU 2018\/1 ou do PAVE\u00a0 como INDEFERIDO e voc\u00ea pretende entrar com Recurso, siga as diretrizes indicadas abaixo: Em caso de indeferimento o candidato(a) poder\u00e1 apresentar recurso por escrito e encaminh\u00e1-lo \u00e0 Comiss\u00e3o de Controle na Identifica\u00e7\u00e3o do Componente \u00c9tnico-racial \u2013\u2026","rel":"","context":"Em &quot;Not\u00edcias&quot;","block_context":{"text":"Not\u00edcias","link":"https:\/\/wp.ufpel.edu.br\/naaf\/category\/noticias\/"},"img":{"alt_text":"","src":"","width":0,"height":0},"classes":[]},{"id":1958,"url":"https:\/\/wp.ufpel.edu.br\/naaf\/2020\/02\/11\/relatorio-preliminar-da-avaliacao-etnico-racial-chamada-regular-sisu-2020-1\/","url_meta":{"origin":1341,"position":4},"title":"Relat\u00f3rio Preliminar da Avalia\u00e7\u00e3o \u00c9tnico-Racial \u2013 Chamada Regular SISU 2020\/1","author":"naaf","date":"11\/02\/2020","format":false,"excerpt":"Aten\u00e7\u00e3o ! Foi publicado o Relat\u00f3rio Preliminar da avalia\u00e7\u00e3o \u00e9tnico-racial para ingresso por cotas raciais no processo seletivo SISU 2020\/01 \u2013 Chamada Regular. Para ter acesso clique sobre o link: Relat\u00f3rio Preliminar SISU 2020\/1 - CHAMADA REGULAR Diretrizes para Recurso IMPORTANTE: Se o seu nome consta no\u00a0Relat\u00f3rio Preliminar\u00a0expedido pela\u00a0CCICE\/NUAAD\u00a0como\u00a0INDEFERIDO\u00a0e voc\u00ea\u2026","rel":"","context":"Em &quot;Not\u00edcias&quot;","block_context":{"text":"Not\u00edcias","link":"https:\/\/wp.ufpel.edu.br\/naaf\/category\/noticias\/"},"img":{"alt_text":"","src":"","width":0,"height":0},"classes":[]},{"id":3213,"url":"https:\/\/wp.ufpel.edu.br\/naaf\/2022\/05\/12\/formacao-para-bancas-de-heteroidentificacao\/","url_meta":{"origin":1341,"position":5},"title":"Forma\u00e7\u00e3o para Bancas de Heteroidentifica\u00e7\u00e3o","author":"nuaad","date":"12\/05\/2022","format":false,"excerpt":"As Bancas de Heteroidentifica\u00e7\u00e3o s\u00e3o de extrema import\u00e2ncia para garantia da entrada de estudantes negros e ind\u00edgenas pelas cotas de a\u00e7\u00f5es afirmativas em fun\u00e7\u00e3o de seu papel contra fraudes. Por\u00e9m, para sua funcionalidade plena, os integrantes da banca devem estar inteirados das discuss\u00f5es e produ\u00e7\u00f5es te\u00f3ricas de intelectuais n\u00e3o brancos\u2026","rel":"","context":"Em &quot;Not\u00edcias&quot;","block_context":{"text":"Not\u00edcias","link":"https:\/\/wp.ufpel.edu.br\/naaf\/category\/noticias\/"},"img":{"alt_text":"","src":"https:\/\/i0.wp.com\/wp.ufpel.edu.br\/naaf\/files\/2022\/05\/Formacao-Banca-400x400.png?resize=350%2C200&ssl=1","width":350,"height":200},"classes":[]}],"_links":{"self":[{"href":"https:\/\/wp.ufpel.edu.br\/naaf\/wp-json\/wp\/v2\/posts\/1341","targetHints":{"allow":["GET"]}}],"collection":[{"href":"https:\/\/wp.ufpel.edu.br\/naaf\/wp-json\/wp\/v2\/posts"}],"about":[{"href":"https:\/\/wp.ufpel.edu.br\/naaf\/wp-json\/wp\/v2\/types\/post"}],"author":[{"embeddable":true,"href":"https:\/\/wp.ufpel.edu.br\/naaf\/wp-json\/wp\/v2\/users\/781"}],"replies":[{"embeddable":true,"href":"https:\/\/wp.ufpel.edu.br\/naaf\/wp-json\/wp\/v2\/comments?post=1341"}],"version-history":[{"count":5,"href":"https:\/\/wp.ufpel.edu.br\/naaf\/wp-json\/wp\/v2\/posts\/1341\/revisions"}],"predecessor-version":[{"id":1347,"href":"https:\/\/wp.ufpel.edu.br\/naaf\/wp-json\/wp\/v2\/posts\/1341\/revisions\/1347"}],"wp:attachment":[{"href":"https:\/\/wp.ufpel.edu.br\/naaf\/wp-json\/wp\/v2\/media?parent=1341"}],"wp:term":[{"taxonomy":"category","embeddable":true,"href":"https:\/\/wp.ufpel.edu.br\/naaf\/wp-json\/wp\/v2\/categories?post=1341"},{"taxonomy":"post_tag","embeddable":true,"href":"https:\/\/wp.ufpel.edu.br\/naaf\/wp-json\/wp\/v2\/tags?post=1341"}],"curies":[{"name":"wp","href":"https:\/\/api.w.org\/{rel}","templated":true}]}}