{"id":1197,"date":"2019-01-11T10:20:40","date_gmt":"2019-01-11T12:20:40","guid":{"rendered":"https:\/\/wp.ufpel.edu.br\/naaf\/?p=1197"},"modified":"2022-03-29T10:39:51","modified_gmt":"2022-03-29T13:39:51","slug":"cotistas-esclarecam-suas-duvidas","status":"publish","type":"post","link":"https:\/\/wp.ufpel.edu.br\/naaf\/2019\/01\/11\/cotistas-esclarecam-suas-duvidas\/","title":{"rendered":"Informa\u00e7\u00f5es sobre NUAAD, cotas \u00e9tnico-raciais e heteroidentifica\u00e7\u00e3o."},"content":{"rendered":"<p>Se voc\u00ea \u00e9 aluno cotista ou vai acessar a UFPel por cotas \u00e9tnico-raciais, \u00e9 importante que se informe sobre algumas quest\u00f5es:<\/p>\n<p>1. Voc\u00ea sabe o que \u00e9 o N\u00facleo de A\u00e7\u00f5es Afirmativas e Diversidade (NUAAD)?<\/p>\n<p>Resposta:\u00a0<a href=\"https:\/\/youtu.be\/mohdzH6jmng\" target=\"_blank\" rel=\"noopener noreferrer\">Bem-vindo ao NUAAD<\/a><\/p>\n<p>2. Voc\u00ea tem d\u00favidas quanto ao acesso via PAVE?<\/p>\n<p>Resposta: Informe-se em <a href=\"https:\/\/youtu.be\/dSuY_WOBE9s\" target=\"_blank\" rel=\"noopener noreferrer\">Estudar na UFPel acessando a vaga via PAVE<\/a><\/p>\n<p>3. O que s\u00e3o a\u00e7\u00f5es afirmativas e para que servem?<\/p>\n<p>Resposta: Acesse em\u00a0<a href=\"https:\/\/youtu.be\/XuJ4aLnYTIU\" target=\"_blank\" rel=\"noopener noreferrer\">Afinal, o que s\u00e3o as a\u00e7\u00f5es afirmativas?<\/a><\/p>\n<p>4. O que \u00e9 a Comiss\u00e3o de Controle na Identifica\u00e7\u00e3o do Componente \u00c9tnico Racial\u00a0 &#8211;\u00a0 \u00a0CCICE\/UFPEL? E porque foi institu\u00edda?<\/p>\n<p>Resposta:\u00a0 \u00a0Informe-se em <a href=\"https:\/\/www.geledes.org.br\/wp-content\/uploads\/2019\/03\/Heteroidentificacao_livro_ed1-2018.pdf\">Nunes (2018)<\/a> (p. 11-30)<\/p>\n<p style=\"padding-left: 80px\">Acesse em <a href=\"https:\/\/wp.ufpel.edu.br\/naaf\/files\/2017\/09\/Portaria-0316_2017.pdf\" target=\"_blank\" rel=\"noopener noreferrer\">Portaria UFPel 0316\/2017<\/a><\/p>\n<p>&nbsp;<\/p>\n","protected":false},"excerpt":{"rendered":"<p>Se voc\u00ea \u00e9 aluno cotista ou vai acessar a UFPel por cotas \u00e9tnico-raciais, \u00e9 importante que se informe sobre algumas quest\u00f5es: 1. Voc\u00ea sabe o que \u00e9 o N\u00facleo de A\u00e7\u00f5es Afirmativas e Diversidade (NUAAD)? Resposta:\u00a0Bem-vindo ao NUAAD 2. Voc\u00ea tem d\u00favidas quanto ao acesso via PAVE? Resposta: Informe-se em Estudar na UFPel acessando a &hellip; <\/p>\n<p><a class=\"more-link btn\" href=\"https:\/\/wp.ufpel.edu.br\/naaf\/2019\/01\/11\/cotistas-esclarecam-suas-duvidas\/\">Continue lendo<\/a><\/p>\n","protected":false},"author":781,"featured_media":0,"comment_status":"closed","ping_status":"closed","sticky":false,"template":"","format":"standard","meta":{"jetpack_post_was_ever_published":false,"_jetpack_newsletter_access":"","_jetpack_dont_email_post_to_subs":false,"_jetpack_newsletter_tier_id":0,"_jetpack_memberships_contains_paywalled_content":false,"_jetpack_memberships_contains_paid_content":false,"footnotes":"","jetpack_publicize_message":"","jetpack_publicize_feature_enabled":true,"jetpack_social_post_already_shared":true,"jetpack_social_options":{"image_generator_settings":{"template":"highway","default_image_id":0,"font":"","enabled":false},"version":2}},"categories":[1],"tags":[32,6,54,53],"class_list":["post-1197","post","type-post","status-publish","format-standard","hentry","category-noticias","tag-processoespecialufpel","tag-heteroidentificacao","tag-pave","tag-sisu","item-wrap"],"jetpack_publicize_connections":[],"jetpack_featured_media_url":"","jetpack_sharing_enabled":true,"jetpack_shortlink":"https:\/\/wp.me\/p9uOP6-jj","jetpack_likes_enabled":true,"jetpack-related-posts":[{"id":2111,"url":"https:\/\/wp.ufpel.edu.br\/naaf\/2020\/07\/17\/nucleo-de-acoes-afirmativas-e-diversidade-informa-sobre-matricula-por-cota-etnico-racial-durante-periodo-da-pandemia-decorrente-do-coronavirus\/","url_meta":{"origin":1197,"position":0},"title":"N\u00facleo de A\u00e7\u00f5es Afirmativas e Diversidade informa sobre matr\u00edcula por cota \u00e9tnico-racial durante per\u00edodo da pandemia decorrente do coronav\u00edrus","author":"naaf","date":"17\/07\/2020","format":false,"excerpt":"O N\u00facleo de A\u00e7\u00f5es Afirmativas e Diversidade (NUAAD) informa que, em virtude da Emerg\u00eancia de Sa\u00fade P\u00fablica de Import\u00e2ncia Internacional decorrente da Covid-19, a avalia\u00e7\u00e3o da autodeclara\u00e7\u00e3o \u00e9tnico-racial, realizada por meio do procedimento de heteroidentifica\u00e7\u00e3o, ser\u00e1 realizada ap\u00f3s a retomada, pela UFPel, das atividades presenciais. Assim, a matr\u00edcula do(a) candidato(a)\u2026","rel":"","context":"Em &quot;Not\u00edcias&quot;","block_context":{"text":"Not\u00edcias","link":"https:\/\/wp.ufpel.edu.br\/naaf\/category\/noticias\/"},"img":{"alt_text":"","src":"","width":0,"height":0},"classes":[]},{"id":2043,"url":"https:\/\/wp.ufpel.edu.br\/naaf\/2020\/06\/05\/nota-as-comunidades-academica-e-externa\/","url_meta":{"origin":1197,"position":1},"title":"Nota \u00e0s comunidades acad\u00eamica e externa","author":"naaf","date":"05\/06\/2020","format":false,"excerpt":"Durante os \u00faltimos dias, o N\u00facleo de A\u00e7\u00f5es Afirmativas e Diversidade (NUAAD) tomou conhecimento de diversas den\u00fancias de eventuais fraudes no sistema de cotas \u00e9tnico-raciais da UFPel. Diante desta situa\u00e7\u00e3o, os servidores deste N\u00facleo voltaram suas aten\u00e7\u00f5es para os casos relatados, decidindo, em reuni\u00e3o no dia 04\/06\/2020, que ser\u00e1 criada\u2026","rel":"","context":"Em &quot;Not\u00edcias&quot;","block_context":{"text":"Not\u00edcias","link":"https:\/\/wp.ufpel.edu.br\/naaf\/category\/noticias\/"},"img":{"alt_text":"","src":"","width":0,"height":0},"classes":[]},{"id":767,"url":"https:\/\/wp.ufpel.edu.br\/naaf\/2018\/07\/05\/diretrizes-recursos-para-indeferimento-sisu-e-pave-2018_02-chamada-regular\/","url_meta":{"origin":1197,"position":2},"title":"Diretrizes: Recursos para Indeferimento SISU  e PAVE 2018_02 \u2013 CHAMADA REGULAR","author":"naaf","date":"05\/07\/2018","format":false,"excerpt":"Para ter acesso aos Relat\u00f3rios Preliminares dos ingressos por cotas raciais - Chamada Regular SISU ou PAVE acesse um dos links abaixo: Relat\u00f3rio Preliminar PAVE \u2013 Chamada Regular \u2013 Parecer Cotas \u00c9tnico-Raciais 2018-2 (05 julho 2018) Relat\u00f3rio Preliminar SISU \u2013 Chamada Regular \u2013 Parecer Cotas \u00c9tnico-Raciais 2018-2 (05 julho 2018)\u2026","rel":"","context":"Em &quot;Not\u00edcias&quot;","block_context":{"text":"Not\u00edcias","link":"https:\/\/wp.ufpel.edu.br\/naaf\/category\/noticias\/"},"img":{"alt_text":"","src":"","width":0,"height":0},"classes":[]},{"id":1928,"url":"https:\/\/wp.ufpel.edu.br\/naaf\/2020\/01\/27\/relatorio-preliminar-da-avaliacao-etnico-racial-chamada-regular-pave-2020-1\/","url_meta":{"origin":1197,"position":3},"title":"Relat\u00f3rio Preliminar da Avalia\u00e7\u00e3o \u00c9tnico-Racial \u2013 Chamada Regular  PAVE 2020\/1","author":"naaf","date":"27\/01\/2020","format":false,"excerpt":"Aten\u00e7\u00e3o ! Foi publicado o Relat\u00f3rio Preliminar da avalia\u00e7\u00e3o \u00e9tnico-racial para ingresso por cotas raciais no processo seletivo PAVE 2020\/01 - Chamada Regular. Para ter acesso clique sobre o link:Relat\u00f3rio Preliminar_PAVE 2020_1_Chamada Regular Diretrizes para Recurso IMPORTANTE: Se o seu nome consta no\u00a0Relat\u00f3rio Preliminar\u00a0expedido pela\u00a0CCICE\/NUAAD\u00a0como\u00a0INDEFERIDO\u00a0e voc\u00ea pretende interpor Recurso, siga\u2026","rel":"","context":"Em &quot;Not\u00edcias&quot;","block_context":{"text":"Not\u00edcias","link":"https:\/\/wp.ufpel.edu.br\/naaf\/category\/noticias\/"},"img":{"alt_text":"","src":"","width":0,"height":0},"classes":[]},{"id":1984,"url":"https:\/\/wp.ufpel.edu.br\/naaf\/2020\/03\/02\/relatorio-preliminar-da-avaliacao-etnico-racial-lista-de-espera-1a-convocacao-sisu-2020-1\/","url_meta":{"origin":1197,"position":4},"title":"Relat\u00f3rio Preliminar da Avalia\u00e7\u00e3o \u00c9tnico-Racial \u2013 Lista de Espera &#8211; 1\u00aa Convoca\u00e7\u00e3o SISU 2020\/1","author":"naaf","date":"02\/03\/2020","format":false,"excerpt":"Aten\u00e7\u00e3o ! Foi publicado o Relat\u00f3rio Preliminar da avalia\u00e7\u00e3o \u00e9tnico-racial para ingresso por cotas raciais no processo seletivo SISU 2020\/01 \u2013 Lista de Espera 1\u00aa Convoca\u00e7\u00e3o. Para ter acesso clique sobre o link: Relat\u00f3rio Preliminar - SISU 2020\/1 - Lista de Espera 1\u00aa Convoca\u00e7\u00e3o Diretrizes para Recurso IMPORTANTE: Se o\u2026","rel":"","context":"Em &quot;Not\u00edcias&quot;","block_context":{"text":"Not\u00edcias","link":"https:\/\/wp.ufpel.edu.br\/naaf\/category\/noticias\/"},"img":{"alt_text":"","src":"","width":0,"height":0},"classes":[]},{"id":1618,"url":"https:\/\/wp.ufpel.edu.br\/naaf\/2019\/06\/18\/relatorio-preliminar-chamada-regular-pave-2019-2\/","url_meta":{"origin":1197,"position":5},"title":"Relat\u00f3rio Preliminar \u2013 Chamada Regular PAVE 2019\/2","author":"naaf","date":"18\/06\/2019","format":false,"excerpt":"ATEN\u00c7\u00c3O! Foi publicado o Relat\u00f3rio Preliminar da avalia\u00e7\u00e3o \u00e9tnico-racial para o ingresso por cotas raciais no processo seletivo SISU 2019\/2 \u2013 Chamada Regular. Para ter acesso clique sobre\u00a0 o link: Relat\u00f3rio Preliminar PAVE 2019\/2 - Chamada Regular Diretrizes: Recursos para Indeferimento IMPORTANTE: Se o seu nome consta no\u00a0Relat\u00f3rio Preliminar acima\u00a0como\u2026","rel":"","context":"Em &quot;Not\u00edcias&quot;","block_context":{"text":"Not\u00edcias","link":"https:\/\/wp.ufpel.edu.br\/naaf\/category\/noticias\/"},"img":{"alt_text":"","src":"","width":0,"height":0},"classes":[]}],"_links":{"self":[{"href":"https:\/\/wp.ufpel.edu.br\/naaf\/wp-json\/wp\/v2\/posts\/1197","targetHints":{"allow":["GET"]}}],"collection":[{"href":"https:\/\/wp.ufpel.edu.br\/naaf\/wp-json\/wp\/v2\/posts"}],"about":[{"href":"https:\/\/wp.ufpel.edu.br\/naaf\/wp-json\/wp\/v2\/types\/post"}],"author":[{"embeddable":true,"href":"https:\/\/wp.ufpel.edu.br\/naaf\/wp-json\/wp\/v2\/users\/781"}],"replies":[{"embeddable":true,"href":"https:\/\/wp.ufpel.edu.br\/naaf\/wp-json\/wp\/v2\/comments?post=1197"}],"version-history":[{"count":5,"href":"https:\/\/wp.ufpel.edu.br\/naaf\/wp-json\/wp\/v2\/posts\/1197\/revisions"}],"predecessor-version":[{"id":2138,"href":"https:\/\/wp.ufpel.edu.br\/naaf\/wp-json\/wp\/v2\/posts\/1197\/revisions\/2138"}],"wp:attachment":[{"href":"https:\/\/wp.ufpel.edu.br\/naaf\/wp-json\/wp\/v2\/media?parent=1197"}],"wp:term":[{"taxonomy":"category","embeddable":true,"href":"https:\/\/wp.ufpel.edu.br\/naaf\/wp-json\/wp\/v2\/categories?post=1197"},{"taxonomy":"post_tag","embeddable":true,"href":"https:\/\/wp.ufpel.edu.br\/naaf\/wp-json\/wp\/v2\/tags?post=1197"}],"curies":[{"name":"wp","href":"https:\/\/api.w.org\/{rel}","templated":true}]}}