{"id":128,"date":"2017-09-10T19:17:24","date_gmt":"2017-09-10T22:17:24","guid":{"rendered":"https:\/\/wp.ufpel.edu.br\/museumaciel\/?p=128"},"modified":"2017-09-10T19:21:09","modified_gmt":"2017-09-10T22:21:09","slug":"11a-primavera-de-museus","status":"publish","type":"post","link":"https:\/\/wp.ufpel.edu.br\/museumaciel\/2017\/09\/10\/11a-primavera-de-museus\/","title":{"rendered":"11\u00aa Primavera dos Museus"},"content":{"rendered":"<div id=\"divCENTRO_DEFAULT\">\n<div id=\"divDEFAULT_Texto\" class=\"fontTexto1\">\n<p align=\"center\"><strong>Museus e suas mem\u00f3rias <\/strong><\/p>\n<p>De 18 a 24 de setembro, acontece a 11\u00aa Primavera dos Museus. Nessa edi\u00e7\u00e3o, mais de 900 museus de todo o pa\u00eds oferecem ao p\u00fablico 2.500 atividades especiais, como visitas mediadas, palestras, oficinas, exibi\u00e7\u00e3o de filmes e muito mais! <a href=\"http:\/\/guiadaprogramacao.museus.gov.br\/\">Confira a programa\u00e7\u00e3o<\/a>. Lembrando que o Museu Etnogr\u00e1fico da Col\u00f4nia Maciel preparou algums atividades especialmente para a 11\u00aa Primavera dos Museus.<\/p>\n<\/div>\n<\/div>\n<p><a href=\"https:\/\/wp.ufpel.edu.br\/museumaciel\/files\/2017\/09\/Capa_Facebook.png\"><img loading=\"lazy\" decoding=\"async\" class=\"aligncenter wp-image-131\" src=\"https:\/\/wp.ufpel.edu.br\/museumaciel\/files\/2017\/09\/Capa_Facebook-424x157.png\" alt=\"\" width=\"586\" height=\"217\" srcset=\"https:\/\/wp.ufpel.edu.br\/museumaciel\/files\/2017\/09\/Capa_Facebook-424x157.png 424w, https:\/\/wp.ufpel.edu.br\/museumaciel\/files\/2017\/09\/Capa_Facebook-212x78.png 212w, https:\/\/wp.ufpel.edu.br\/museumaciel\/files\/2017\/09\/Capa_Facebook-768x284.png 768w, https:\/\/wp.ufpel.edu.br\/museumaciel\/files\/2017\/09\/Capa_Facebook-600x222.png 600w, https:\/\/wp.ufpel.edu.br\/museumaciel\/files\/2017\/09\/Capa_Facebook.png 852w\" sizes=\"auto, (max-width: 586px) 100vw, 586px\" \/><\/a><\/p>\n<p>&nbsp;<\/p>\n","protected":false},"excerpt":{"rendered":"<p>Museus e suas mem\u00f3rias De 18 a 24 de setembro, acontece a 11\u00aa Primavera dos Museus. Nessa edi\u00e7\u00e3o, mais de 900 museus de todo o pa\u00eds oferecem ao p\u00fablico 2.500 atividades especiais, como visitas mediadas, palestras, oficinas, exibi\u00e7\u00e3o de filmes&#8230; <a class=\"more-link\" href=\"https:\/\/wp.ufpel.edu.br\/museumaciel\/2017\/09\/10\/11a-primavera-de-museus\/\">Continue lendo &rarr;<\/a><\/p>\n","protected":false},"author":493,"featured_media":0,"comment_status":"closed","ping_status":"closed","sticky":false,"template":"","format":"standard","meta":{"footnotes":""},"categories":[18],"tags":[],"class_list":["post-128","post","type-post","status-publish","format-standard","hentry","category-sem-categoria"],"jetpack_featured_media_url":"","_links":{"self":[{"href":"https:\/\/wp.ufpel.edu.br\/museumaciel\/wp-json\/wp\/v2\/posts\/128","targetHints":{"allow":["GET"]}}],"collection":[{"href":"https:\/\/wp.ufpel.edu.br\/museumaciel\/wp-json\/wp\/v2\/posts"}],"about":[{"href":"https:\/\/wp.ufpel.edu.br\/museumaciel\/wp-json\/wp\/v2\/types\/post"}],"author":[{"embeddable":true,"href":"https:\/\/wp.ufpel.edu.br\/museumaciel\/wp-json\/wp\/v2\/users\/493"}],"replies":[{"embeddable":true,"href":"https:\/\/wp.ufpel.edu.br\/museumaciel\/wp-json\/wp\/v2\/comments?post=128"}],"version-history":[{"count":4,"href":"https:\/\/wp.ufpel.edu.br\/museumaciel\/wp-json\/wp\/v2\/posts\/128\/revisions"}],"predecessor-version":[{"id":135,"href":"https:\/\/wp.ufpel.edu.br\/museumaciel\/wp-json\/wp\/v2\/posts\/128\/revisions\/135"}],"wp:attachment":[{"href":"https:\/\/wp.ufpel.edu.br\/museumaciel\/wp-json\/wp\/v2\/media?parent=128"}],"wp:term":[{"taxonomy":"category","embeddable":true,"href":"https:\/\/wp.ufpel.edu.br\/museumaciel\/wp-json\/wp\/v2\/categories?post=128"},{"taxonomy":"post_tag","embeddable":true,"href":"https:\/\/wp.ufpel.edu.br\/museumaciel\/wp-json\/wp\/v2\/tags?post=128"}],"curies":[{"name":"wp","href":"https:\/\/api.w.org\/{rel}","templated":true}]}}