{"id":1927,"date":"2021-09-14T13:04:35","date_gmt":"2021-09-14T16:04:35","guid":{"rendered":"https:\/\/wp.ufpel.edu.br\/museologia\/?p=1927"},"modified":"2021-09-14T13:09:00","modified_gmt":"2021-09-14T16:09:00","slug":"concurso-nova-logomarca","status":"publish","type":"post","link":"https:\/\/wp.ufpel.edu.br\/museologia\/2021\/09\/14\/concurso-nova-logomarca\/","title":{"rendered":"Concurso Nova Logomarca"},"content":{"rendered":"<p>O Curso de Museologia da UFPel, convida a comunidade interna para participar do concurso que selecionar\u00e1 a sua nova logomarca. As inscri\u00e7\u00f5es est\u00e3o abertas de 14 a 26 de setembro de 2021.<\/p>\n<p>DOS REQUISITOS:<\/p>\n<p>&#8211; Podem participar deste concurso os estudantes, os professores e a servidora t\u00e9cnico-administrativa do Curso de Museologia da UFPel, com, no m\u00e1ximo, tr\u00eas propostas por pessoa.<\/p>\n<p>DAS INSCRI\u00c7\u00d5ES:<\/p>\n<p>Exclusivamente via formul\u00e1rio (https:\/\/forms.gle\/4vYyVRJ5SvNWiFRUA), contendo as seguintes informa\u00e7\u00f5es e arquivos:<\/p>\n<p>&#8211; E-mail;<\/p>\n<p>&#8211; Nome completo;<\/p>\n<p>&#8211; N\u00famero de matr\u00edcula;<\/p>\n<p>&#8211; Breve texto conceitual da logo;<\/p>\n<p>&#8211; Arquivo em formato vetorial, com extens\u00e3o .CDR [CorelDRAW], .AI [Adobe Illustrator] ou .PSD [Adobe Photoshop];<\/p>\n<p>&#8211; Arquivo digital, com extens\u00e3o em .JPEG [Joint Pictures Expert Group] ou .PNG [Portable Network Graphics];<\/p>\n<p>&#8211; Termo de Cess\u00e3o de Direitos Autorais, preenchido e assinado, com identifica\u00e7\u00e3o de autoria no formato PDF.<\/p>\n<p>Modelo dispon\u00edvel: https:\/\/docs.google.com\/document\/d\/1pML9tBex9X2vQcjZDbf_ZOmLHoASUikm\/edit.<\/p>\n<p>DA PREMIA\u00c7\u00c3O:<\/p>\n<p>&#8211; Certificado de reconhecimento, emitido em nome do Colegiado, pela contribui\u00e7\u00e3o para o crescimento e valoriza\u00e7\u00e3o do Curso de Museologia da UFPel;<\/p>\n<p>&#8211; Lan\u00e7amento oficial, em formato de conversa virtual, com o(a) criador(a) da logo selecionada, no canal do Curso, no YouTube.<\/p>\n<p>D\u00daVIDAS:<\/p>\n<p>Atrav\u00e9s do e-mail: museologiaufpel@yahoo.com.br<\/p>\n","protected":false},"excerpt":{"rendered":"<p>O Curso de Museologia da UFPel, convida a comunidade interna para participar do concurso que selecionar\u00e1 a sua nova logomarca. As inscri\u00e7\u00f5es est\u00e3o abertas de 14 a 26 de setembro de 2021. DOS REQUISITOS: &#8211; Podem participar deste concurso os estudantes, os professores e a servidora t\u00e9cnico-administrativa do Curso de Museologia da UFPel, com, no [&hellip;]<\/p>\n","protected":false},"author":1056,"featured_media":0,"comment_status":"closed","ping_status":"closed","sticky":false,"template":"","format":"standard","meta":{"footnotes":""},"categories":[1],"tags":[],"class_list":["post-1927","post","type-post","status-publish","format-standard","hentry","category-noticias"],"jetpack_featured_media_url":"","_links":{"self":[{"href":"https:\/\/wp.ufpel.edu.br\/museologia\/wp-json\/wp\/v2\/posts\/1927","targetHints":{"allow":["GET"]}}],"collection":[{"href":"https:\/\/wp.ufpel.edu.br\/museologia\/wp-json\/wp\/v2\/posts"}],"about":[{"href":"https:\/\/wp.ufpel.edu.br\/museologia\/wp-json\/wp\/v2\/types\/post"}],"author":[{"embeddable":true,"href":"https:\/\/wp.ufpel.edu.br\/museologia\/wp-json\/wp\/v2\/users\/1056"}],"replies":[{"embeddable":true,"href":"https:\/\/wp.ufpel.edu.br\/museologia\/wp-json\/wp\/v2\/comments?post=1927"}],"version-history":[{"count":2,"href":"https:\/\/wp.ufpel.edu.br\/museologia\/wp-json\/wp\/v2\/posts\/1927\/revisions"}],"predecessor-version":[{"id":1929,"href":"https:\/\/wp.ufpel.edu.br\/museologia\/wp-json\/wp\/v2\/posts\/1927\/revisions\/1929"}],"wp:attachment":[{"href":"https:\/\/wp.ufpel.edu.br\/museologia\/wp-json\/wp\/v2\/media?parent=1927"}],"wp:term":[{"taxonomy":"category","embeddable":true,"href":"https:\/\/wp.ufpel.edu.br\/museologia\/wp-json\/wp\/v2\/categories?post=1927"},{"taxonomy":"post_tag","embeddable":true,"href":"https:\/\/wp.ufpel.edu.br\/museologia\/wp-json\/wp\/v2\/tags?post=1927"}],"curies":[{"name":"wp","href":"https:\/\/api.w.org\/{rel}","templated":true}]}}