{"id":1034,"date":"2017-04-04T08:41:04","date_gmt":"2017-04-04T11:41:04","guid":{"rendered":"https:\/\/museologiaufpel.wordpress.com\/?p=1034"},"modified":"2017-04-04T08:41:04","modified_gmt":"2017-04-04T11:41:04","slug":"calendario-academico-2017","status":"publish","type":"post","link":"https:\/\/wp.ufpel.edu.br\/museologia\/2017\/04\/04\/calendario-academico-2017\/","title":{"rendered":"Calend\u00e1rio Acad\u00eamico 2017"},"content":{"rendered":"<p>No dia 07\/04 inicia o per\u00edodo para solicita\u00e7\u00e3o de matr\u00edcula <em>on-line<\/em> 2017\/1.<\/p>\n<p>Fiquem atentos aos prazos!<\/p>\n<p><a title=\"Calend\u00e1rio UFPEL_2017\" href=\"https:\/\/wp.ufpel.edu.br\/museologia\/files\/2017\/04\/calendc3a1rio-ufpel_2017.docx\">Calend\u00e1rio UFPEL_2017<\/a><\/p>\n","protected":false},"excerpt":{"rendered":"<p>No dia 07\/04 inicia o per\u00edodo para solicita\u00e7\u00e3o de matr\u00edcula on-line 2017\/1. Fiquem atentos aos prazos! Calend\u00e1rio UFPEL_2017<\/p>\n","protected":false},"author":1056,"featured_media":0,"comment_status":"open","ping_status":"open","sticky":false,"template":"","format":"standard","meta":{"footnotes":""},"categories":[2],"tags":[],"class_list":["post-1034","post","type-post","status-publish","format-standard","hentry","category-uncategorized"],"jetpack_featured_media_url":"","_links":{"self":[{"href":"https:\/\/wp.ufpel.edu.br\/museologia\/wp-json\/wp\/v2\/posts\/1034","targetHints":{"allow":["GET"]}}],"collection":[{"href":"https:\/\/wp.ufpel.edu.br\/museologia\/wp-json\/wp\/v2\/posts"}],"about":[{"href":"https:\/\/wp.ufpel.edu.br\/museologia\/wp-json\/wp\/v2\/types\/post"}],"author":[{"embeddable":true,"href":"https:\/\/wp.ufpel.edu.br\/museologia\/wp-json\/wp\/v2\/users\/1056"}],"replies":[{"embeddable":true,"href":"https:\/\/wp.ufpel.edu.br\/museologia\/wp-json\/wp\/v2\/comments?post=1034"}],"version-history":[{"count":0,"href":"https:\/\/wp.ufpel.edu.br\/museologia\/wp-json\/wp\/v2\/posts\/1034\/revisions"}],"wp:attachment":[{"href":"https:\/\/wp.ufpel.edu.br\/museologia\/wp-json\/wp\/v2\/media?parent=1034"}],"wp:term":[{"taxonomy":"category","embeddable":true,"href":"https:\/\/wp.ufpel.edu.br\/museologia\/wp-json\/wp\/v2\/categories?post=1034"},{"taxonomy":"post_tag","embeddable":true,"href":"https:\/\/wp.ufpel.edu.br\/museologia\/wp-json\/wp\/v2\/tags?post=1034"}],"curies":[{"name":"wp","href":"https:\/\/api.w.org\/{rel}","templated":true}]}}