{"id":6,"date":"2013-07-12T20:56:07","date_gmt":"2013-07-12T23:56:07","guid":{"rendered":"https:\/\/wp.ufpel.edu.br\/morfologia\/?p=6"},"modified":"2020-09-04T10:40:53","modified_gmt":"2020-09-04T13:40:53","slug":"pagina-oficial-do-departamento-de-morfologia","status":"publish","type":"post","link":"https:\/\/wp.ufpel.edu.br\/morfologia\/2013\/07\/12\/pagina-oficial-do-departamento-de-morfologia\/","title":{"rendered":"P\u00e1gina oficial do Departamento de Morfologia"},"content":{"rendered":"<p>Seja bem vindo!<\/p>\n<p><strong>Breve Hist\u00f3rico &#8211; <\/strong><\/p>\n<p style=\"text-align: justify\">\u00a0 \u00a0 \u00a0 \u00a0 \u00a0 \u00a0 \u00a0 O Departamento de Morfologia est\u00e1 lotado no Instituto de Biologia que foi criado atrav\u00e9s do Artigo 84, Inciso II do Regimento Geral da Universidade Federal de Pelotas publicado no Di\u00e1rio Oficial da Uni\u00e3o de 22.04.77\u00a0 (p\u00e1gina 4.648). No artigo 85, inciso IV est\u00e3o previstos os departamentos como um dos componentes da estrutura do Instituto, assim como suas instala\u00e7\u00f5es (Inciso V), servi\u00e7os pr\u00f3prios e outros comuns a seus departamentos. E sua finalidade espec\u00edfica est\u00e1 prevista no Artigo 86, a saber:<\/p>\n<ul>\n<li><em>Art.86 \u2013 Os Instituto t\u00eam por finalidade espec\u00edfica:<\/em><\/li>\n<li><em>I ministrar, no campo de sua especialidade, o ensino b\u00e1sico e de gradua\u00e7\u00e3o;<\/em><\/li>\n<li><em>II ministrar, no seu campo, o ensino de especializa\u00e7\u00e3o e p\u00f3s-gradua\u00e7\u00e3o;<\/em><\/li>\n<li><em>III desenvolver e coordenar planos de pesquisa e extens\u00e3o;<\/em><\/li>\n<\/ul>\n<p style=\"text-align: justify\">\u00a0 \u00a0 \u00a0 \u00a0 \u00a0 \u00a0 \u00a0 \u00a0 O Departamento de Morfologia que j\u00e1 esteve sediado nas infraestruturas f\u00edsicas localizadas na Faculdade de Odontologia (laborat\u00f3rio de aulas pr\u00e1ticas de histologia de tecidos e de sistemas com 25 microsc\u00f3pios mono e binoculares e sala de perman\u00eancia de docentes no 7\u00ba andar), do Campus Universit\u00e1rio do Cap\u00e3o do Le\u00e3o (inicialmente pr\u00e9dio ocupado pela Anatomia e Histologia que migraram para a Faculdade de Medicina sendo o espa\u00e7o ocupado pela \u00e1rea de Anatomia dos Animais Dom\u00e9sticos, de Produ\u00e7\u00e3o e Silvestres\/Selvagens) e na Faculdade de Medicina (Anatomia Humana, Biologia Celular, Histologia e Anatomia do Desenvolvimento), atualmente est\u00e1 localizado nos dois \u00faltimos Campi. Na Faculdade de Medicina esteve localizado no pr\u00e9dio hist\u00f3rico administrativo (andar t\u00e9rreo com salas de docentes laterais ao acesso do pr\u00e9dio e do fundo onde estavam o laborat\u00f3rio de preparo de l\u00e2minas, a sala de aulas pr\u00e1ticas com 25 microsc\u00f3pios monoculares e duas salas anexas onde ficavam os docentes), na atual biblioteca (ao fundo com acesso pela porta de sa\u00edda de emerg\u00eancia com 80 microsc\u00f3pios binoculares), no andar inferior da antiga Faculdade de Enfermagem (sala de perman\u00eancia de docentes da \u00e1rea de anatomia, secretaria, sala de cubas e dos t\u00e9cnicos da \u00e1rea, duas salas de aulas te\u00f3ricas, banheiro com acessibilidade, dois banheiros \u2013 um masculino e outro feminino, sala de escultura dent\u00e1ria e de apoio, com banheiro de emerg\u00eancia, ap\u00f3s a reforma planejada e executada de 2006 a 2011) e, posteriormente, no andar superior desse pr\u00e9dio (Anatomia do Desenvolvimento, Biologia Celular e Histologia) ap\u00f3s a sa\u00edda da referida Faculdade para o Campus Porto. Atualmente o Departamento est\u00e1 localizado no andar t\u00e9rreo e superior do pr\u00e9dio anteriormente dividido com a Faculdade de Enfermagem onde est\u00e3o localizadas os recursos humanos docentes e t\u00e9cnico administrativos que atendem as disciplinas das \u00e1reas de Anatomia Humana, Biologia Celular (Citologia), Anatomia do Desenvolvimento (Embriologia) e Histologia Geral e dos Sistemas.<\/p>\n<p style=\"text-align: justify\">\u00a0 \u00a0 \u00a0 \u00a0 \u00a0 \u00a0 \u00a0 \u00a0 \u00a0 \u00a0 \u00a0 \u00a0 \u00a0Atrav\u00e9s da oferta dessas disciplinas b\u00e1sicas\u00a0\u00a0 (at\u00e9 55 semestralmente) para o Ensino de Gradua\u00e7\u00e3o s\u00e3o atendidos em m\u00e9dia semestralmente cerca de 1.200 matr\u00edculas\u00a0 (2.400 por ano) dos Cursos de Gradua\u00e7\u00e3o em Medicina, Enfermagem, Terapia Ocupacional, Psicologia, Educa\u00e7\u00e3o F\u00edsica \u2013 Bel. e Lic., Odontologia, Nutri\u00e7\u00e3o, Dan\u00e7a, Qu\u00edmica Forense, Zootecnia, Farm\u00e1cia e os pr\u00f3prios Cursos do Instituto que s\u00e3o a licenciatura e o bacharelado em Ci\u00eancias Biol\u00f3gicas. Os docentes tamb\u00e9m participam do Ensino de P\u00f3s-Gradua\u00e7\u00e3o em outras Unidades da UFPEL, assim como realizam atividades de extens\u00e3o e pesquisa apoiados pelos t\u00e9cnicos do Departamento, que possuem ensino m\u00e9dio, gradua\u00e7\u00e3o e mesmo p\u00f3s-gradua\u00e7\u00e3o \u2013 Mestrado e Doutorado.<\/p>\n<p><a href=\"https:\/\/wp.ufpel.edu.br\/morfologia\/files\/2013\/07\/DSC04130.jpg\"><img loading=\"lazy\" decoding=\"async\" class=\"aligncenter\" src=\"https:\/\/wp.ufpel.edu.br\/morfologia\/files\/2013\/07\/DSC04130-300x225.jpg\" alt=\"Pr\u00e9dio Morfologia Av. Duque de Caxias, 250 Fragata\" width=\"300\" height=\"225\" \/><\/a><\/p>\n<p>Pr\u00e9dio Morfologia<\/p>\n<p>Departamento de Morfologia, Campus da Faculdade de Medicina, Avenida Duque de Caxias, 250 Fragata CEP 96030-000<br \/>\nPelotas &#8211; RS,\u00a0dmib_ufpel@hotmail.com,\u00a0<i class=\"dashicons dashicons-phone\"><\/i>\u00a0+55 (53)\u00a0 3310 1810 ou 3310 1808<\/p>\n<p style=\"text-align: center\">ou<\/p>\n<p style=\"text-align: justify\">Departamento de Morfologia, Campus Universit\u00e1rio do Cap\u00e3o do Le\u00e3o, Travessa Andr\u00e9 Dreyfuss, s\/n, Pr\u00e9dio 24, \u00e1rea de Anatomia dos Animais Dom\u00e9sticos, de Produ\u00e7\u00e3o e Silvestres (Selvagens) CEP CEP 96010-900<br \/>\nCap\u00e3o do Le\u00e3o &#8211; RS\u00a0<i class=\"dashicons dashicons-phone\"><\/i> +55 (53) 3275-7335<\/p>\n<p>https:\/\/wp.ufpel.edu.br\/ib\/<\/p>\n","protected":false},"excerpt":{"rendered":"<p>Seja bem vindo! Breve Hist\u00f3rico &#8211; \u00a0 \u00a0 \u00a0 \u00a0 \u00a0 \u00a0 \u00a0 O Departamento de Morfologia est\u00e1 lotado no Instituto de Biologia que foi criado atrav\u00e9s do Artigo 84, Inciso II do Regimento Geral da Universidade Federal de Pelotas &hellip; <a href=\"https:\/\/wp.ufpel.edu.br\/morfologia\/2013\/07\/12\/pagina-oficial-do-departamento-de-morfologia\/\">Continue lendo <span class=\"meta-nav\">&rarr;<\/span><\/a><\/p>\n","protected":false},"author":288,"featured_media":0,"comment_status":"closed","ping_status":"closed","sticky":false,"template":"","format":"standard","meta":{"footnotes":""},"categories":[18],"tags":[],"class_list":["post-6","post","type-post","status-publish","format-standard","hentry","category-sem-categoria"],"jetpack_featured_media_url":"","_links":{"self":[{"href":"https:\/\/wp.ufpel.edu.br\/morfologia\/wp-json\/wp\/v2\/posts\/6","targetHints":{"allow":["GET"]}}],"collection":[{"href":"https:\/\/wp.ufpel.edu.br\/morfologia\/wp-json\/wp\/v2\/posts"}],"about":[{"href":"https:\/\/wp.ufpel.edu.br\/morfologia\/wp-json\/wp\/v2\/types\/post"}],"author":[{"embeddable":true,"href":"https:\/\/wp.ufpel.edu.br\/morfologia\/wp-json\/wp\/v2\/users\/288"}],"replies":[{"embeddable":true,"href":"https:\/\/wp.ufpel.edu.br\/morfologia\/wp-json\/wp\/v2\/comments?post=6"}],"version-history":[{"count":17,"href":"https:\/\/wp.ufpel.edu.br\/morfologia\/wp-json\/wp\/v2\/posts\/6\/revisions"}],"predecessor-version":[{"id":184,"href":"https:\/\/wp.ufpel.edu.br\/morfologia\/wp-json\/wp\/v2\/posts\/6\/revisions\/184"}],"wp:attachment":[{"href":"https:\/\/wp.ufpel.edu.br\/morfologia\/wp-json\/wp\/v2\/media?parent=6"}],"wp:term":[{"taxonomy":"category","embeddable":true,"href":"https:\/\/wp.ufpel.edu.br\/morfologia\/wp-json\/wp\/v2\/categories?post=6"},{"taxonomy":"post_tag","embeddable":true,"href":"https:\/\/wp.ufpel.edu.br\/morfologia\/wp-json\/wp\/v2\/tags?post=6"}],"curies":[{"name":"wp","href":"https:\/\/api.w.org\/{rel}","templated":true}]}}