{"id":576,"date":"2024-08-19T17:00:59","date_gmt":"2024-08-19T20:00:59","guid":{"rendered":"https:\/\/wp.ufpel.edu.br\/midiars\/?p=576"},"modified":"2024-08-19T17:01:17","modified_gmt":"2024-08-19T20:01:17","slug":"midiars-no-alaic-2024","status":"publish","type":"post","link":"https:\/\/wp.ufpel.edu.br\/midiars\/2024\/08\/19\/midiars-no-alaic-2024\/","title":{"rendered":"MIDIARS no ALAIC 2024"},"content":{"rendered":"<p>Nesta \u00faltima semana, o pesquisador p\u00f3s doutorando <strong>Guilherme Curi,<\/strong> do MIDIARS e do <a href=\"https:\/\/inctdsi.uff.br\/\">INCT\/DSI<\/a> apresentou parte dos resultados de sua pesquisa &#8220;Desinforma\u00e7\u00e3o e Jornalismo em Plataformas Digitais&#8221; no <a href=\"https:\/\/alaic.org\/pt\/congresos\/xvii-congreso-alaic-2024\/\">XVII Congresso Latino-Americano de Pesquisa em Comunica\u00e7\u00e3o<\/a>.<\/p>\n<p>O trabalho do pesquisador foca \u00a0not\u00edcias e reportagens de ve\u00edculos de jornalismo tradicional argentinos e brasileiros (La Naci\u00f3n, Clar\u00edn, El Cronista; Estad\u00e3o, Folha de S\u00e3o Paulo e O Antagonista) publicadas nas p\u00e1ginas oficiais do Facebook e Instagram no contexto das \u00faltimas elei\u00e7\u00f5es presidenciais na Argentina (2023) e no Brasil (2022). Neste contexto, a pesquisa busca tamb\u00e9m\u00a0 verificar se a estrutura e a l\u00f3gica das plataformas digitais s\u00e3o compat\u00edveis com o jornalismo comprometido com a verdade factual e valores sociais, \u00e9ticos e morais constitutivos do fazer jornal\u00edstico torna-se um ponto de extrema relev\u00e2ncia para a sobreviv\u00eancia da democracia e quest\u00f5es relativas \u00e0 soberania informacional no Sul Global.<\/p>\n<p>&nbsp;<\/p>\n<p>&nbsp;<\/p>\n<p>&nbsp;<\/p>\n","protected":false},"excerpt":{"rendered":"<p>Nesta \u00faltima semana, o pesquisador p\u00f3s doutorando Guilherme Curi, do MIDIARS e do INCT\/DSI apresentou parte dos resultados de sua pesquisa &#8220;Desinforma\u00e7\u00e3o e Jornalismo em Plataformas Digitais&#8221; no XVII Congresso Latino-Americano de Pesquisa em Comunica\u00e7\u00e3o. O trabalho do pesquisador foca \u00a0not\u00edcias e reportagens de ve\u00edculos de jornalismo tradicional argentinos e brasileiros (La Naci\u00f3n, Clar\u00edn, El &hellip; <\/p>\n<p><a class=\"more-link btn\" href=\"https:\/\/wp.ufpel.edu.br\/midiars\/2024\/08\/19\/midiars-no-alaic-2024\/\">Continue lendo<\/a><\/p>\n","protected":false},"author":867,"featured_media":0,"comment_status":"closed","ping_status":"closed","sticky":false,"template":"","format":"standard","meta":{"footnotes":""},"categories":[10],"tags":[],"class_list":["post-576","post","type-post","status-publish","format-standard","hentry","category-divulgacao-cientifica","item-wrap"],"jetpack_featured_media_url":"","_links":{"self":[{"href":"https:\/\/wp.ufpel.edu.br\/midiars\/wp-json\/wp\/v2\/posts\/576","targetHints":{"allow":["GET"]}}],"collection":[{"href":"https:\/\/wp.ufpel.edu.br\/midiars\/wp-json\/wp\/v2\/posts"}],"about":[{"href":"https:\/\/wp.ufpel.edu.br\/midiars\/wp-json\/wp\/v2\/types\/post"}],"author":[{"embeddable":true,"href":"https:\/\/wp.ufpel.edu.br\/midiars\/wp-json\/wp\/v2\/users\/867"}],"replies":[{"embeddable":true,"href":"https:\/\/wp.ufpel.edu.br\/midiars\/wp-json\/wp\/v2\/comments?post=576"}],"version-history":[{"count":2,"href":"https:\/\/wp.ufpel.edu.br\/midiars\/wp-json\/wp\/v2\/posts\/576\/revisions"}],"predecessor-version":[{"id":579,"href":"https:\/\/wp.ufpel.edu.br\/midiars\/wp-json\/wp\/v2\/posts\/576\/revisions\/579"}],"wp:attachment":[{"href":"https:\/\/wp.ufpel.edu.br\/midiars\/wp-json\/wp\/v2\/media?parent=576"}],"wp:term":[{"taxonomy":"category","embeddable":true,"href":"https:\/\/wp.ufpel.edu.br\/midiars\/wp-json\/wp\/v2\/categories?post=576"},{"taxonomy":"post_tag","embeddable":true,"href":"https:\/\/wp.ufpel.edu.br\/midiars\/wp-json\/wp\/v2\/tags?post=576"}],"curies":[{"name":"wp","href":"https:\/\/api.w.org\/{rel}","templated":true}]}}