{"id":514,"date":"2023-06-14T17:28:59","date_gmt":"2023-06-14T20:28:59","guid":{"rendered":"https:\/\/wp.ufpel.edu.br\/midiars\/?p=514"},"modified":"2023-06-14T17:28:59","modified_gmt":"2023-06-14T20:28:59","slug":"midiars-no-inct-dsi","status":"publish","type":"post","link":"https:\/\/wp.ufpel.edu.br\/midiars\/2023\/06\/14\/midiars-no-inct-dsi\/","title":{"rendered":"MIDIARS no INCT\/DSI"},"content":{"rendered":"<p dir=\"ltr\"><img loading=\"lazy\" decoding=\"async\" class=\"size-medium wp-image-516 alignleft\" src=\"https:\/\/wp.ufpel.edu.br\/midiars\/files\/2023\/06\/inct-395x400.jpg\" alt=\"\" width=\"395\" height=\"400\" srcset=\"https:\/\/wp.ufpel.edu.br\/midiars\/files\/2023\/06\/inct-395x400.jpg 395w, https:\/\/wp.ufpel.edu.br\/midiars\/files\/2023\/06\/inct.jpg 592w\" sizes=\"auto, (max-width: 395px) 100vw, 395px\" \/>O MIDIARS faz parte, atrav\u00e9s de sua coordenadora Raquel Recuero e seus pesquisadores associados, do <strong>novo INCT aprovado recentemente pelo CNPq.<\/strong> Trata-se do <a href=\"https:\/\/www.instagram.com\/inctdsi\/\">Instituto Nacional de Ci\u00eancia e Tecnologia em Disputas e Soberanias Informacionais (INCT-DSI)<\/a>.\u00a0 O INCT\/DSI \u00e9 sediado na UFF, no Rio de Janeiro, e coordenado pelos pesquisadores Afonso Albuquerque (UFF) e por Jamil Marques (UFPR). O\u00a0 instituto\u00a0 busca <strong>identificar que problemas as din\u00e2micas relacionadas ao trato com a informa\u00e7\u00e3o em escala global i<\/strong>mp\u00f5e do ponto de vista da soberania nacional. Ao investigar a no\u00e7\u00e3o de soberania informacional, a proposta refor\u00e7a a capacidade do pa\u00eds em criar pol\u00edticas de combate para a circula\u00e7\u00e3o de informa\u00e7\u00f5es danosas em seu territ\u00f3rio, sobretudo por conta da ampla difus\u00e3o de plataformas de comunica\u00e7\u00e3o digital.<\/p>\n<p dir=\"ltr\">Dentro do novo INCT, h\u00e1 tr\u00eas eixos de pesquisa,\u00a0 focados em (<strong>1) Soberania cient\u00edfica; (2) Soberania e plataformas digitais e (3) Soberania e m\u00eddias tradicionais.<\/strong>\u00a0 O MIDIARS est\u00e1 vinculado \u00e0 linha de investiga\u00e7\u00f5es sobre soberania e plataformas digitais, da qual Recuero \u00e9 coordenadora. Neste sentido, as pesquisas desenvolvidas pelo grupo que buscam compreender os fen\u00f4menos desinformativos est\u00e3o alinhadas com os objetivos do INCT e com o debate na \u00e1rea sobre regula\u00e7\u00e3o das plataformas.<\/p>\n<p dir=\"ltr\">O instituto conta, atualmente, com mais de 25 pesquisadores de mais de 10 institui\u00e7\u00f5es no Brasil e no Exterior e cinco projetos conjuntos de pesquisa.<\/p>\n<h3 dir=\"ltr\"><strong>Projeto\u00a0 Fen\u00f4menos desinformativos no sul global<\/strong><\/h3>\n<p dir=\"ltr\">O primeiro projeto que o MIDIARS desenvolve junto ao INCT \u00e9\u00a0 o &#8220;Fen\u00f4menos desinformativos no sul global&#8221;.\u00a0 O projeto \u00e9 desenvolvido em parceria entre v\u00e1rios pesquisadores do INCT-DSI e a equipe \u00e9 formada por <strong>Raquel Recuero (UFPEL\/UFRGS) &#8211; coordenadora; Camilla Tavares (UFMA); Marcelo Alves (PUC-RJ); Rafael Grohmann (University of Toronto) e Marco Bastos (University College Dublin).<\/strong><\/p>\n<p dir=\"ltr\">O objetivo do projeto \u00e9 c<strong>ompreender estrat\u00e9gias, tipologias, atores, ind\u00fastrias e o papel das plataformas nos processos desinformativos no Sul Global,<\/strong> na busca de constru\u00e7\u00e3o de fundamentos te\u00f3ricos que se liguem \u00e0s realidades desses pa\u00edses. Inicialmente, foca-se nos processos eleitorais do Brasil e de outros pa\u00edses do Sul. Na sequ\u00eancia, tamb\u00e9m engloba o estudo da desinforma\u00e7\u00e3o cient\u00edfica, em sa\u00fade p\u00fablica e os fen\u00f4menos correlatos \u00e0 <strong>desinforma\u00e7\u00e3o, como polariza\u00e7\u00e3o, radicaliza\u00e7\u00e3o e viol\u00eancia<\/strong> advindos desses processos nas plataformas digitais, al\u00e9m dos processos de checagem desses conte\u00fados. Finalmente, o projeto tamb\u00e9m busca observar os marcos regulat\u00f3rios, incluindo governan\u00e7a e modera\u00e7\u00e3o, para as plataformas no sul global comparado com o norte global.<\/p>\n<p dir=\"ltr\">O projeto tem dura\u00e7\u00e3o prevista de um ano e conta com o apoio de um pesquisador de p\u00f3s-doutorado, Bruno Nichols, doutor em Ci\u00eancia Pol\u00edtica pela Universidade Federal do Paran\u00e1.<\/p>\n","protected":false},"excerpt":{"rendered":"<p>O MIDIARS faz parte, atrav\u00e9s de sua coordenadora Raquel Recuero e seus pesquisadores associados, do novo INCT aprovado recentemente pelo CNPq. Trata-se do Instituto Nacional de Ci\u00eancia e Tecnologia em Disputas e Soberanias Informacionais (INCT-DSI).\u00a0 O INCT\/DSI \u00e9 sediado na UFF, no Rio de Janeiro, e coordenado pelos pesquisadores Afonso Albuquerque (UFF) e por Jamil &hellip; <\/p>\n<p><a class=\"more-link btn\" href=\"https:\/\/wp.ufpel.edu.br\/midiars\/2023\/06\/14\/midiars-no-inct-dsi\/\">Continue lendo<\/a><\/p>\n","protected":false},"author":867,"featured_media":0,"comment_status":"closed","ping_status":"closed","sticky":false,"template":"","format":"standard","meta":{"footnotes":""},"categories":[1],"tags":[],"class_list":["post-514","post","type-post","status-publish","format-standard","hentry","category-noticias","item-wrap"],"jetpack_featured_media_url":"","_links":{"self":[{"href":"https:\/\/wp.ufpel.edu.br\/midiars\/wp-json\/wp\/v2\/posts\/514","targetHints":{"allow":["GET"]}}],"collection":[{"href":"https:\/\/wp.ufpel.edu.br\/midiars\/wp-json\/wp\/v2\/posts"}],"about":[{"href":"https:\/\/wp.ufpel.edu.br\/midiars\/wp-json\/wp\/v2\/types\/post"}],"author":[{"embeddable":true,"href":"https:\/\/wp.ufpel.edu.br\/midiars\/wp-json\/wp\/v2\/users\/867"}],"replies":[{"embeddable":true,"href":"https:\/\/wp.ufpel.edu.br\/midiars\/wp-json\/wp\/v2\/comments?post=514"}],"version-history":[{"count":1,"href":"https:\/\/wp.ufpel.edu.br\/midiars\/wp-json\/wp\/v2\/posts\/514\/revisions"}],"predecessor-version":[{"id":517,"href":"https:\/\/wp.ufpel.edu.br\/midiars\/wp-json\/wp\/v2\/posts\/514\/revisions\/517"}],"wp:attachment":[{"href":"https:\/\/wp.ufpel.edu.br\/midiars\/wp-json\/wp\/v2\/media?parent=514"}],"wp:term":[{"taxonomy":"category","embeddable":true,"href":"https:\/\/wp.ufpel.edu.br\/midiars\/wp-json\/wp\/v2\/categories?post=514"},{"taxonomy":"post_tag","embeddable":true,"href":"https:\/\/wp.ufpel.edu.br\/midiars\/wp-json\/wp\/v2\/tags?post=514"}],"curies":[{"name":"wp","href":"https:\/\/api.w.org\/{rel}","templated":true}]}}