{"id":138,"date":"2018-10-26T14:53:22","date_gmt":"2018-10-26T17:53:22","guid":{"rendered":"https:\/\/wp.ufpel.edu.br\/midiars\/?p=138"},"modified":"2018-10-26T14:55:39","modified_gmt":"2018-10-26T17:55:39","slug":"os-discursos-de-bolsonaro-e-haddad-no-primeiro-e-segundo-turno","status":"publish","type":"post","link":"https:\/\/wp.ufpel.edu.br\/midiars\/2018\/10\/26\/os-discursos-de-bolsonaro-e-haddad-no-primeiro-e-segundo-turno\/","title":{"rendered":"Os discursos de Bolsonaro e Haddad no primeiro e segundo turno\u00a0\u00a0\u00a0\u00a0\u00a0\u00a0"},"content":{"rendered":"<p>Por Felipe Soares<\/p>\n<p>&nbsp;<\/p>\n<p>No pr\u00f3ximo domingo, dia 28 de outubro, o Brasil vai definir seu pr\u00f3ximo presidente. <strong>Com o objetivo de analisar o discurso dos candidatos Jair Bolsonaro (PSL) e Fernando Haddad (PT) durante o primeiro e o segundo turno, foram coletados todos os tweets e retweets dos dois presidenci\u00e1veis<\/strong> nos \u00faltimos 34 dias, entre 15 de setembro (quando Haddad criou seu perfil no Twitter) e 25 de outubro.<\/p>\n<p>O que se observa dos dados \u00e9 que <strong>Bolsonaro manteve um discurso centrado no antipetismo e no sentimento de mudan\u00e7a<\/strong>. Haddad mostrou maior varia\u00e7\u00e3o tem\u00e1tica, tendo <strong>Lula como figura central no primeiro turno<\/strong>. <strong>J\u00e1 no segundo turno o petista focou a campanha no antagonismo com seu advers\u00e1rio e na defesa da democracia<\/strong>.<\/p>\n<p>As mensagens dos candidatos no Twitter foram separadas por dois per\u00edodos: at\u00e9 o dia 7 de outubro, quando ocorreu a vota\u00e7\u00e3o em primeiro turno; e ap\u00f3s esta data, quando come\u00e7aram as campanhas do segundo turno. O passo seguinte foi realizar uma <strong>an\u00e1lise de conte\u00fado e de co-ocorr\u00eancia entre os termos mais frequentes nas mensagens<\/strong>. Para visualiza\u00e7\u00e3o desta an\u00e1lise, foram formados quatro redes de conceitos, que ser\u00e3o analisadas da seguinte forma: 1) tweets de Bolsonaro no primeiro turno (237 mensagens); 2) tweets de Bolsonaro no segundo turno (304 mensagens); 3) tweets de Haddad no primeiro turno (448 mensagens); e 4) tweets de Haddad no segundo turno (456 mensagens).<\/p>\n<p>Confira a seguir a an\u00e1lise completa.<\/p>\n<p>&nbsp;<\/p>\n<p><strong>O discurso de Bolsonaro<\/strong><\/p>\n<p><img loading=\"lazy\" decoding=\"async\" class=\"alignnone size-medium wp-image-140 aligncenter\" src=\"https:\/\/wp.ufpel.edu.br\/midiars\/files\/2018\/10\/bolsonaro-1-turno-400x365.jpg\" alt=\"\" width=\"400\" height=\"365\" srcset=\"https:\/\/wp.ufpel.edu.br\/midiars\/files\/2018\/10\/bolsonaro-1-turno-400x365.jpg 400w, https:\/\/wp.ufpel.edu.br\/midiars\/files\/2018\/10\/bolsonaro-1-turno.jpg 589w\" sizes=\"auto, (max-width: 400px) 100vw, 400px\" \/><\/p>\n<p style=\"text-align: center\">Figura 1: rede de conceitos de Bolsonaro no primeiro turno<\/p>\n<p><strong>O antipetismo \u00e9 uma das bases do discurso de Bolsonaro durante o primeiro turno<\/strong>. \u201cPT\u201d aparece no grupo roxo de conceitos, associado tamb\u00e9m a termos como \u201clama\u201d, de mensagens que sugerem que o PT deixou o pa\u00eds na \u201clama\u201d, \u201cfim\u201d e \u201cmentiras\u201d. Outro termo presente \u00e9 \u201ccorrup\u00e7\u00e3o\u201d, que Bolsonaro associa ao PT e se coloca como um candidato n\u00e3o envolvido em esquemas il\u00edcitos. O discurso contr\u00e1rio \u00e0 esquerda tamb\u00e9m aparece no grupo verde em que est\u00e3o os conceitos \u201cesquerda\u201d e \u201cadvers\u00e1rios\u201d. H\u00e1, ainda, men\u00e7\u00f5es a Lula no grupo azul, em que est\u00e3o os termos \u201cpresidi\u00e1rio\u201d e \u201ccadeia\u201d.<\/p>\n<p>Baseado na associa\u00e7\u00e3o do PT com os problemas do Brasil, inclusive a corrup\u00e7\u00e3o, <strong>Bolsonaro se lan\u00e7a como o candidato da mudan\u00e7a<\/strong>. Esta ideia aparece no uso de conceitos como \u201cmudar\u201d, bastante central na rede, e \u201cresgatar\u201d (ambos no grupo roxo). Este \u00faltimo tamb\u00e9m aparece como ideia de <strong>resgatar valores importantes para o brasileiro<\/strong>. Dentre estes valores est\u00e3o entidades como \u201cDeus\u201d e \u201cfam\u00edlia\u201d, tamb\u00e9m bases fortes do discurso de Bolsonaro.<\/p>\n<p>A quest\u00e3o do atentado ao candidato, ocorrido em 6 de setembro, n\u00e3o aparece com muita for\u00e7a na rede. Isto se d\u00e1 tamb\u00e9m em fun\u00e7\u00e3o da data inicial de coleta, estabelecida em 15 de setembro, j\u00e1 que antes desta data Haddad n\u00e3o possu\u00eda seu Twitter oficial de campanha. Ainda assim, os termos \u201catentado\u201d e \u201chospital\u201d aparecem no m\u00f3dulo verde.<\/p>\n<p>O grupo laranja possui alguns conceitos com fortes associa\u00e7\u00f5es, como pode ser visto pelo tamanho das arestas que os conectam (quanto maiores as arestas, maior a frequ\u00eancia com que os termos aparecem nos mesmos contextos). Os principais s\u00e3o \u201cobrigado\u201d, \u201cforte\u201d e \u201cabra\u00e7o\u201d. <strong>Estas palavras aparecem com muita frequ\u00eancia quando<\/strong> <strong>Bolsonaro compartilha mensagens de apoiadores, mostrando tamb\u00e9m que a reprodu\u00e7\u00e3o de mensagens de apoio foi uma de suas estrat\u00e9gias durante a campanha<\/strong>.<\/p>\n<p>Outro grupo que possui arestas pesadas entre conceitos \u00e9 o m\u00f3dulo preto, composto somente por tr\u00eas termos. <strong>Dois destes representam mais uma das estrat\u00e9gias utilizada pelo candidato: a realiza\u00e7\u00e3o de transmiss\u00f5es ao vivo (\u201clive\u201d) pelo \u201cFacebook\u201d<\/strong>. Estas ocorriam tamb\u00e9m em fun\u00e7\u00e3o do estado de sa\u00fade do candidato, que estava hospitalizado e n\u00e3o podia realizar campanha nas ruas.<\/p>\n<p>A visualiza\u00e7\u00e3o geral dos termos mais utilizados pelo candidato revela tamb\u00e9m que <strong>Bolsonaro n\u00e3o focou seu discurso em propostas<\/strong>. Sobre tem\u00e1ticas deste tipo, podem ser identificados os termos \u201ceconomia\u201d e \u201cimpostos\u201d no grupo verde \u00e1gua, refor\u00e7ando as ideias liberais da equipe do candidato. \u201cSeguran\u00e7a\u201d (grupo roxo) tamb\u00e9m aparece como uma das \u00e1reas de foco do candidato.<\/p>\n<p>&nbsp;<\/p>\n<p><img loading=\"lazy\" decoding=\"async\" class=\"alignnone size-medium wp-image-141 aligncenter\" src=\"https:\/\/wp.ufpel.edu.br\/midiars\/files\/2018\/10\/bolsonaro-2-turno-400x372.jpg\" alt=\"\" width=\"400\" height=\"372\" srcset=\"https:\/\/wp.ufpel.edu.br\/midiars\/files\/2018\/10\/bolsonaro-2-turno-400x372.jpg 400w, https:\/\/wp.ufpel.edu.br\/midiars\/files\/2018\/10\/bolsonaro-2-turno.jpg 589w\" sizes=\"auto, (max-width: 400px) 100vw, 400px\" \/><\/p>\n<p style=\"text-align: center\">Figura 2: rede de conceitos de Bolsonaro no segundo turno<\/p>\n<p>&nbsp;<\/p>\n<p>No segundo turno, <strong>Bolsonaro centraliza ainda mais o seu discurso no antipetismo<\/strong>. \u201cPT\u201d assume maior centralidade na rede de conceitos em fun\u00e7\u00e3o de sua coocorr\u00eancia com outros termos em diversos contextos. \u201cPT\u201d segue fortemente associado a \u201ccadeia\u201d e \u201cbandidos\u201d, refor\u00e7ando a ideia do partido como corrupto e de Haddad como um candidato guiado por Lula, que est\u00e1 preso.<\/p>\n<p>\u201cViol\u00eancia\u201d que n\u00e3o tinha destaque nos tweets de Bolsonaro durante o primeiro turno passa a assumir posi\u00e7\u00e3o mais central no segundo turno. Um dos contextos de seu uso \u00e9 relacionado mais uma vez ao \u201cPT\u201d, que aparece entre as conex\u00f5es mais fortes do conceito. Isto ocorre porque <strong>Bolsonaro argumenta que a viol\u00eancia cresceu durante o per\u00edodo de governo petista<\/strong>, citando inclusive a viol\u00eancia a minorias \u2013 as quais o PT historicamente defende. <strong>O conceito tamb\u00e9m aparece em fun\u00e7\u00e3o de ataques violentos associados a apoiadores do candidato<\/strong>, <u><a href=\"https:\/\/extra.globo.com\/casos-de-policia\/mestre-de-capoeira-morto-com-12-facadas-apos-dizer-que-votou-no-pt-em-salvador-23139302.html\">como o assassinato de um mestre de capoeira ap\u00f3s o homem declarar que votou no PT<\/a><\/u>. O site <u><a href=\"https:\/\/www.vitimasdaintolerancia.org\/\">#V\u00edtimasDaIntoler\u00e2ncia<\/a><\/u> tamb\u00e9m re\u00fane diversas acusa\u00e7\u00f5es do tipo.<\/p>\n<p><strong>Bolsonaro, por sua vez, se isentou de culpa por atos violentos<\/strong> e <u><a href=\"http:\/\/agenciabrasil.ebc.com.br\/politica\/noticia\/2018-10\/bolsonaro-diz-que-nao-tem-controle-sobre-atos-violentos-de-apoiadores\">afirmou em entrevista<\/a><\/u> que quem foi v\u00edtima de viol\u00eancia foi ele pr\u00f3prio: \u201cEsta pergunta n\u00e3o deveria ser invertida? Quem levou a facada foi eu. Um cara l\u00e1, que tem uma camisa minha, comete um excesso, o que eu tenho a ver com isso? Eu lamento. Pe\u00e7o ao pessoal que n\u00e3o pratique isso, mas eu n\u00e3o tenho controle sobre milh\u00f5es de pessoas que me apoiam. Agora, a viol\u00eancia vem do outro lado, e eu sou uma prova viva disso\u201d. <u><a href=\"https:\/\/twitter.com\/jairbolsonaro\/status\/1050071391746297856\">Reafirmando isto tamb\u00e9m em seu Twitter<\/a><\/u>.<\/p>\n<p>Outro conceito bastante conectado a \u201cPT\u201d \u00e9 \u201cfake news\u201d. Esta aparece em dois contextos: <strong>criticando seus opositores de espalhar informa\u00e7\u00f5es falsas sobre Bolsonaro; e desmerecendo as acusa\u00e7\u00f5es apresentadas em <u><a href=\"https:\/\/www1.folha.uol.com.br\/poder\/2018\/10\/empresarios-bancam-campanha-contra-o-pt-pelo-whatsapp.shtml\">reportagem da Folha de S. Paulo<\/a><\/u><\/strong> de uso de caixa 2 para espalhar mensagens de ataque ao PT via whatsapp, ironizando inclusive advers\u00e1rios (como o pr\u00f3prio \u201cPT\u201d e tamb\u00e9m o \u201cPSOL\u201d, no grupo laranja) por reproduzirem a informa\u00e7\u00e3o. O termo \u201cmentiras\u201d (m\u00f3dulo laranja) tamb\u00e9m aparece algumas vezes neste contexto.<\/p>\n<p>Termos como \u201cabra\u00e7o\u201d, utilizado em compartilhamentos de mensagens de apoiadores, e \u201cFacebook\u201d, plataforma utilizada tamb\u00e9m para campanha e transmiss\u00f5es ao vivo, voltam a aparecer. Da mesma forma, \u201cDeus\u201d e \u201cfam\u00edlia\u201d, entidades defendidas por Bolsonaro continuam a receber destaque no seu discurso.<\/p>\n<p><strong>Novamente propostas de governo n\u00e3o recebem destaque nas mensagens de Bolsonaro<\/strong>. O termo \u201csa\u00fade\u201d se refere a sa\u00fade do pr\u00f3prio candidato, que foi reavaliado em fun\u00e7\u00e3o de sua recupera\u00e7\u00e3o durante o segundo turno. Al\u00e9m de \u201ceconomia\u201d, agora aparece tamb\u00e9m \u201ceduca\u00e7\u00e3o\u201d. J\u00e1 os temas sobre seguran\u00e7a perdem destaque.<\/p>\n<p>&nbsp;<\/p>\n<p><strong>O discurso de Haddad<\/strong><\/p>\n<p><img loading=\"lazy\" decoding=\"async\" class=\"alignnone size-medium wp-image-142 aligncenter\" src=\"https:\/\/wp.ufpel.edu.br\/midiars\/files\/2018\/10\/haddad-1-turno-400x361.jpg\" alt=\"\" width=\"400\" height=\"361\" srcset=\"https:\/\/wp.ufpel.edu.br\/midiars\/files\/2018\/10\/haddad-1-turno-400x361.jpg 400w, https:\/\/wp.ufpel.edu.br\/midiars\/files\/2018\/10\/haddad-1-turno.jpg 608w\" sizes=\"auto, (max-width: 400px) 100vw, 400px\" \/><\/p>\n<p style=\"text-align: center\">Figura 3: rede de conceitos de Haddad no primeiro turno<\/p>\n<p>&nbsp;<\/p>\n<p>No primeiro turno, <strong>a estrat\u00e9gia discursiva de Haddad foi associar seu nome a Lula<\/strong>, ex-presidente pelo PT. Isto fica claro por dois motivos: 1) o conceito \u201cLula\u201d \u00e9 bastante central na rede, \u00e9 o segundo termo que aparece em mais contextos (atr\u00e1s apenas de \u201cBrasil\u201d \u2013 \u201cHaddad\u201d \u00e9 o sexto); e 2) a conex\u00e3o entre \u201cHaddad\u201d e \u201cLula\u201d \u00e9 a mais forte da rede, o que indica que foram os termos que mais apareceram em coocorr\u00eancia. H\u00e1 tamb\u00e9m forte conex\u00e3o entre \u201cLula\u201d e \u201cpresidente\u201d \u2013 por exemplo, \u201cpresidente\u201d aparece associado a \u201cLula\u201d quase duas vezes mais que a \u201cHaddad\u201d. Isto ocorre porque este sempre menciona aquele como \u201cpresidente Lula\u201d.<\/p>\n<p><strong>Haddad tamb\u00e9m menciona sua vice, \u201cManuela\u201d D\u2019\u00c1vila<\/strong> \u2013 este tipo de men\u00e7\u00e3o n\u00e3o ocorre nas mensagens de Bolsonaro (que n\u00e3o cita seu vice). As refer\u00eancias Manuela, por\u00e9m, ocorrem em contextos pouco variados, sendo mais frequentes em algum tipo de atividade de campanha, por isto a associa\u00e7\u00e3o com os termos \u201ccaminhada\u201d e \u201cato\u201d, todos no m\u00f3dulo laranja.<\/p>\n<p>Diferentemente do que ocorre com Bolsonaro, <strong>um dos focos do discurso de Haddad s\u00e3o os projetos de governo<\/strong>. Estes aparecem principalmente em termos presentes no grupo rosa e com especial aten\u00e7\u00e3o a \u201ceduca\u00e7\u00e3o\u201d (tamb\u00e9m associada com \u201cprouni\u201d e \u201cuniversidades\u201d) e \u201cempregos\u201d (associado ainda com \u201ctrabalho\u201d e \u201ctrabalhador\u201d). Haddad ainda toca em temas como \u201ceconomia\u201d e \u201cdireitos\u201d, presentes no m\u00f3dulo verde.<\/p>\n<p>Associado aos projetos de governo de Haddad e seu plano para o Brasil est\u00e1 o termo \u201cretomar\u201d, que auxilia a compreender o tipo de discurso proposto pelo candidato. <strong>A base de sua ideia est\u00e1 em retomar o crescimento do Brasil<\/strong>, aproximando esta retomada com \u00eanfase nos dois mandatos de Lula e tamb\u00e9m aos programas sociais desenvolvidos pelo PT.<\/p>\n<p>O fundamento da \u201cdemocracia\u201d tamb\u00e9m est\u00e1 bastante enraizado no discurso do petista. <strong>A defesa da democracia aparece como uma tem\u00e1tica em diversos contextos<\/strong> e \u00e9 usada como um valor b\u00e1sico das propostas e do ideal de pa\u00eds apresentados por Haddad. Al\u00e9m disso, no discurso, Bolsonaro \u00e9 apresentado como um candidato contr\u00e1rio aos fundamentos democr\u00e1ticos.<\/p>\n<p>Aparecem ainda na rede, no m\u00f3dulo azul, os termos \u201cfake\u201d (news &#8211; not\u00edcias falsas), \u201cmentiras\u201d e \u201cdenuncie\u201d. Estes conceitos est\u00e3o conectados na rede porque <strong>Haddad menciona informa\u00e7\u00f5es falsas que estavam sendo produzidas durante a campanha e incentiva seus seguidores a denunciar este tipo de pr\u00e1tica<\/strong>.<\/p>\n<p><img loading=\"lazy\" decoding=\"async\" class=\"alignnone size-medium wp-image-143 aligncenter\" src=\"https:\/\/wp.ufpel.edu.br\/midiars\/files\/2018\/10\/haddad-2-turno-400x367.jpg\" alt=\"\" width=\"400\" height=\"367\" srcset=\"https:\/\/wp.ufpel.edu.br\/midiars\/files\/2018\/10\/haddad-2-turno-400x367.jpg 400w, https:\/\/wp.ufpel.edu.br\/midiars\/files\/2018\/10\/haddad-2-turno.jpg 602w\" sizes=\"auto, (max-width: 400px) 100vw, 400px\" \/><\/p>\n<p style=\"text-align: center\">Figura 4: rede de conceitos de Haddad no segundo turno<\/p>\n<p>&nbsp;<\/p>\n<p>O discurso de Haddad muda bastante seu foco no segundo turno. <strong>\u201cBolsonaro\u201d, tamb\u00e9m muitas vezes mencionado como \u201cadvers\u00e1rio\u201d passa a ser uma figura central nas mensagens<\/strong>. Um dos pontos frequentemente mencionados por Haddad foi a decis\u00e3o de Bolsonaro de n\u00e3o participar de \u201cdebate\u201d durante o segundo turno. Estes dois termos possuem a conex\u00e3o mais forte da rede, o que mostra que s\u00e3o os dois termos mais utilizados em conjunto.<\/p>\n<p>\u201cBolsonaro\u201d e \u201cadvers\u00e1rio\u201d tamb\u00e9m est\u00e3o associados a \u201cmentiras\u201d e \u201cwhatsapp\u201d. <strong>Haddad acusa Bolsonaro de construir sua campanha com base em mentiras sobre o petista vinculadas via whatsapp<\/strong>. Haddad cita, inclusive, fontes de ve\u00edculos jornal\u00edsticos para realizar esta cr\u00edtica, como a pr\u00f3pria reportagem da Folha de S. Paulo anteriormente mencionada.<\/p>\n<p>\u201cAdvers\u00e1rio\u201d tamb\u00e9m aparece associado a \u201cditadura\u201d, o que leva a <strong>outro argumento central de Haddad no segundo turno: a \u201cdefesa\u201d da \u201cdemocracia\u201d <\/strong>(ambos no grupo verde escuro). Estes termos possuem a segunda conex\u00e3o mais forte da rede. \u201cDemocracia\u201d tamb\u00e9m est\u00e1 entre os termos mais mencionados por Haddad em seus tweets e \u00e9 o quinto que aparece em mais contextos na rede. A indica\u00e7\u00e3o de Bolsonaro como um candidato antidemocr\u00e1tico, j\u00e1 presente no discurso de Haddad no primeiro turno, \u00e9 intensificada. Desta forma, <strong>o candidato se constr\u00f3i como a alternativa democr\u00e1tica no pleito<\/strong>. \u201cDemocracia\u201d tamb\u00e9m aparece associada a valores como \u201cliberdade\u201d e \u201cdi\u00e1logo\u201d no m\u00f3dulo verde escuro.<\/p>\n<p>O foco em uma candidatura do campo democr\u00e1tico retira a figura de \u201cLula\u201d do papel central que possu\u00eda no primeiro turno. Al\u00e9m do n\u00facleo argumentativo na democracia, <strong>Haddad tamb\u00e9m assume um papel mais central<\/strong> como o candidato que representa este campo. O termo \u201cpresidente\u201d, por exemplo, agora est\u00e1 fortemente associado ao candidato. Haddad tamb\u00e9m se preocupa mais em construir a si mesmo como candidato, apresentando-se como \u201cprofessor\u201d, inclusive em mensagem no Dia dos Professores. At\u00e9 mesmo o logo de campanha muda do primeiro para o segundo turno (imagens abaixo).<\/p>\n<p>&nbsp;<\/p>\n<p><img loading=\"lazy\" decoding=\"async\" class=\"alignnone size-medium wp-image-144\" src=\"https:\/\/wp.ufpel.edu.br\/midiars\/files\/2018\/10\/logo-haddad-1-turno-400x186.jpg\" alt=\"\" width=\"400\" height=\"186\" srcset=\"https:\/\/wp.ufpel.edu.br\/midiars\/files\/2018\/10\/logo-haddad-1-turno-400x186.jpg 400w, https:\/\/wp.ufpel.edu.br\/midiars\/files\/2018\/10\/logo-haddad-1-turno.jpg 614w\" sizes=\"auto, (max-width: 400px) 100vw, 400px\" \/> <img loading=\"lazy\" decoding=\"async\" class=\"alignnone size-medium wp-image-145\" src=\"https:\/\/wp.ufpel.edu.br\/midiars\/files\/2018\/10\/logo-haddad-2-turno-400x143.jpg\" alt=\"\" width=\"400\" height=\"143\" srcset=\"https:\/\/wp.ufpel.edu.br\/midiars\/files\/2018\/10\/logo-haddad-2-turno-400x143.jpg 400w, https:\/\/wp.ufpel.edu.br\/midiars\/files\/2018\/10\/logo-haddad-2-turno.jpg 767w\" sizes=\"auto, (max-width: 400px) 100vw, 400px\" \/><\/p>\n<p>Figuras 5 e 6: logos de Haddad no primeiro e segundo turno<\/p>\n<p>&nbsp;<\/p>\n<p>Por fim, <strong>Haddad segue utilizando o Twitter para apresentar seus projetos de governo<\/strong> para \u00e1reas como: \u201ceduca\u00e7\u00e3o\u201d, \u201cseguran\u00e7a\u201d, \u201ceconomia\u201d, \u201cemprego\u201d (\u201ctrabalho\u201d), al\u00e9m de mencionar \u201cdireitos\u201d relacionados a estas e outras \u00e1reas. Estes termos formam o grupo roxo, que tem como principais conceitos \u201cpropostas\u201d e \u201cprojeto\u201d. Neste grupo aparece ainda \u201cviol\u00eancia\u201d que est\u00e1 principalmente associada a viol\u00eancia de militantes de Bolsonaro, em atos de viol\u00eancia f\u00edsica e em estrat\u00e9gias violentas (tamb\u00e9m discursivamente) por eles apoiadas.<\/p>\n<p>&nbsp;<\/p>\n<p><strong>An\u00e1lise geral<\/strong><\/p>\n<p><strong>Bolsonaro mant\u00e9m uma mesma estrat\u00e9gia principal ao longo da campanha: o antipetismo<\/strong>. Este j\u00e1 est\u00e1 presente em suas mensagens no primeiro turno e \u00e9 ainda mais forte durante o segundo turno. O candidato associa os problemas brasileiros, em especial a corrup\u00e7\u00e3o, ao partido e se apresenta como a via da mudan\u00e7a para isto.<\/p>\n<p>No segundo turno, o discurso de Bolsonaro acaba tocando tamb\u00e9m em outros temas. Um deles \u00e9 associado a fake news, em fun\u00e7\u00e3o da <strong>reportagem da Folha de S. Paulo que o acusa de ter utilizado caixa 2 para espalhar informa\u00e7\u00f5es falsas sobre o PT<\/strong>. Bolsonaro desmerece a publica\u00e7\u00e3o e ainda acusa seus advers\u00e1rios de espalhar fake news sobre ele. Da mesma forma, \u201cviol\u00eancia\u201d, em decorr\u00eancia de diversos atos violentos ap\u00f3s o dia 7 de outubro, aparece nas mensagens de Bolsonaro no segundo turno. O candidato, por\u00e9m, se exime de qualquer responsabilidade por estes atos.<\/p>\n<p>Haddad, ao contr\u00e1rio de Bolsonaro, tem estrat\u00e9gias distintas no primeiro e segundo turno<strong>. Enquanto no primeiro turno associa fortemente sua imagem a Lula, no segundo turno Bolsonaro passa a ser central como um personagem antag\u00f4nico<\/strong>. Neste cen\u00e1rio a defesa da democracia tamb\u00e9m entra como um argumento central no discurso de Haddad, que se estabelece de forma mais central como candidato e chama todo o campo democr\u00e1tico para demonstrar apoio a sua candidatura, j\u00e1 que a constr\u00f3i como a \u00fanica via democr\u00e1tica no pleito.<\/p>\n<p><strong>Haddad tamb\u00e9m d\u00e1 destaque para suas propostas e seu plano de governo<\/strong> \u2013 ao contr\u00e1rio do que faz Bolsonaro. Este poucas vezes menciona propostas e quando o faz se resume a poucos temas, como economia e educa\u00e7\u00e3o. J\u00e1 Haddad mant\u00e9m parte de suas mensagens focadas em apresentar projetos para diversas \u00e1reas, como educa\u00e7\u00e3o, seguran\u00e7a, economia, emprego e ainda na defesa de direitos.<\/p>\n<p>De forma geral, <strong>Bolsonaro \u00e9 monotem\u00e1tico<\/strong>, focando principalmente no antipetismo. <strong>Haddad tem varia\u00e7\u00f5es em seu discurso<\/strong>, destacando em suas mensagens o apoio de Lula, a defesa pela democracia, o antagonismo de Bolsonaro e ainda suas propostas de governo. Enquanto <strong>Bolsonaro se move pela ideia da mudan\u00e7a, Haddad destaca a retomada do crescimento<\/strong>, associando-o principalmente a gest\u00e3o de Lula durante o primeiro turno e a defesa da democracia no segundo.<\/p>\n<p>\u00c9 importante mencionar que o Twitter \u00e9 apenas um dos meios de campanha dos candidatos. Outros espa\u00e7os e comunica\u00e7\u00e3o e mesmo as campanhas por meio de milit\u00e2ncias tamb\u00e9m tomam parte central nos significados explorados pelos candidatos durante o per\u00edodo eleitoral. Ainda assim, o discurso institucionalizado dos candidatos no Twitter permite vislumbrar algumas das principais caracter\u00edsticas de suas campanhas.<\/p>\n<p>&nbsp;<\/p>\n<p><strong>Coleta e an\u00e1lise<\/strong><\/p>\n<p>Os tweets foram coletados diretamente dos perfis dos candidatos com o aux\u00edlio do plug-in <u><a href=\"http:\/\/edshare.soton.ac.uk\/19336\/\">Web Data Research Assistant<\/a><\/u>. A an\u00e1lise de conte\u00fado e conting\u00eancia foi realizada por meio do site <u><a href=\"http:\/\/textometrica.humlab.umu.se\/\">Textometrica<\/a><\/u>. A visualiza\u00e7\u00e3o dos grafos foi feita no <u><a href=\"https:\/\/gephi.org\/\">Gephi<\/a><\/u>. Foram utilizadas duas m\u00e9tricas para a an\u00e1lise: 1) grau (representado pelo tamanho dos n\u00f3s), que identifica as vezes que um conceito aparece associado a outros nas mensagens analisadas (quanto maiores os n\u00f3s, em mais contextos os conceitos aparecem); 2) modularidade (representada pela cor dos grupos), que facilita na identifica\u00e7\u00e3o de conceitos que aparecem mais frequentemente em um mesmo contexto.<\/p>\n","protected":false},"excerpt":{"rendered":"<p>Por Felipe Soares &nbsp; No pr\u00f3ximo domingo, dia 28 de outubro, o Brasil vai definir seu pr\u00f3ximo presidente. Com o objetivo de analisar o discurso dos candidatos Jair Bolsonaro (PSL) e Fernando Haddad (PT) durante o primeiro e o segundo turno, foram coletados todos os tweets e retweets dos dois presidenci\u00e1veis nos \u00faltimos 34 dias, &hellip; <\/p>\n<p><a class=\"more-link btn\" href=\"https:\/\/wp.ufpel.edu.br\/midiars\/2018\/10\/26\/os-discursos-de-bolsonaro-e-haddad-no-primeiro-e-segundo-turno\/\">Continue lendo<\/a><\/p>\n","protected":false},"author":867,"featured_media":0,"comment_status":"closed","ping_status":"closed","sticky":false,"template":"","format":"standard","meta":{"footnotes":""},"categories":[9,7,4],"tags":[],"class_list":["post-138","post","type-post","status-publish","format-standard","hentry","category-analise-de-redes","category-discurso","category-eleicoes","item-wrap"],"jetpack_featured_media_url":"","_links":{"self":[{"href":"https:\/\/wp.ufpel.edu.br\/midiars\/wp-json\/wp\/v2\/posts\/138","targetHints":{"allow":["GET"]}}],"collection":[{"href":"https:\/\/wp.ufpel.edu.br\/midiars\/wp-json\/wp\/v2\/posts"}],"about":[{"href":"https:\/\/wp.ufpel.edu.br\/midiars\/wp-json\/wp\/v2\/types\/post"}],"author":[{"embeddable":true,"href":"https:\/\/wp.ufpel.edu.br\/midiars\/wp-json\/wp\/v2\/users\/867"}],"replies":[{"embeddable":true,"href":"https:\/\/wp.ufpel.edu.br\/midiars\/wp-json\/wp\/v2\/comments?post=138"}],"version-history":[{"count":4,"href":"https:\/\/wp.ufpel.edu.br\/midiars\/wp-json\/wp\/v2\/posts\/138\/revisions"}],"predecessor-version":[{"id":149,"href":"https:\/\/wp.ufpel.edu.br\/midiars\/wp-json\/wp\/v2\/posts\/138\/revisions\/149"}],"wp:attachment":[{"href":"https:\/\/wp.ufpel.edu.br\/midiars\/wp-json\/wp\/v2\/media?parent=138"}],"wp:term":[{"taxonomy":"category","embeddable":true,"href":"https:\/\/wp.ufpel.edu.br\/midiars\/wp-json\/wp\/v2\/categories?post=138"},{"taxonomy":"post_tag","embeddable":true,"href":"https:\/\/wp.ufpel.edu.br\/midiars\/wp-json\/wp\/v2\/tags?post=138"}],"curies":[{"name":"wp","href":"https:\/\/api.w.org\/{rel}","templated":true}]}}