{"id":266,"date":"2017-05-16T12:23:19","date_gmt":"2017-05-16T15:23:19","guid":{"rendered":"https:\/\/wp.ufpel.edu.br\/meteorologia\/?p=266"},"modified":"2017-05-16T12:23:19","modified_gmt":"2017-05-16T15:23:19","slug":"selecao-de-bolsistas","status":"publish","type":"post","link":"https:\/\/wp.ufpel.edu.br\/meteorologia\/2017\/05\/16\/selecao-de-bolsistas\/","title":{"rendered":"Sele\u00e7\u00e3o de bolsistas"},"content":{"rendered":"<p style=\"text-align: left\">A Dire\u00e7\u00e3o da Faculdade de Meteorologia, torna p\u00fablico que est\u00e3o abertas as inscri\u00e7\u00f5es para sele\u00e7\u00e3o de bolsistas do \u201cPrograma de Bolsas Acad\u00eamicas \u2013 PBA \u2013 Bolsas de Inicia\u00e7\u00e3o ao Trabalho\u201d, de acordo com Edital 01\/2017 da Pr\u00f3- Reitoria de Assuntos Estudantis (PRAE).<\/p>\n<p style=\"text-align: left\">O candidato dever\u00e1 apresentar a ficha de inscri\u00e7\u00e3o (anexa a este edital) preenchida e hist\u00f3rico escolar atual na secretaria da Faculdade de Meteorologia (Pr\u00e9dio 5, Campus Cap\u00e3o do Le\u00e3o) no per\u00edodo de 16\/05 \u00e0 24\/05\/2017.<\/p>\n<p><a href=\"https:\/\/wp.ufpel.edu.br\/meteorologia\/files\/2017\/05\/Edital-Interno-01_2017.pdf\">Edital Interno 01_2017<\/a><\/p>\n","protected":false},"excerpt":{"rendered":"<p>A Dire\u00e7\u00e3o da Faculdade de Meteorologia, torna p\u00fablico que est\u00e3o abertas as inscri\u00e7\u00f5es para sele\u00e7\u00e3o de bolsistas do \u201cPrograma de Bolsas Acad\u00eamicas \u2013 PBA \u2013 Bolsas de Inicia\u00e7\u00e3o ao Trabalho\u201d, de acordo com Edital 01\/2017 da Pr\u00f3- Reitoria de Assuntos Estudantis (PRAE). O candidato dever\u00e1 apresentar a ficha de inscri\u00e7\u00e3o (anexa a este edital) preenchida [&hellip;]<\/p>\n","protected":false},"author":629,"featured_media":0,"comment_status":"closed","ping_status":"closed","sticky":false,"template":"","format":"standard","meta":{"_jetpack_memberships_contains_paid_content":false,"footnotes":""},"categories":[1],"tags":[],"class_list":["post-266","post","type-post","status-publish","format-standard","hentry","category-noticias"],"jetpack_featured_media_url":"","jetpack_sharing_enabled":true,"_links":{"self":[{"href":"https:\/\/wp.ufpel.edu.br\/meteorologia\/wp-json\/wp\/v2\/posts\/266","targetHints":{"allow":["GET"]}}],"collection":[{"href":"https:\/\/wp.ufpel.edu.br\/meteorologia\/wp-json\/wp\/v2\/posts"}],"about":[{"href":"https:\/\/wp.ufpel.edu.br\/meteorologia\/wp-json\/wp\/v2\/types\/post"}],"author":[{"embeddable":true,"href":"https:\/\/wp.ufpel.edu.br\/meteorologia\/wp-json\/wp\/v2\/users\/629"}],"replies":[{"embeddable":true,"href":"https:\/\/wp.ufpel.edu.br\/meteorologia\/wp-json\/wp\/v2\/comments?post=266"}],"version-history":[{"count":1,"href":"https:\/\/wp.ufpel.edu.br\/meteorologia\/wp-json\/wp\/v2\/posts\/266\/revisions"}],"predecessor-version":[{"id":269,"href":"https:\/\/wp.ufpel.edu.br\/meteorologia\/wp-json\/wp\/v2\/posts\/266\/revisions\/269"}],"wp:attachment":[{"href":"https:\/\/wp.ufpel.edu.br\/meteorologia\/wp-json\/wp\/v2\/media?parent=266"}],"wp:term":[{"taxonomy":"category","embeddable":true,"href":"https:\/\/wp.ufpel.edu.br\/meteorologia\/wp-json\/wp\/v2\/categories?post=266"},{"taxonomy":"post_tag","embeddable":true,"href":"https:\/\/wp.ufpel.edu.br\/meteorologia\/wp-json\/wp\/v2\/tags?post=266"}],"curies":[{"name":"wp","href":"https:\/\/api.w.org\/{rel}","templated":true}]}}