{"id":8278,"date":"2021-12-07T14:01:03","date_gmt":"2021-12-07T17:01:03","guid":{"rendered":"https:\/\/wp.ufpel.edu.br\/mestradoartesvisuais\/?p=8278"},"modified":"2021-12-07T14:01:03","modified_gmt":"2021-12-07T17:01:03","slug":"exposicao-a-espessura-do-tempo-do-artista-clovis-martins-costa-com-curadoria-de-neiva-bohns","status":"publish","type":"post","link":"https:\/\/wp.ufpel.edu.br\/mestradoartesvisuais\/?p=8278","title":{"rendered":"Exposi\u00e7\u00e3o \u201cA espessura do tempo\u201d, do artista Cl\u00f3vis Martins Costa, com curadoria de Neiva Bohns."},"content":{"rendered":"<p><a href=\"https:\/\/wp.ufpel.edu.br\/mestradoartesvisuais\/files\/2021\/12\/CONVITE-CLOVIS.png\"><img class=\"alignnone size-large wp-image-8280\" src=\"https:\/\/wp.ufpel.edu.br\/mestradoartesvisuais\/files\/2021\/12\/CONVITE-CLOVIS-745x1024.png\" alt=\"\" width=\"745\" height=\"1024\" srcset=\"https:\/\/wp.ufpel.edu.br\/mestradoartesvisuais\/files\/2021\/12\/CONVITE-CLOVIS-745x1024.png 745w, https:\/\/wp.ufpel.edu.br\/mestradoartesvisuais\/files\/2021\/12\/CONVITE-CLOVIS-291x400.png 291w, https:\/\/wp.ufpel.edu.br\/mestradoartesvisuais\/files\/2021\/12\/CONVITE-CLOVIS-768x1056.png 768w, https:\/\/wp.ufpel.edu.br\/mestradoartesvisuais\/files\/2021\/12\/CONVITE-CLOVIS.png 980w\" sizes=\"(max-width: 745px) 100vw, 745px\" \/><\/a><\/p>\n<p>O MACRS (Museu de Arte Contempor\u00e2nea do Rio Grande do Sul) apresenta a exposi\u00e7\u00e3o \u201cA espessura do tempo\u201d, do artista Cl\u00f3vis Martins Costa, com curadoria de Neiva Bohns. A intera\u00e7\u00e3o do artista com o ambiente natural envolve caminhadas, exerc\u00edcios de observa\u00e7\u00e3o e de reflex\u00e3o, coleta de materiais encontrados e produ\u00e7\u00e3o de imagens fotogr\u00e1ficas, que, de v\u00e1rias maneiras, s\u00e3o incorporadas ao trabalho. As lonas utilizadas para a produ\u00e7\u00e3o das pinturas, antes de receberem camadas de tinta, s\u00e3o enterradas, durante determinados per\u00edodos, \u00e0s margens de rios e de lagoas. A \u00faltima parte do processo ocorre no ambiente do ateli\u00ea, quando as obras s\u00e3o finalizadas e preparadas para serem expostas. De acordo com a curadora, \u201co artista utiliza os elementos da paisagem natural na produ\u00e7\u00e3o de obras pict\u00f3ricas que passam por um lento processo de amadurecimento, numa abordagem po\u00e9tica de apreens\u00e3o do tempo.\u201d A exposi\u00e7\u00e3o, que tamb\u00e9m apresenta fotografias e objetos, estar\u00e1 em cartaz na Sala Xico Stockinger, do Museu de Arte Contempor\u00e2nea do Rio Grande do Sul, de 07 de dezembro de 2021 a 09 de janeiro de 2022.<\/p>\n<p>SERVI\u00c7O<br \/>\nO que: exposi\u00e7\u00e3o de Artes Visuais<br \/>\nT\u00edtulo: A espessura do tempo<br \/>\nArtista: Cl\u00f3vis Martins Costa<br \/>\nCuradoria: Neiva Bohns<br \/>\nOnde: Museu de Arte Contempor\u00e2nea do Rio Grande do Sul (MACRS). Sala Xico Stockinger (sexto andar). Casa de Cultura M\u00e1rio Quintana. Rua dos Andradas, 736. Centro Hist\u00f3rico, Porto Alegre, RS.<br \/>\nQuando: de 07 de dezembro de 2021 a 09 de janeiro de 2022.<br \/>\nHor\u00e1rios: COMPLETAR \u2013 equipe MAC<\/p>\n","protected":false},"excerpt":{"rendered":"<p>O MACRS (Museu de Arte Contempor\u00e2nea do Rio Grande do Sul) apresenta a exposi\u00e7\u00e3o \u201cA espessura do tempo\u201d, do artista Cl\u00f3vis Martins Costa, com curadoria de Neiva Bohns. A intera\u00e7\u00e3o do artista com o ambiente natural envolve caminhadas, exerc\u00edcios de observa\u00e7\u00e3o e de reflex\u00e3o, coleta de materiais encontrados e produ\u00e7\u00e3o de imagens fotogr\u00e1ficas, que, de [&hellip;]<\/p>\n","protected":false},"author":301,"featured_media":0,"comment_status":"closed","ping_status":"closed","sticky":false,"template":"","format":"standard","meta":{"jetpack_post_was_ever_published":false,"_jetpack_newsletter_access":"","_jetpack_dont_email_post_to_subs":false,"_jetpack_newsletter_tier_id":0,"_jetpack_memberships_contains_paywalled_content":false,"_jetpack_memberships_contains_paid_content":false,"footnotes":"","jetpack_publicize_message":"","jetpack_publicize_feature_enabled":true,"jetpack_social_post_already_shared":true,"jetpack_social_options":{"image_generator_settings":{"template":"highway","default_image_id":0,"font":"","enabled":false},"version":2}},"categories":[18],"tags":[],"class_list":["post-8278","post","type-post","status-publish","format-standard","hentry","category-sem-categoria"],"jetpack_publicize_connections":[],"jetpack_featured_media_url":"","jetpack_sharing_enabled":true,"_links":{"self":[{"href":"https:\/\/wp.ufpel.edu.br\/mestradoartesvisuais\/index.php?rest_route=\/wp\/v2\/posts\/8278","targetHints":{"allow":["GET"]}}],"collection":[{"href":"https:\/\/wp.ufpel.edu.br\/mestradoartesvisuais\/index.php?rest_route=\/wp\/v2\/posts"}],"about":[{"href":"https:\/\/wp.ufpel.edu.br\/mestradoartesvisuais\/index.php?rest_route=\/wp\/v2\/types\/post"}],"author":[{"embeddable":true,"href":"https:\/\/wp.ufpel.edu.br\/mestradoartesvisuais\/index.php?rest_route=\/wp\/v2\/users\/301"}],"replies":[{"embeddable":true,"href":"https:\/\/wp.ufpel.edu.br\/mestradoartesvisuais\/index.php?rest_route=%2Fwp%2Fv2%2Fcomments&post=8278"}],"version-history":[{"count":1,"href":"https:\/\/wp.ufpel.edu.br\/mestradoartesvisuais\/index.php?rest_route=\/wp\/v2\/posts\/8278\/revisions"}],"predecessor-version":[{"id":8281,"href":"https:\/\/wp.ufpel.edu.br\/mestradoartesvisuais\/index.php?rest_route=\/wp\/v2\/posts\/8278\/revisions\/8281"}],"wp:attachment":[{"href":"https:\/\/wp.ufpel.edu.br\/mestradoartesvisuais\/index.php?rest_route=%2Fwp%2Fv2%2Fmedia&parent=8278"}],"wp:term":[{"taxonomy":"category","embeddable":true,"href":"https:\/\/wp.ufpel.edu.br\/mestradoartesvisuais\/index.php?rest_route=%2Fwp%2Fv2%2Fcategories&post=8278"},{"taxonomy":"post_tag","embeddable":true,"href":"https:\/\/wp.ufpel.edu.br\/mestradoartesvisuais\/index.php?rest_route=%2Fwp%2Fv2%2Ftags&post=8278"}],"curies":[{"name":"wp","href":"https:\/\/api.w.org\/{rel}","templated":true}]}}