{"id":8219,"date":"2021-11-11T13:34:36","date_gmt":"2021-11-11T16:34:36","guid":{"rendered":"https:\/\/wp.ufpel.edu.br\/mestradoartesvisuais\/?p=8219"},"modified":"2021-11-11T13:44:35","modified_gmt":"2021-11-11T16:44:35","slug":"abertura-fiva-spmav-2021","status":"publish","type":"post","link":"https:\/\/wp.ufpel.edu.br\/mestradoartesvisuais\/?p=8219","title":{"rendered":"Abertura FIVA SPMAV 2021"},"content":{"rendered":"<p>Acontece hoje, dia 11 de novembro, a abertura da mostra h\u00edbrida do FIVA SPMAV 2021.<\/p>\n<p><a href=\"https:\/\/wp.ufpel.edu.br\/mestradoartesvisuais\/files\/2021\/11\/ID_SPMAV_posts_EDITAIS_fiva_inicio_tres_02.png\"><img class=\"alignnone size-large wp-image-8221\" src=\"https:\/\/wp.ufpel.edu.br\/mestradoartesvisuais\/files\/2021\/11\/ID_SPMAV_posts_EDITAIS_fiva_inicio_tres_02-1019x1024.png\" alt=\"\" width=\"1019\" height=\"1024\" srcset=\"https:\/\/wp.ufpel.edu.br\/mestradoartesvisuais\/files\/2021\/11\/ID_SPMAV_posts_EDITAIS_fiva_inicio_tres_02-1019x1024.png 1019w, https:\/\/wp.ufpel.edu.br\/mestradoartesvisuais\/files\/2021\/11\/ID_SPMAV_posts_EDITAIS_fiva_inicio_tres_02-398x400.png 398w, https:\/\/wp.ufpel.edu.br\/mestradoartesvisuais\/files\/2021\/11\/ID_SPMAV_posts_EDITAIS_fiva_inicio_tres_02-200x200.png 200w, https:\/\/wp.ufpel.edu.br\/mestradoartesvisuais\/files\/2021\/11\/ID_SPMAV_posts_EDITAIS_fiva_inicio_tres_02-768x772.png 768w, https:\/\/wp.ufpel.edu.br\/mestradoartesvisuais\/files\/2021\/11\/ID_SPMAV_posts_EDITAIS_fiva_inicio_tres_02.png 1080w\" sizes=\"(max-width: 1019px) 100vw, 1019px\" \/><\/a><\/p>\n<p>\u00c0s 18h, abertura da mostra virtual no Canal do FIVA SPMAV &#8211; que ficar\u00e1 dispon\u00edvel para o livre acesso at\u00e9 o dia 22 de novembro<\/p>\n<p>\u00c0s 19h30min, proje\u00e7\u00e3o na fachada do Museu Leopoldo Gotuzzo &#8211; Malg &#8211; e sempre nesse mesmo hor\u00e1rio at\u00e9 o dia 13 de novembro.<\/p>\n<p>As 66 obras selecionadas est\u00e3o organizadas em 5 programas, que comp\u00f5em a mostra deste ano.<\/p>\n<p>Paisagens na interface s\u00e3o janelas para o mundo<\/p>\n<p>Electric Window (2021, 03&#8217;30), de Muriel Paraboni, Santa Maria, RS &#8211; Brasil<\/p>\n<p><a href=\"https:\/\/wp.ufpel.edu.br\/mestradoartesvisuais\/files\/2021\/11\/Electric-Window-_-Promo-Poster-_-Final-Muriel-Paraboni.jpg\"><img class=\"alignnone size-large wp-image-8224\" src=\"https:\/\/wp.ufpel.edu.br\/mestradoartesvisuais\/files\/2021\/11\/Electric-Window-_-Promo-Poster-_-Final-Muriel-Paraboni-794x1024.jpg\" alt=\"\" width=\"794\" height=\"1024\" srcset=\"https:\/\/wp.ufpel.edu.br\/mestradoartesvisuais\/files\/2021\/11\/Electric-Window-_-Promo-Poster-_-Final-Muriel-Paraboni-794x1024.jpg 794w, https:\/\/wp.ufpel.edu.br\/mestradoartesvisuais\/files\/2021\/11\/Electric-Window-_-Promo-Poster-_-Final-Muriel-Paraboni-310x400.jpg 310w, https:\/\/wp.ufpel.edu.br\/mestradoartesvisuais\/files\/2021\/11\/Electric-Window-_-Promo-Poster-_-Final-Muriel-Paraboni-768x990.jpg 768w, https:\/\/wp.ufpel.edu.br\/mestradoartesvisuais\/files\/2021\/11\/Electric-Window-_-Promo-Poster-_-Final-Muriel-Paraboni.jpg 922w\" sizes=\"(max-width: 794px) 100vw, 794px\" \/><\/a><\/p>\n<p>Development\u00a0 (2020, 04&#8217;16), de Miguel Antonio Contreras, Caracas &#8211; Venezuela<\/p>\n<p><a href=\"https:\/\/wp.ufpel.edu.br\/mestradoartesvisuais\/files\/2021\/11\/development-Miguel-Contreras.jpg\"><img class=\"alignnone size-large wp-image-8226\" src=\"https:\/\/wp.ufpel.edu.br\/mestradoartesvisuais\/files\/2021\/11\/development-Miguel-Contreras-1024x503.jpg\" alt=\"\" width=\"1024\" height=\"503\" srcset=\"https:\/\/wp.ufpel.edu.br\/mestradoartesvisuais\/files\/2021\/11\/development-Miguel-Contreras-1024x503.jpg 1024w, https:\/\/wp.ufpel.edu.br\/mestradoartesvisuais\/files\/2021\/11\/development-Miguel-Contreras-400x197.jpg 400w, https:\/\/wp.ufpel.edu.br\/mestradoartesvisuais\/files\/2021\/11\/development-Miguel-Contreras-768x377.jpg 768w, https:\/\/wp.ufpel.edu.br\/mestradoartesvisuais\/files\/2021\/11\/development-Miguel-Contreras-1536x755.jpg 1536w, https:\/\/wp.ufpel.edu.br\/mestradoartesvisuais\/files\/2021\/11\/development-Miguel-Contreras-2048x1006.jpg 2048w\" sizes=\"(max-width: 1024px) 100vw, 1024px\" \/><\/a><\/p>\n<p>Oruga &#8211; Chancha Via Circuito y El B\u00faho (2020, 04&#8217;26), de Daniela Pinto Castillo, Antigua &#8211; Guatemala<\/p>\n<p>Traces:Lights\u00a0 (2019, 03&#8242;), de Jean-Michel Rolland, Marselha &#8211; Fran\u00e7a<\/p>\n<p>Gazing (2021, 04&#8242;), de Siavash Kheirkhah, Noruega<\/p>\n<p><a href=\"https:\/\/wp.ufpel.edu.br\/mestradoartesvisuais\/files\/2021\/11\/e3e8492650-poster-Siavash-Kheirkhah.jpg\"><img class=\"alignnone size-full wp-image-8223\" src=\"https:\/\/wp.ufpel.edu.br\/mestradoartesvisuais\/files\/2021\/11\/e3e8492650-poster-Siavash-Kheirkhah.jpg\" alt=\"\" width=\"600\" height=\"800\" srcset=\"https:\/\/wp.ufpel.edu.br\/mestradoartesvisuais\/files\/2021\/11\/e3e8492650-poster-Siavash-Kheirkhah.jpg 600w, https:\/\/wp.ufpel.edu.br\/mestradoartesvisuais\/files\/2021\/11\/e3e8492650-poster-Siavash-Kheirkhah-300x400.jpg 300w\" sizes=\"(max-width: 600px) 100vw, 600px\" \/><\/a><\/p>\n<p>I was where I was (2021, 02&#8217;01), de Gabriele Rossi, Paris &#8211; France<\/p>\n<p>Memory of us (2021, 04&#8217;05), de Niko Tiainen, Rauma &#8211; Finl\u00e2ndia<\/p>\n<p>Inconsolable (2021, 03&#8217;52), de Michel Pavlou, Noruega<\/p>\n<p>Parenthesis (2021, 04&#8242;), de Vasilios Papaioannu, Washington &#8211; USA<\/p>\n<p>SO-FI (2020, 02&#8217;13), de Francine Nunes de Lima, Santa Maria, RS &#8211; Brasil<\/p>\n<p>hai quases (2021, 05&#8242;), de Lilian schmeil Lilian Schmeil, Florian\u00f3polis, SC &#8211; Brasil<\/p>\n<p>Dies in Lumine (2021, 04&#8217;36), de Nagia Siouli, Atenas &#8211; Gr\u00e9cia<\/p>\n<p><a href=\"https:\/\/wp.ufpel.edu.br\/mestradoartesvisuais\/files\/2021\/11\/241543973_532384921586209_4471535275806781327_n-nagia-siouli.jpg\"><img class=\"alignnone size-full wp-image-8228\" src=\"https:\/\/wp.ufpel.edu.br\/mestradoartesvisuais\/files\/2021\/11\/241543973_532384921586209_4471535275806781327_n-nagia-siouli.jpg\" alt=\"\" width=\"309\" height=\"206\" \/><\/a><\/p>\n<p>Derroche (2019, 01&#8217;30), Mayra Huerta Jim\u00e9nez, Tijuana, Baja California &#8211; M\u00e9xico<\/p>\n<p>APA (2021, 03&#8242;), de Maisha Maene and Leo Nelki, DR Congo<\/p>\n<p>Deixamos rastros por onde passamos<\/p>\n<p>Beyond The Body and Gender II (2021, 04&#8217;56), de Debashish Paul, Bengala Occidental &#8211; \u00cdndia<\/p>\n<p>Entropia 03 (2021, 04&#8217;42), de Isabel P\u00e9rez del Pulgar, Douarnenez &#8211; Fran\u00e7a<\/p>\n<p>Year of the Sun (2020, 04&#8217;50), de Paulius Sliaupa and Elia Claessen, Vilnius &#8211; Litu\u00e2nia<\/p>\n<p>Unreliable Narrator (2021, 02&#8217;52), de Ianni Barros Luna, Bras\u00edlia, DF &#8211; Brasil<\/p>\n<p>Risco (2020, 04&#8217;15), de Luisa Cunha Machala, Belo Horizonte, MG &#8211; Brasil<\/p>\n<p>Ficci\u00f3n Natural (2020, 01&#8217;10), de Maria Belen Robeda, La Plata, Buenos Aires &#8211; Argentina<\/p>\n<p>Olm\u00e8 (2020, 05&#8242;), de Salvatore Insana, Roma &#8211; It\u00e1lia<\/p>\n<p>Farewell (2021, 04&#8217;05), de Amadeus Coletta, S\u00e3o Paulo, SP &#8211; Brasil.<\/p>\n<p>On a stormy day (2021, 02&#8217;24), de Gil Zablodovsky, Bat Yam &#8211; Israel<\/p>\n<p>Ha\u00efku d\u2019hiver &#8211; 9 (2019, 05&#8242;), de Muriel Montini, Paris &#8211; Fran\u00e7a<\/p>\n<p>MECANISMO (2020, 04&#8217;14), de Flakorojas (Jos\u00e9 Rojas), Bruxelas, B\u00e9lgica<\/p>\n<p><a href=\"https:\/\/wp.ufpel.edu.br\/mestradoartesvisuais\/files\/2021\/11\/Mecanismo-Poster-Flakorojas-scaled.jpg\"><img class=\"alignnone size-large wp-image-8230\" src=\"https:\/\/wp.ufpel.edu.br\/mestradoartesvisuais\/files\/2021\/11\/Mecanismo-Poster-Flakorojas-768x1024.jpg\" alt=\"\" width=\"768\" height=\"1024\" srcset=\"https:\/\/wp.ufpel.edu.br\/mestradoartesvisuais\/files\/2021\/11\/Mecanismo-Poster-Flakorojas-768x1024.jpg 768w, https:\/\/wp.ufpel.edu.br\/mestradoartesvisuais\/files\/2021\/11\/Mecanismo-Poster-Flakorojas-300x400.jpg 300w, https:\/\/wp.ufpel.edu.br\/mestradoartesvisuais\/files\/2021\/11\/Mecanismo-Poster-Flakorojas-1152x1536.jpg 1152w, https:\/\/wp.ufpel.edu.br\/mestradoartesvisuais\/files\/2021\/11\/Mecanismo-Poster-Flakorojas-1536x2048.jpg 1536w, https:\/\/wp.ufpel.edu.br\/mestradoartesvisuais\/files\/2021\/11\/Mecanismo-Poster-Flakorojas-scaled.jpg 1920w\" sizes=\"(max-width: 768px) 100vw, 768px\" \/><\/a><\/p>\n<p>07911\/2007\/001\/2015 (2021, 04&#8242;), de Maria Malpa, Belo Horizonte, MG &#8211; Brasil<\/p>\n<p>Demencia clim\u00e1tica (2019, 04&#8242;), de Laura &amp; Sira Cabrera, Madrid &#8211; Espanha<\/p>\n<p>Discrimina\u00e7\u00e3o e Preconceito (2021, 05&#8242;), de Marcel Leandro Szymanski, Curitiba, PR &#8211; Brasil<\/p>\n<p>Fabula\u00e7\u00f5es audiovisuais<\/p>\n<p>Victoria (2020, 0&#8217;56), de Pablo Benjam\u00edn Nieto Mercado, Tultitl\u00e1n, Lomas de Cartagena &#8211; M\u00e9xico<\/p>\n<p>The First After-Corona Kiss (2020, 04&#8217;05), de Maria Korporal, Berlim &#8211; Alemanha<\/p>\n<p>Nirvana (2021, 03&#8242;), de Fran Orallo, Glasgow &#8211; Esc\u00f3cia<\/p>\n<p>43 (2020, 04&#8217;55), de Enrica Sirigu, Cagliari &#8211; It\u00e1lia<\/p>\n<p>A Mundane Experience (2020, 04&#8217;38), de Calum Stamper, Northallerton, Reino Unido<\/p>\n<p>Fixing a Hole (2019, 03&#8217;10), de Pierre Ajavon, Paris, Fran\u00e7a<\/p>\n<p><a href=\"https:\/\/wp.ufpel.edu.br\/mestradoartesvisuais\/files\/2021\/11\/Pierre_Ajavon_Fixing_a_Hole-3-Pierre-Ajavon.jpg\"><img class=\"alignnone size-large wp-image-8222\" src=\"https:\/\/wp.ufpel.edu.br\/mestradoartesvisuais\/files\/2021\/11\/Pierre_Ajavon_Fixing_a_Hole-3-Pierre-Ajavon-1024x576.jpg\" alt=\"\" width=\"1024\" height=\"576\" srcset=\"https:\/\/wp.ufpel.edu.br\/mestradoartesvisuais\/files\/2021\/11\/Pierre_Ajavon_Fixing_a_Hole-3-Pierre-Ajavon-1024x576.jpg 1024w, https:\/\/wp.ufpel.edu.br\/mestradoartesvisuais\/files\/2021\/11\/Pierre_Ajavon_Fixing_a_Hole-3-Pierre-Ajavon-400x225.jpg 400w, https:\/\/wp.ufpel.edu.br\/mestradoartesvisuais\/files\/2021\/11\/Pierre_Ajavon_Fixing_a_Hole-3-Pierre-Ajavon-768x432.jpg 768w, https:\/\/wp.ufpel.edu.br\/mestradoartesvisuais\/files\/2021\/11\/Pierre_Ajavon_Fixing_a_Hole-3-Pierre-Ajavon-1536x864.jpg 1536w, https:\/\/wp.ufpel.edu.br\/mestradoartesvisuais\/files\/2021\/11\/Pierre_Ajavon_Fixing_a_Hole-3-Pierre-Ajavon.jpg 1920w\" sizes=\"(max-width: 1024px) 100vw, 1024px\" \/><\/a><\/p>\n<p>QUEIMA I (2021, 01&#8217;20), de Rafael Carvalho de Albuquerque, Curitiba, PR &#8211; Brasil<\/p>\n<p>Gates (2020, 01&#8217;57), de Mattia Sugamiele, It\u00e1lia<\/p>\n<p>The end of the signifiers (2021, 03&#8217;15), de Jos\u00e9 M. Delgadillo , San Luis Potos\u00ed &#8211; M\u00e9xico<\/p>\n<p>Family origin (2021, 04&#8242;), de Roberto Andres Flores Mu\u00f1oz, Lima &#8211; Per\u00fa<\/p>\n<p>Videostalgia, four films in reverse (2020, 03&#8217;21), de James Johnson-Perkins, Chequi\u00e3o &#8211; China<\/p>\n<p>Like a rat in a cage &#8211; an infodemic short video (2020, 02&#8217;27), de Matteo Campulla, Mil\u00e3o &#8211; It\u00e1lia<\/p>\n<p><a href=\"https:\/\/wp.ufpel.edu.br\/mestradoartesvisuais\/files\/2021\/11\/8978798-Matteo-Campulla.png\"><img class=\"alignnone size-large wp-image-8227\" src=\"https:\/\/wp.ufpel.edu.br\/mestradoartesvisuais\/files\/2021\/11\/8978798-Matteo-Campulla-683x1024.png\" alt=\"\" width=\"683\" height=\"1024\" srcset=\"https:\/\/wp.ufpel.edu.br\/mestradoartesvisuais\/files\/2021\/11\/8978798-Matteo-Campulla-683x1024.png 683w, https:\/\/wp.ufpel.edu.br\/mestradoartesvisuais\/files\/2021\/11\/8978798-Matteo-Campulla-267x400.png 267w, https:\/\/wp.ufpel.edu.br\/mestradoartesvisuais\/files\/2021\/11\/8978798-Matteo-Campulla-768x1152.png 768w, https:\/\/wp.ufpel.edu.br\/mestradoartesvisuais\/files\/2021\/11\/8978798-Matteo-Campulla-1024x1536.png 1024w, https:\/\/wp.ufpel.edu.br\/mestradoartesvisuais\/files\/2021\/11\/8978798-Matteo-Campulla-1365x2048.png 1365w, https:\/\/wp.ufpel.edu.br\/mestradoartesvisuais\/files\/2021\/11\/8978798-Matteo-Campulla.png 2000w\" sizes=\"(max-width: 683px) 100vw, 683px\" \/><\/a><\/p>\n<p>Transgress\u00e3o &#8211; Uma vis\u00e3o p\u00f3s-humana (2021, 02\u2019), de Hernando Urrutia, Funchal &#8211; Portugal<\/p>\n<p>The left hand of darkness (2019, 4&#8217;10), de Sara Bonaventura, Preganziol &#8211; It\u00e1lia<\/p>\n<p>*restored (2021, 04&#8217;31), de blanche the vidiot (Szabina P\u00e9ter e Krist\u00f3f J\u00e1nos Bodn\u00e1r), Debrecen &#8211; Hungria<\/p>\n<p>Chicken Dinner (2020, 01&#8242;), de Natasha Cantwell, Melbourne &#8211; Australia<\/p>\n<p>Corporeografias<\/p>\n<p>Plenitude (2020, 05&#8242;), de Guilherme Bergamini, Belo Horizonte, MG &#8211; BR<\/p>\n<p>N\u00e3o \u00e9 o sol que faz sombra (2020, 02&#8217;57), de Victor Augusto Oliveira Mota, Salvador, BA &#8211; Brasil<\/p>\n<p>Caos (2020, 03&#8217;39), de Fernando Vidal &#8211; Arauc\u00e1ria, PR, Brasil<\/p>\n<p>O que o vento leva? (2020, 01&#8217;51), de Fl\u00e1via Luana de Souza Lopes, Parnamirim, RN &#8211; Brasil<\/p>\n<p><a href=\"https:\/\/wp.ufpel.edu.br\/mestradoartesvisuais\/files\/2021\/11\/cartaz-Flavia-Luana.png\"><img class=\"alignnone size-large wp-image-8225\" src=\"https:\/\/wp.ufpel.edu.br\/mestradoartesvisuais\/files\/2021\/11\/cartaz-Flavia-Luana-1024x1024.png\" alt=\"\" width=\"1024\" height=\"1024\" srcset=\"https:\/\/wp.ufpel.edu.br\/mestradoartesvisuais\/files\/2021\/11\/cartaz-Flavia-Luana-1024x1024.png 1024w, https:\/\/wp.ufpel.edu.br\/mestradoartesvisuais\/files\/2021\/11\/cartaz-Flavia-Luana-400x400.png 400w, https:\/\/wp.ufpel.edu.br\/mestradoartesvisuais\/files\/2021\/11\/cartaz-Flavia-Luana-200x200.png 200w, https:\/\/wp.ufpel.edu.br\/mestradoartesvisuais\/files\/2021\/11\/cartaz-Flavia-Luana-768x768.png 768w, https:\/\/wp.ufpel.edu.br\/mestradoartesvisuais\/files\/2021\/11\/cartaz-Flavia-Luana-1536x1536.png 1536w, https:\/\/wp.ufpel.edu.br\/mestradoartesvisuais\/files\/2021\/11\/cartaz-Flavia-Luana-2048x2048.png 2048w\" sizes=\"(max-width: 1024px) 100vw, 1024px\" \/><\/a><\/p>\n<p>Dark matter, Red lines and Stendhal imprint (2021, 04&#8217;36), de Sylvain Souklaye, Brooklyn &#8211; EUA<\/p>\n<p>Woodworm Lab (2020, 03&#8217;33), de Nacho Recio, M\u00e1laga &#8211; Espanha<\/p>\n<p>Oficina do Diabo (2020, 03&#8217;21), de Caim Pacheco, Rio de Janeiro, RJ &#8211; Brasil<\/p>\n<p>Paralelo Exit (2019, 04&#8217;55), de Jonhnata Samuel Oliveira de Lima, Natal, RN &#8211; Brasil<\/p>\n<p>D\u00edas de sombrilla (2019, 02&#8217;43), de Julian Martinez, Pereira &#8211;\u00a0 Col\u00f4mbia<\/p>\n<p>Unisono (2019, 05&#8242;). de Vilma Tihil\u00e4 &amp; Sami Hokkanen, Helsinque &#8211; Finl\u00e2ndia<\/p>\n<p>Como Dan\u00e7ar Funk (2021, 02&#8242;), de Ilana Paterman Brasil, Rio de Janeiro, RJ &#8211; Brasil<\/p>\n<p>Mem\u00f3rias incorporadas<\/p>\n<p>The End (2021, 02&#8217;51), de Kateryna Berlova, Ucr\u00e2nia<\/p>\n<p>Heart Beats (2021, 04&#8217;07), de Anabella Lenzu, Nova Iorque &#8211; EUA<\/p>\n<p>Restos Mortais (2021, 05&#8242;), Paula Solaris, Porto Alegre, RS &#8211; Brasil<\/p>\n<p>I have no words (2021, 04&#8217;29), de Eija Marita Temisev\u00e4, Finlandia<\/p>\n<p>Flies &#8211; less skin (2021, 03&#8217;56), de Francesca Bonfatti, It\u00e1lia<\/p>\n<p>Asphyxia (2020, 02&#8217;48), de Alina Tofan, Bucharest<\/p>\n<p>Entelechia Obscura (2021, 04&#8242;), de Cristiano Panepuccia, Roma &#8211; It\u00e1lia<\/p>\n<p>return&#8230;back&#8230;return (2020, 03&#8217;04), de Johannes Christopher Gerard, Haia &#8211; Pa\u00edses Baixos<\/p>\n<p>Vit\u00f3ria &#8211; em Mem\u00f3ria (2020, 04&#8217;24), de Paulo Cesar Ferreira da Silva, Rio Grande, RS &#8211; Brasil<\/p>\n<p>Metal e Sangue (2020, 01&#8217;51), de Annalies Barbosa Borges,\u00a0 Fortaleza, CE &#8211; Bra<\/p>\n<p><a href=\"https:\/\/wp.ufpel.edu.br\/mestradoartesvisuais\/files\/2021\/11\/Imagem-para-divulgac\u0327a\u0303o-Leituras-Alinhavadas.png\"><img class=\"alignnone size-large wp-image-8229\" src=\"https:\/\/wp.ufpel.edu.br\/mestradoartesvisuais\/files\/2021\/11\/Imagem-para-divulgac\u0327a\u0303o-Leituras-Alinhavadas-1024x724.png\" alt=\"\" width=\"1024\" height=\"724\" srcset=\"https:\/\/wp.ufpel.edu.br\/mestradoartesvisuais\/files\/2021\/11\/Imagem-para-divulgac\u0327a\u0303o-Leituras-Alinhavadas-1024x724.png 1024w, https:\/\/wp.ufpel.edu.br\/mestradoartesvisuais\/files\/2021\/11\/Imagem-para-divulgac\u0327a\u0303o-Leituras-Alinhavadas-400x283.png 400w, https:\/\/wp.ufpel.edu.br\/mestradoartesvisuais\/files\/2021\/11\/Imagem-para-divulgac\u0327a\u0303o-Leituras-Alinhavadas-768x543.png 768w, https:\/\/wp.ufpel.edu.br\/mestradoartesvisuais\/files\/2021\/11\/Imagem-para-divulgac\u0327a\u0303o-Leituras-Alinhavadas-1536x1086.png 1536w, https:\/\/wp.ufpel.edu.br\/mestradoartesvisuais\/files\/2021\/11\/Imagem-para-divulgac\u0327a\u0303o-Leituras-Alinhavadas-2048x1448.png 2048w\" sizes=\"(max-width: 1024px) 100vw, 1024px\" \/><\/a><\/p>\n<p>Apost\u00e1sias (2021, 03&#8217;28), de Felipe Esparza P\u00e9rez, Fran\u00e7a<\/p>\n<p>ORGANIZA\u00c7\u00c3O FIVA SPMAV 2021<br \/>\nCoordena\u00e7\u00e3o<br \/>\nRos\u00e2ngela Fachel \u2013 UFPel<br \/>\nGabriela Motta &#8211; UFPel<\/p>\n<p>Comiss\u00e3o organizadora<br \/>\nCarolina Foga\u00e7a Tenotti \u2013 UFPel<br \/>\nGiulianna Picolo Bertinetti \u2013 UFPel<br \/>\nGuilherme Susin Sirtoli \u2013 UFPel<br \/>\nJ\u00falia Petiz Porto \u2013 UFPel<br \/>\nJos\u00e9 Paulo Portela \u2013 UFPel<br \/>\nWagner Ferreira Previtali \u2013 UFPel<\/p>\n<p>Comiss\u00e3o avaliadora convidada<br \/>\nEst\u00eav\u00e3o da Fontoura &#8211; artista multim\u00eddia, IFRS &#8211; Os\u00f3rio<br \/>\nJoacelio Batista &#8211; TIMELINE:BH &#8211; Festival Internacional de Videoarte em Belo Horizonte<br \/>\nMariane Rotter &#8211; artista visual, UERGS<br \/>\nRaquel Andrade &#8211; artista visual, IFRS \u2013 Rio Grande<\/p>\n<p>Expografia<br \/>\nRos\u00e2ngela Fachel \u2013 UFPel<\/p>\n<p>Realiza\u00e7\u00e3o<br \/>\nPrograma de P\u00f3s-gradua\u00e7\u00e3o em Artes Visuais &#8211; PPGAVI, da Universidade Federal de Pelotas &#8211; UFPel<\/p>\n<p>Apoio<br \/>\nCorredor 14, Pelotas @corredor_14<br \/>\nMuseu de Arte Leopoldo Gotuzzo &#8211; MALG, Pelotas @malg.ufpel<br \/>\nCentro de Artes \/ Universidade Federal de Pelotas @ca_ufpel<br \/>\nRedINAV &#8211; Red Iberoamericana de Investigaci\u00f3n en Narrativas Audiovisuales @laredinav<\/p>\n","protected":false},"excerpt":{"rendered":"<p>Acontece hoje, dia 11 de novembro, a abertura da mostra h\u00edbrida do FIVA SPMAV 2021. \u00c0s 18h, abertura da mostra virtual no Canal do FIVA SPMAV &#8211; que ficar\u00e1 dispon\u00edvel para o livre acesso at\u00e9 o dia 22 de novembro \u00c0s 19h30min, proje\u00e7\u00e3o na fachada do Museu Leopoldo Gotuzzo &#8211; Malg &#8211; e sempre nesse [&hellip;]<\/p>\n","protected":false},"author":301,"featured_media":0,"comment_status":"closed","ping_status":"closed","sticky":false,"template":"","format":"standard","meta":{"jetpack_post_was_ever_published":false,"_jetpack_newsletter_access":"","_jetpack_dont_email_post_to_subs":false,"_jetpack_newsletter_tier_id":0,"_jetpack_memberships_contains_paywalled_content":false,"_jetpack_memberships_contains_paid_content":false,"footnotes":"","jetpack_publicize_message":"","jetpack_publicize_feature_enabled":true,"jetpack_social_post_already_shared":true,"jetpack_social_options":{"image_generator_settings":{"template":"highway","default_image_id":0,"font":"","enabled":false},"version":2}},"categories":[18],"tags":[],"class_list":["post-8219","post","type-post","status-publish","format-standard","hentry","category-sem-categoria"],"jetpack_publicize_connections":[],"jetpack_featured_media_url":"","jetpack_sharing_enabled":true,"_links":{"self":[{"href":"https:\/\/wp.ufpel.edu.br\/mestradoartesvisuais\/index.php?rest_route=\/wp\/v2\/posts\/8219","targetHints":{"allow":["GET"]}}],"collection":[{"href":"https:\/\/wp.ufpel.edu.br\/mestradoartesvisuais\/index.php?rest_route=\/wp\/v2\/posts"}],"about":[{"href":"https:\/\/wp.ufpel.edu.br\/mestradoartesvisuais\/index.php?rest_route=\/wp\/v2\/types\/post"}],"author":[{"embeddable":true,"href":"https:\/\/wp.ufpel.edu.br\/mestradoartesvisuais\/index.php?rest_route=\/wp\/v2\/users\/301"}],"replies":[{"embeddable":true,"href":"https:\/\/wp.ufpel.edu.br\/mestradoartesvisuais\/index.php?rest_route=%2Fwp%2Fv2%2Fcomments&post=8219"}],"version-history":[{"count":2,"href":"https:\/\/wp.ufpel.edu.br\/mestradoartesvisuais\/index.php?rest_route=\/wp\/v2\/posts\/8219\/revisions"}],"predecessor-version":[{"id":8232,"href":"https:\/\/wp.ufpel.edu.br\/mestradoartesvisuais\/index.php?rest_route=\/wp\/v2\/posts\/8219\/revisions\/8232"}],"wp:attachment":[{"href":"https:\/\/wp.ufpel.edu.br\/mestradoartesvisuais\/index.php?rest_route=%2Fwp%2Fv2%2Fmedia&parent=8219"}],"wp:term":[{"taxonomy":"category","embeddable":true,"href":"https:\/\/wp.ufpel.edu.br\/mestradoartesvisuais\/index.php?rest_route=%2Fwp%2Fv2%2Fcategories&post=8219"},{"taxonomy":"post_tag","embeddable":true,"href":"https:\/\/wp.ufpel.edu.br\/mestradoartesvisuais\/index.php?rest_route=%2Fwp%2Fv2%2Ftags&post=8219"}],"curies":[{"name":"wp","href":"https:\/\/api.w.org\/{rel}","templated":true}]}}