{"id":8198,"date":"2021-11-08T08:21:51","date_gmt":"2021-11-08T11:21:51","guid":{"rendered":"https:\/\/wp.ufpel.edu.br\/mestradoartesvisuais\/?p=8198"},"modified":"2021-11-08T08:21:51","modified_gmt":"2021-11-08T11:21:51","slug":"fiva-spmav-2021-festival-internacional-de-videoarte-spmav","status":"publish","type":"post","link":"https:\/\/wp.ufpel.edu.br\/mestradoartesvisuais\/?p=8198","title":{"rendered":"FIVA SPMAV 2021 &#8211; Festival Internacional de Videoarte SPMAV"},"content":{"rendered":"<p>Em sua terceira edi\u00e7\u00e3o, o FIVA SPMAV 2021, que acontece no marco das atividades do Semin\u00e1rio de Pesquisa do Mestrado em Artes Visuais &#8211; SPMAV, do Programa de P\u00f3s-gradua\u00e7\u00e3o Artes Visuais, homologou 204 inscri\u00e7\u00f5es, advindas de 35 pa\u00edses: Alemanha, Argentina, Austr\u00e1lia, Belarus\/Bielo R\u00fassia, B\u00e9lgica, Brasil, China, Col\u00f4mbia, Congo, Cro\u00e1cia, Esc\u00f3cia, Espanha, Estados Unidos, Finl\u00e2ndia, Fran\u00e7a, Gr\u00e9cia, Guatemala, Holanda, Hungria, \u00cdndia, Indon\u00e9sia, Inglaterra, Israel, It\u00e1lia, Litu\u00e2nia, M\u00e9xico, Noruega, Peru, Pol\u00f4nia, Portugal, Rom\u00eania, Su\u00ed\u00e7a, Tail\u00e2ndia, Ucr\u00e2nia e Venezuela, e de 15 estados do Brasil: Amazonas, Bahia, Cear\u00e1, Distrito Federal, Goi\u00e1s, Minas Gerais, Par\u00e1, Paran\u00e1, Pernambuco, Rio de Janeiro, Rio Grande do Norte, Rio Grande do Sul, Rond\u00f4nia, Santa Catarina e S\u00e3o Paulo.<\/p>\n<p>A sele\u00e7\u00e3o dos trabalhos que ir\u00e3o compor os programas da mostra do festival est\u00e1 a cargo da Comiss\u00e3o Avaliadora convidada, composta por:<\/p>\n<p><a href=\"https:\/\/wp.ufpel.edu.br\/mestradoartesvisuais\/files\/2021\/11\/ID_SPMAV_posts_PSD_avaliadores_ESTEVAO-1.png\"><img class=\"alignnone size-large wp-image-8200\" src=\"https:\/\/wp.ufpel.edu.br\/mestradoartesvisuais\/files\/2021\/11\/ID_SPMAV_posts_PSD_avaliadores_ESTEVAO-1-1019x1024.png\" alt=\"\" width=\"1019\" height=\"1024\" srcset=\"https:\/\/wp.ufpel.edu.br\/mestradoartesvisuais\/files\/2021\/11\/ID_SPMAV_posts_PSD_avaliadores_ESTEVAO-1-1019x1024.png 1019w, https:\/\/wp.ufpel.edu.br\/mestradoartesvisuais\/files\/2021\/11\/ID_SPMAV_posts_PSD_avaliadores_ESTEVAO-1-398x400.png 398w, https:\/\/wp.ufpel.edu.br\/mestradoartesvisuais\/files\/2021\/11\/ID_SPMAV_posts_PSD_avaliadores_ESTEVAO-1-200x200.png 200w, https:\/\/wp.ufpel.edu.br\/mestradoartesvisuais\/files\/2021\/11\/ID_SPMAV_posts_PSD_avaliadores_ESTEVAO-1-768x772.png 768w, https:\/\/wp.ufpel.edu.br\/mestradoartesvisuais\/files\/2021\/11\/ID_SPMAV_posts_PSD_avaliadores_ESTEVAO-1.png 1080w\" sizes=\"(max-width: 1019px) 100vw, 1019px\" \/><\/a><br \/>\nEst\u00eav\u00e3o da Fontoura \u00e9 artista multim\u00eddia e professor inquieto, acredita na transforma\u00e7\u00e3o da sociedade pela educa\u00e7\u00e3o e pela arte. Sua trajet\u00f3ria conta com participa\u00e7\u00e3o em projetos reconhecidos no contexto nacional, como o \u201cProjeto Casa Grande\u201d, vencedor do Pr\u00eamio FUNARTE de Arte Negra (2012), regional, como a sele\u00e7\u00e3o para o 67o Sal\u00e3o Paranaense (2021), estadual, como o projeto \u201cDesobeci\u00eancia: arte e ci\u00eancia no tempo presente\u201d, contemplado pelo edital FAC Movimento (2019) da SEDAC-RS, e local, como o projeto \u201cFora da Gaiola: tensionamentos da paisagem sonora\u201d, realizado com fomento do edital \u201cJogue Limpo com a Cultura\u201d, da Prefeitura Municipal de Os\u00f3rio\/RS em 2020.<\/p>\n<p><a href=\"https:\/\/wp.ufpel.edu.br\/mestradoartesvisuais\/files\/2021\/11\/ID_SPMAV_posts_PSD_avaliadores_JOACELINO-1.png\"><img class=\"alignnone size-large wp-image-8201\" src=\"https:\/\/wp.ufpel.edu.br\/mestradoartesvisuais\/files\/2021\/11\/ID_SPMAV_posts_PSD_avaliadores_JOACELINO-1-1019x1024.png\" alt=\"\" width=\"1019\" height=\"1024\" srcset=\"https:\/\/wp.ufpel.edu.br\/mestradoartesvisuais\/files\/2021\/11\/ID_SPMAV_posts_PSD_avaliadores_JOACELINO-1-1019x1024.png 1019w, https:\/\/wp.ufpel.edu.br\/mestradoartesvisuais\/files\/2021\/11\/ID_SPMAV_posts_PSD_avaliadores_JOACELINO-1-398x400.png 398w, https:\/\/wp.ufpel.edu.br\/mestradoartesvisuais\/files\/2021\/11\/ID_SPMAV_posts_PSD_avaliadores_JOACELINO-1-200x200.png 200w, https:\/\/wp.ufpel.edu.br\/mestradoartesvisuais\/files\/2021\/11\/ID_SPMAV_posts_PSD_avaliadores_JOACELINO-1-768x772.png 768w, https:\/\/wp.ufpel.edu.br\/mestradoartesvisuais\/files\/2021\/11\/ID_SPMAV_posts_PSD_avaliadores_JOACELINO-1.png 1080w\" sizes=\"(max-width: 1019px) 100vw, 1019px\" \/><\/a><br \/>\nJoacelio Batista \u00e9 artista visual e filmmaker. Cocriador e cocurador da TIMELINE:BH Festival Internacional de Videoarte em Belo Horizonte, Brasil, desde 2015. Vive e trabalha em Belo Horizonte, Brasil. Mestre em Cria\u00e7\u00e3o Art\u00edstica Contempor\u00e2nea pela Universidade de Aveiro, Portugal. Graduado em Cinema de Anima\u00e7\u00e3o e Desenho na Escola de Belas Artes da Universidade Federal de Minas Gerais \u2013 UFMG.<\/p>\n<p><a href=\"https:\/\/wp.ufpel.edu.br\/mestradoartesvisuais\/files\/2021\/11\/ID_SPMAV_posts_PSD_avaliadores_4-3.png\"><img class=\"alignnone size-large wp-image-8202\" src=\"https:\/\/wp.ufpel.edu.br\/mestradoartesvisuais\/files\/2021\/11\/ID_SPMAV_posts_PSD_avaliadores_4-3-1019x1024.png\" alt=\"\" width=\"1019\" height=\"1024\" srcset=\"https:\/\/wp.ufpel.edu.br\/mestradoartesvisuais\/files\/2021\/11\/ID_SPMAV_posts_PSD_avaliadores_4-3-1019x1024.png 1019w, https:\/\/wp.ufpel.edu.br\/mestradoartesvisuais\/files\/2021\/11\/ID_SPMAV_posts_PSD_avaliadores_4-3-398x400.png 398w, https:\/\/wp.ufpel.edu.br\/mestradoartesvisuais\/files\/2021\/11\/ID_SPMAV_posts_PSD_avaliadores_4-3-200x200.png 200w, https:\/\/wp.ufpel.edu.br\/mestradoartesvisuais\/files\/2021\/11\/ID_SPMAV_posts_PSD_avaliadores_4-3-768x772.png 768w, https:\/\/wp.ufpel.edu.br\/mestradoartesvisuais\/files\/2021\/11\/ID_SPMAV_posts_PSD_avaliadores_4-3.png 1080w\" sizes=\"(max-width: 1019px) 100vw, 1019px\" \/><\/a><br \/>\nMariane Rotter \u00e9 artista visual e professora. Atualmente realiza doutoramento em Artes Visuais, pelo Programa de P\u00f3s-gradua\u00e7\u00e3o em Artes &#8211; PPGAV, da Universidade Federal do Rio Grande do Sul &#8211; UFRGS. \u00c9 Professora Assistente no Curso de Gradua\u00e7\u00e3o em Artes Visuais da Universidade Estadual do Rio Grande do Sul &#8211; Uergs. Coordena o N\u00facleo de Fotografia da Uergs e integra o Grupo de Pesquisa Flume Educa\u00e7\u00e3o e Artes Visuais. Desde 2002, desenvolve o projeto Meu ponto de vista, onde fotografa o seu cotidiano a um metro e trinta do ch\u00e3o, apresentando um olhar n\u00e3o usual, realizando autorretratos incomuns, sob o seu ponto de vista.<\/p>\n<p><a href=\"https:\/\/wp.ufpel.edu.br\/mestradoartesvisuais\/files\/2021\/11\/ID_SPMAV_posts_PSD_avaliadores_RAQUEL-1.png\"><img class=\"alignnone size-large wp-image-8203\" src=\"https:\/\/wp.ufpel.edu.br\/mestradoartesvisuais\/files\/2021\/11\/ID_SPMAV_posts_PSD_avaliadores_RAQUEL-1-1019x1024.png\" alt=\"\" width=\"1019\" height=\"1024\" srcset=\"https:\/\/wp.ufpel.edu.br\/mestradoartesvisuais\/files\/2021\/11\/ID_SPMAV_posts_PSD_avaliadores_RAQUEL-1-1019x1024.png 1019w, https:\/\/wp.ufpel.edu.br\/mestradoartesvisuais\/files\/2021\/11\/ID_SPMAV_posts_PSD_avaliadores_RAQUEL-1-398x400.png 398w, https:\/\/wp.ufpel.edu.br\/mestradoartesvisuais\/files\/2021\/11\/ID_SPMAV_posts_PSD_avaliadores_RAQUEL-1-200x200.png 200w, https:\/\/wp.ufpel.edu.br\/mestradoartesvisuais\/files\/2021\/11\/ID_SPMAV_posts_PSD_avaliadores_RAQUEL-1-768x772.png 768w, https:\/\/wp.ufpel.edu.br\/mestradoartesvisuais\/files\/2021\/11\/ID_SPMAV_posts_PSD_avaliadores_RAQUEL-1.png 1080w\" sizes=\"(max-width: 1019px) 100vw, 1019px\" \/><\/a><br \/>\nRaquel Andrade \u00e9 artista visual, professora e pesquisadora. Doutora em Po\u00e9ticas Visuais pelo Programa de P\u00f3s-gradua\u00e7\u00e3o em Artes PPGAV, da Universidade Federal do Rio Grande do Sul &#8211; UFRGS. Professora do Instituto Federal do Rio Grande do Sul &#8211; IFRS, Rio Grande. L\u00edder do grupo de pesquisa Humanizar o humano: arte, corpo, linguagem e meio ambiente (IFRS\/CNPq); Criadora e coordenadora do N\u00facleo de Produ\u00e7\u00e3o audiovisual OfCine, IFRS. Idealizadora e coordenadora da Mostra de Cinema Latino-Americano de Rio Grande, Rio Grande, Brasil, desde 2016.<\/p>\n<p>Em breve, divulgaremos a lista de videoartes selecionadas!<\/p>\n<p>A mostra FIVA SPMAV 2021 poder\u00e1 ser\u00e1 exibida em seu canal do Youtube e ser\u00e1 projetada na fachada do Museu de Arte Leopoldo Gotuzzo &#8211; MALG.<br \/>\nFIVA SPMAV Festival Internacional Videoarte SPMAV<\/p>\n<p>ORGANIZA\u00c7\u00c3O FIVA SPMAV 2021<br \/>\nCoordena\u00e7\u00e3o<br \/>\nRos\u00e2ngela Fachel \u2013 UFPel<br \/>\nGabriela Motta &#8211; UFPel<\/p>\n<p>Comiss\u00e3o organizadora<br \/>\nCarolina Foga\u00e7a Tenotti \u2013 UFPel<br \/>\nGiovani Bosica \u2013 UFPel<br \/>\nGuilherme Susin Sirtoli \u2013 UFPel<br \/>\nJ\u00falia Petiz Porto \u2013 UFPel<br \/>\nJos\u00e9 Paulo Portela \u2013 UFPel<br \/>\nWagner Ferreira Previtali \u2013 UFPel<\/p>\n<p>REALIZA\u00c7\u00c3O<br \/>\nPrograma de P\u00f3s-gradua\u00e7\u00e3o em Artes Visuais &#8211; PPGAVI, da Universidade Federal de Pelotas &#8211; UFPel<\/p>\n<p>APOIADORES<br \/>\nCorredor 14, Pelotas @corredor_14<br \/>\nMuseu de Arte Leopoldo Gotuzzo &#8211; MALG, Pelotas @malg.ufpel<br \/>\nCentro de Artes \/ Universidade Federal de Pelotas @ca_ufpel<br \/>\nRedINAV &#8211; Red Iberoamericana de Investigaci\u00f3n en Narrativas Audiovisuales @laredinav<\/p>\n","protected":false},"excerpt":{"rendered":"<p>Em sua terceira edi\u00e7\u00e3o, o FIVA SPMAV 2021, que acontece no marco das atividades do Semin\u00e1rio de Pesquisa do Mestrado em Artes Visuais &#8211; SPMAV, do Programa de P\u00f3s-gradua\u00e7\u00e3o Artes Visuais, homologou 204 inscri\u00e7\u00f5es, advindas de 35 pa\u00edses: Alemanha, Argentina, Austr\u00e1lia, Belarus\/Bielo R\u00fassia, B\u00e9lgica, Brasil, China, Col\u00f4mbia, Congo, Cro\u00e1cia, Esc\u00f3cia, Espanha, Estados Unidos, Finl\u00e2ndia, Fran\u00e7a, [&hellip;]<\/p>\n","protected":false},"author":301,"featured_media":0,"comment_status":"closed","ping_status":"closed","sticky":false,"template":"","format":"standard","meta":{"jetpack_post_was_ever_published":false,"_jetpack_newsletter_access":"","_jetpack_dont_email_post_to_subs":false,"_jetpack_newsletter_tier_id":0,"_jetpack_memberships_contains_paywalled_content":false,"_jetpack_memberships_contains_paid_content":false,"footnotes":"","jetpack_publicize_message":"","jetpack_publicize_feature_enabled":true,"jetpack_social_post_already_shared":true,"jetpack_social_options":{"image_generator_settings":{"template":"highway","default_image_id":0,"font":"","enabled":false},"version":2}},"categories":[18],"tags":[],"class_list":["post-8198","post","type-post","status-publish","format-standard","hentry","category-sem-categoria"],"jetpack_publicize_connections":[],"jetpack_featured_media_url":"","jetpack_sharing_enabled":true,"_links":{"self":[{"href":"https:\/\/wp.ufpel.edu.br\/mestradoartesvisuais\/index.php?rest_route=\/wp\/v2\/posts\/8198","targetHints":{"allow":["GET"]}}],"collection":[{"href":"https:\/\/wp.ufpel.edu.br\/mestradoartesvisuais\/index.php?rest_route=\/wp\/v2\/posts"}],"about":[{"href":"https:\/\/wp.ufpel.edu.br\/mestradoartesvisuais\/index.php?rest_route=\/wp\/v2\/types\/post"}],"author":[{"embeddable":true,"href":"https:\/\/wp.ufpel.edu.br\/mestradoartesvisuais\/index.php?rest_route=\/wp\/v2\/users\/301"}],"replies":[{"embeddable":true,"href":"https:\/\/wp.ufpel.edu.br\/mestradoartesvisuais\/index.php?rest_route=%2Fwp%2Fv2%2Fcomments&post=8198"}],"version-history":[{"count":1,"href":"https:\/\/wp.ufpel.edu.br\/mestradoartesvisuais\/index.php?rest_route=\/wp\/v2\/posts\/8198\/revisions"}],"predecessor-version":[{"id":8204,"href":"https:\/\/wp.ufpel.edu.br\/mestradoartesvisuais\/index.php?rest_route=\/wp\/v2\/posts\/8198\/revisions\/8204"}],"wp:attachment":[{"href":"https:\/\/wp.ufpel.edu.br\/mestradoartesvisuais\/index.php?rest_route=%2Fwp%2Fv2%2Fmedia&parent=8198"}],"wp:term":[{"taxonomy":"category","embeddable":true,"href":"https:\/\/wp.ufpel.edu.br\/mestradoartesvisuais\/index.php?rest_route=%2Fwp%2Fv2%2Fcategories&post=8198"},{"taxonomy":"post_tag","embeddable":true,"href":"https:\/\/wp.ufpel.edu.br\/mestradoartesvisuais\/index.php?rest_route=%2Fwp%2Fv2%2Ftags&post=8198"}],"curies":[{"name":"wp","href":"https:\/\/api.w.org\/{rel}","templated":true}]}}