{"id":8172,"date":"2021-10-25T15:20:17","date_gmt":"2021-10-25T18:20:17","guid":{"rendered":"https:\/\/wp.ufpel.edu.br\/mestradoartesvisuais\/?p=8172"},"modified":"2021-10-25T15:20:17","modified_gmt":"2021-10-25T18:20:17","slug":"submissao-de-resumo-ou-relato-de-experiencia-no-grupo-de-trabalho-14-geografia-e-arte-formas-de-pensar-e-fazer-o-cotidiano","status":"publish","type":"post","link":"https:\/\/wp.ufpel.edu.br\/mestradoartesvisuais\/?p=8172","title":{"rendered":"Submiss\u00e3o de resumo ou relato de experi\u00eancia no Grupo de Trabalho 14 &#8211; &#8220;Geografia e Arte: formas de pensar e fazer o cotidiano&#8221;"},"content":{"rendered":"<p><a href=\"https:\/\/wp.ufpel.edu.br\/mestradoartesvisuais\/files\/2021\/10\/GT14.jpeg\"><img class=\"alignnone size-full wp-image-8174\" src=\"https:\/\/wp.ufpel.edu.br\/mestradoartesvisuais\/files\/2021\/10\/GT14.jpeg\" alt=\"\" width=\"720\" height=\"998\" srcset=\"https:\/\/wp.ufpel.edu.br\/mestradoartesvisuais\/files\/2021\/10\/GT14.jpeg 720w, https:\/\/wp.ufpel.edu.br\/mestradoartesvisuais\/files\/2021\/10\/GT14-289x400.jpeg 289w\" sizes=\"(max-width: 720px) 100vw, 720px\" \/><\/a><\/p>\n<p>A Professora Ana Maio do PPGAVI &#8211; UFPel \/ ILA &#8211; FURG e a Professora Andrea Ortigara do ICH &#8211; UFPel convidam para submiss\u00e3o de resumo ou relato de experi\u00eancia no Grupo de Trabalho 14 &#8211; &#8220;Geografia e Arte: formas de pensar e fazer o cotidiano&#8221; junto ao VII Encontro Human\u00edstico Multidisciplinar e ao VI Congresso Latino-Americano De Estudos Human\u00edsticos Multidisciplinares do Instituto Conex\u00e3o Sociocultural (CONEX) e do Centro Latino-Americano de Estudos em Cultura (CLAEC), com apoio da UNIPAMPA.<\/p>\n<p>O evento ocorrer\u00e1 entre 13 e 17 de dezembro de 2021. Para submiss\u00e3o de resumo ou relato de experi\u00eancia acesse o site: https:\/\/claec.org\/ehm\/grupos-de-trabalho\/<\/p>\n","protected":false},"excerpt":{"rendered":"<p>A Professora Ana Maio do PPGAVI &#8211; UFPel \/ ILA &#8211; FURG e a Professora Andrea Ortigara do ICH &#8211; UFPel convidam para submiss\u00e3o de resumo ou relato de experi\u00eancia no Grupo de Trabalho 14 &#8211; &#8220;Geografia e Arte: formas de pensar e fazer o cotidiano&#8221; junto ao VII Encontro Human\u00edstico Multidisciplinar e ao VI [&hellip;]<\/p>\n","protected":false},"author":301,"featured_media":0,"comment_status":"closed","ping_status":"closed","sticky":false,"template":"","format":"standard","meta":{"jetpack_post_was_ever_published":false,"_jetpack_newsletter_access":"","_jetpack_dont_email_post_to_subs":false,"_jetpack_newsletter_tier_id":0,"_jetpack_memberships_contains_paywalled_content":false,"_jetpack_memberships_contains_paid_content":false,"footnotes":"","jetpack_publicize_message":"","jetpack_publicize_feature_enabled":true,"jetpack_social_post_already_shared":true,"jetpack_social_options":{"image_generator_settings":{"template":"highway","default_image_id":0,"font":"","enabled":false},"version":2}},"categories":[18],"tags":[],"class_list":["post-8172","post","type-post","status-publish","format-standard","hentry","category-sem-categoria"],"jetpack_publicize_connections":[],"jetpack_featured_media_url":"","jetpack_sharing_enabled":true,"_links":{"self":[{"href":"https:\/\/wp.ufpel.edu.br\/mestradoartesvisuais\/index.php?rest_route=\/wp\/v2\/posts\/8172","targetHints":{"allow":["GET"]}}],"collection":[{"href":"https:\/\/wp.ufpel.edu.br\/mestradoartesvisuais\/index.php?rest_route=\/wp\/v2\/posts"}],"about":[{"href":"https:\/\/wp.ufpel.edu.br\/mestradoartesvisuais\/index.php?rest_route=\/wp\/v2\/types\/post"}],"author":[{"embeddable":true,"href":"https:\/\/wp.ufpel.edu.br\/mestradoartesvisuais\/index.php?rest_route=\/wp\/v2\/users\/301"}],"replies":[{"embeddable":true,"href":"https:\/\/wp.ufpel.edu.br\/mestradoartesvisuais\/index.php?rest_route=%2Fwp%2Fv2%2Fcomments&post=8172"}],"version-history":[{"count":1,"href":"https:\/\/wp.ufpel.edu.br\/mestradoartesvisuais\/index.php?rest_route=\/wp\/v2\/posts\/8172\/revisions"}],"predecessor-version":[{"id":8175,"href":"https:\/\/wp.ufpel.edu.br\/mestradoartesvisuais\/index.php?rest_route=\/wp\/v2\/posts\/8172\/revisions\/8175"}],"wp:attachment":[{"href":"https:\/\/wp.ufpel.edu.br\/mestradoartesvisuais\/index.php?rest_route=%2Fwp%2Fv2%2Fmedia&parent=8172"}],"wp:term":[{"taxonomy":"category","embeddable":true,"href":"https:\/\/wp.ufpel.edu.br\/mestradoartesvisuais\/index.php?rest_route=%2Fwp%2Fv2%2Fcategories&post=8172"},{"taxonomy":"post_tag","embeddable":true,"href":"https:\/\/wp.ufpel.edu.br\/mestradoartesvisuais\/index.php?rest_route=%2Fwp%2Fv2%2Ftags&post=8172"}],"curies":[{"name":"wp","href":"https:\/\/api.w.org\/{rel}","templated":true}]}}