{"id":8169,"date":"2021-10-25T10:07:02","date_gmt":"2021-10-25T13:07:02","guid":{"rendered":"https:\/\/wp.ufpel.edu.br\/mestradoartesvisuais\/?p=8169"},"modified":"2021-11-08T09:21:49","modified_gmt":"2021-11-08T12:21:49","slug":"cronograma-das-defesas-de-qualificacoes-ppgavi-2021","status":"publish","type":"post","link":"https:\/\/wp.ufpel.edu.br\/mestradoartesvisuais\/?p=8169","title":{"rendered":"Cronograma das Defesas de Qualifica\u00e7\u00f5es PPGAVI 2021"},"content":{"rendered":"<table width=\"0\">\n<tbody>\n<tr>\n<td width=\"78\"><strong>Data<\/strong><\/td>\n<td width=\"150\"><strong>Discente<\/strong><\/td>\n<td width=\"367\"><strong>T\u00edtulo<\/strong><\/td>\n<td width=\"144\"><strong>Orientador<\/strong><\/td>\n<td width=\"94\"><strong>Hora<\/strong><\/td>\n<td width=\"121\"><strong>Local<\/strong><\/td>\n<\/tr>\n<tr>\n<td width=\"78\">06\/01\/21<\/td>\n<td width=\"150\">Tais Dias Galindo<\/td>\n<td width=\"367\">Um corpo pr\u00f3prio: a representa\u00e7\u00e3o da imagem da mulher em obras de artistas contempor\u00e2neas<\/td>\n<td width=\"144\">N\u00e1dia da Cruz Senna<\/td>\n<td width=\"94\">18h<\/td>\n<td width=\"121\">Sala Virtual da UFPel \u2013 Sistema WebConf<\/td>\n<\/tr>\n<tr>\n<td width=\"78\">27\/04\/21<\/td>\n<td width=\"150\">Maicon Fernando Oliveira Barbosa<\/td>\n<td width=\"367\">As visualidades da performance na cena LGBTQIA+: arte, educa\u00e7\u00e3o e diversidade<\/td>\n<td width=\"144\">Eleonora Campos da Motta Santos<\/td>\n<td width=\"94\">14h<\/td>\n<td width=\"121\">Sala Virtual da UFPel \u2013 Sistema WebConf<\/td>\n<\/tr>\n<tr>\n<td width=\"78\">29\/04\/21<\/td>\n<td width=\"150\">Marcos Aur\u00e9lio do Carmo Alvarenga<\/td>\n<td width=\"367\">\u201cMANG\u00c1S BARA: As imagens de sexo expl\u00edcito gay na arte sequencial nip\u00f4nica\u201d<\/td>\n<td width=\"144\">Angela Raffin Pohlmann<\/td>\n<td width=\"94\">14h30<\/td>\n<td width=\"121\">Sala Virtual da UFPel \u2013 Sistema WebConf<\/td>\n<\/tr>\n<tr>\n<td width=\"78\">10\/09\/21<\/td>\n<td width=\"150\">C\u00e1ssia Camila Cavalheiro Fernandes<\/td>\n<td width=\"367\">Casas Culturais Feministas: da Experi\u00eancias a Reflex\u00e3o Cr\u00edtica<\/td>\n<td width=\"144\">Gabriela Kremer da Motta<\/td>\n<td width=\"94\">14h30<\/td>\n<td width=\"121\">Sala Virtual da UFPel \u2013 Sistema WebConf<\/td>\n<\/tr>\n<tr>\n<td width=\"78\">30\/11\/21<\/td>\n<td width=\"150\">Guilherme Susin Sirtoli<\/td>\n<td width=\"367\">Metodologias em arte\/educa\u00e7\u00e3o desenvolvidas ao sul do Brasil: un Sur Adelante<\/td>\n<td width=\"144\">\u00darsula Rosa da Silva<\/td>\n<td width=\"94\">14h<\/td>\n<td width=\"121\">Sala Virtual da UFPel \u2013 Sistema WebConf<\/td>\n<\/tr>\n<tr>\n<td width=\"78\">03\/12\/21<\/td>\n<td width=\"150\">Carolina Foga\u00e7a Tenotti<\/td>\n<td width=\"367\">O museu como instrumento educacional: caminhos e descaminhos<\/td>\n<td width=\"144\">\u00darsula Rosa da Silva<\/td>\n<td width=\"94\">9h<\/td>\n<td width=\"121\">Sala Virtual da UFPel \u2013 Sistema WebConf<\/td>\n<\/tr>\n<tr>\n<td width=\"78\">25\/10\/21<\/td>\n<td width=\"150\">Matheus Guilherme de Oliveira<\/td>\n<td width=\"367\">Retrato e Abrigo: A representa\u00e7\u00e3o pict\u00f3rica dos invisibilizados na cidade contempor\u00e2nea<\/td>\n<td width=\"144\">Eduarda Azevedo Gon\u00e7alves<\/td>\n<td width=\"94\">17h<\/td>\n<td width=\"121\">Sala Virtual da UFPel \u2013 Sistema WebConf<\/td>\n<\/tr>\n<tr>\n<td width=\"78\">05\/11\/21<\/td>\n<td width=\"150\">Julia Petiz Porto<\/td>\n<td width=\"367\">TRAMOIA: Narrativas e reflex\u00f5es sobre a costura e o bordado nas artes visuais<\/td>\n<td width=\"144\">Angela Raffin Pohlmann<\/td>\n<td width=\"94\">14h<\/td>\n<td width=\"121\">Sala Virtual da UFPel \u2013 Sistema WebConf<\/td>\n<\/tr>\n<\/tbody>\n<\/table>\n<p><\/p>\n","protected":false},"excerpt":{"rendered":"<p>Data Discente T\u00edtulo Orientador Hora Local 06\/01\/21 Tais Dias Galindo Um corpo pr\u00f3prio: a representa\u00e7\u00e3o da imagem da mulher em obras de artistas contempor\u00e2neas N\u00e1dia da Cruz Senna 18h Sala Virtual da UFPel \u2013 Sistema WebConf 27\/04\/21 Maicon Fernando Oliveira Barbosa As visualidades da performance na cena LGBTQIA+: arte, educa\u00e7\u00e3o e diversidade Eleonora Campos da [&hellip;]<\/p>\n","protected":false},"author":301,"featured_media":0,"comment_status":"closed","ping_status":"closed","sticky":false,"template":"","format":"standard","meta":{"jetpack_post_was_ever_published":false,"_jetpack_newsletter_access":"","_jetpack_dont_email_post_to_subs":false,"_jetpack_newsletter_tier_id":0,"_jetpack_memberships_contains_paywalled_content":false,"_jetpack_memberships_contains_paid_content":false,"footnotes":"","jetpack_publicize_message":"","jetpack_publicize_feature_enabled":true,"jetpack_social_post_already_shared":true,"jetpack_social_options":{"image_generator_settings":{"template":"highway","default_image_id":0,"font":"","enabled":false},"version":2}},"categories":[18],"tags":[],"class_list":["post-8169","post","type-post","status-publish","format-standard","hentry","category-sem-categoria"],"jetpack_publicize_connections":[],"jetpack_featured_media_url":"","jetpack_sharing_enabled":true,"_links":{"self":[{"href":"https:\/\/wp.ufpel.edu.br\/mestradoartesvisuais\/index.php?rest_route=\/wp\/v2\/posts\/8169","targetHints":{"allow":["GET"]}}],"collection":[{"href":"https:\/\/wp.ufpel.edu.br\/mestradoartesvisuais\/index.php?rest_route=\/wp\/v2\/posts"}],"about":[{"href":"https:\/\/wp.ufpel.edu.br\/mestradoartesvisuais\/index.php?rest_route=\/wp\/v2\/types\/post"}],"author":[{"embeddable":true,"href":"https:\/\/wp.ufpel.edu.br\/mestradoartesvisuais\/index.php?rest_route=\/wp\/v2\/users\/301"}],"replies":[{"embeddable":true,"href":"https:\/\/wp.ufpel.edu.br\/mestradoartesvisuais\/index.php?rest_route=%2Fwp%2Fv2%2Fcomments&post=8169"}],"version-history":[{"count":2,"href":"https:\/\/wp.ufpel.edu.br\/mestradoartesvisuais\/index.php?rest_route=\/wp\/v2\/posts\/8169\/revisions"}],"predecessor-version":[{"id":8207,"href":"https:\/\/wp.ufpel.edu.br\/mestradoartesvisuais\/index.php?rest_route=\/wp\/v2\/posts\/8169\/revisions\/8207"}],"wp:attachment":[{"href":"https:\/\/wp.ufpel.edu.br\/mestradoartesvisuais\/index.php?rest_route=%2Fwp%2Fv2%2Fmedia&parent=8169"}],"wp:term":[{"taxonomy":"category","embeddable":true,"href":"https:\/\/wp.ufpel.edu.br\/mestradoartesvisuais\/index.php?rest_route=%2Fwp%2Fv2%2Fcategories&post=8169"},{"taxonomy":"post_tag","embeddable":true,"href":"https:\/\/wp.ufpel.edu.br\/mestradoartesvisuais\/index.php?rest_route=%2Fwp%2Fv2%2Ftags&post=8169"}],"curies":[{"name":"wp","href":"https:\/\/api.w.org\/{rel}","templated":true}]}}