{"id":8166,"date":"2021-10-25T10:04:58","date_gmt":"2021-10-25T13:04:58","guid":{"rendered":"https:\/\/wp.ufpel.edu.br\/mestradoartesvisuais\/?p=8166"},"modified":"2021-10-26T14:41:16","modified_gmt":"2021-10-26T17:41:16","slug":"cronograma-de-defesas-de-dissertacoes-ppgavi-2021","status":"publish","type":"post","link":"https:\/\/wp.ufpel.edu.br\/mestradoartesvisuais\/?p=8166","title":{"rendered":"Cronograma de Defesas de Disserta\u00e7\u00f5es PPGAVI 2021"},"content":{"rendered":"\n<figure class=\"wp-block-table\"><table><tbody><tr><td><strong>Data<\/strong><strong><\/strong><\/td><td><strong>Discente<\/strong><strong><\/strong><\/td><td><strong>T\u00edtulo<\/strong><strong><\/strong><\/td><td><strong>Orientador<\/strong><strong><\/strong><\/td><td><strong>Hora<\/strong><strong><\/strong><\/td><td><strong>Local<\/strong><strong><\/strong><\/td><\/tr><tr><td>26\/03\/21<\/td><td>Isadora Cristina Bortolossi Rodrigues<\/td><td>Carta de Amor aos Fantasmas: Glitch, Web Arte e Vaporwave na constru\u00e7\u00e3o de uma po\u00e9tica visual sobre relacionar-se \u00e0 dist\u00e2ncia.<\/td><td>Angela Raffin Pohlmann<\/td><td>14:30<\/td><td>Sala Virtual da UFPel \u2013 Sistema WebConf<\/td><\/tr><tr><td>05\/04\/21<\/td><td>Amanda Machado Madruga<\/td><td>Curadoria e Feminismos: processos de cria\u00e7\u00e3o em exposi\u00e7\u00f5es de arte contempor\u00e2nea.<\/td><td>Lauer Alves Nunes dos Santos<\/td><td>10:00<\/td><td>Sala Virtual da UFPel \u2013 Sistema WebConf<\/td><\/tr><tr><td>28\/04\/21<\/td><td>Caroline Ribeiro Paz<\/td><td>Entre as Palhas de Xapan\u00e3: sentidos e conex\u00f5es para cria\u00e7\u00e3o etno-performativa<\/td><td>Thiago Silva de Amorim Jesus<\/td><td>14:00<\/td><td>Sala Virtual da UFPel \u2013 Sistema WebConf<\/td><\/tr><tr><td>21\/05\/21<\/td><td>Jaciara Jorge<\/td><td>Componente Curricular Arte: Percursos Formativos e Doc\u00eancia em Dan\u00e7a na Escola<\/td><td>Carmen Anita Hoffmann<\/td><td>10:00<\/td><td>Sala Virtual da UFPel \u2013 Sistema WebConf<\/td><\/tr><tr><td>30\/09\/21<\/td><td>Camila Porto Burgu\u00eaz<\/td><td>Dark Pop: hist\u00f3rias n\u00e3o contadas sobre a maldade<\/td><td>Felipe Merker Castellani<\/td><td>10:00<\/td><td>Sala Virtual da UFPel \u2013 Sistema WebConf<\/td><\/tr><tr><td>11\/11\/21<\/td><td>Bianca M\u00f6rschb\u00e4cher<\/td><td>Ensino de desenho digital na gradua\u00e7\u00e3o em design digital da UFPEL: relato de experi\u00eancia de est\u00e1gio docente<\/td><td>L\u00facia Bergamaschi Costa Weymar<\/td><td>13:30<\/td><td>Sala Virtual da UFPel \u2013 Sistema WebConf<\/td><\/tr><tr><td>12\/11\/21<\/td><td>Hamilton Oliveira Bittencourt Junior<\/td><td>URBXTRACT: a extra\u00e7\u00e3o geom\u00e9trica pelo olhar no enquadramento da fotografia urbana<\/td><td>Angela Raffin Pohlmann<\/td><td>14:00<\/td><td>Sala Virtual da UFPel \u2013 Sistema WebConf<\/td><\/tr><tr><td>25\/11\/21<\/td><td>Dhara Fernanda Nunes Carrara<\/td><td>MEU CORPO, MINHA ARTE: (Des)Constru\u00e7\u00e3o de imagin\u00e1rios atrav\u00e9s da po\u00e9tica<\/td><td>Cl\u00e1udia Mariza Mattos Brand\u00e3o<\/td><td>14:00<\/td><td>Sala Virtual da UFPel \u2013 Sistema WebConf<\/td><\/tr><tr><td>26\/11\/21<\/td><td>Berenice Knuth Bailfus &nbsp;<\/td><td>Compartilhando experi\u00eancias est\u00e9ticas, refor\u00e7ando afetos e concretizando aprendizagens: potencialidades das artes visuais impulsionando cuidados para com a vida.<\/td><td>Cl\u00e1udia Mariza Mattos Brand\u00e3o<\/td><td>09:00<\/td><td>Sala Virtual da UFPel \u2013 Sistema WebConf<\/td><\/tr><tr><td>03\/12\/21<\/td><td>Mara Regina da Silva Nunes<\/td><td>Comunidade Balne\u00e1rio dos Prazeres: Caminhar, Fotografar e microa\u00e7\u00f5es-eco-art\u00edsticas.<\/td><td>Alice Jean Monsell&nbsp;<\/td><td>15:00<\/td><td>Sala Virtual da UFPel \u2013 Sistema WebConf<\/td><\/tr><tr><td>07\/12\/21<\/td><td>Beliza Gonzales Rocha<\/td><td><em>Toda la piel de Am\u00e9rica en mi piel<\/em>: po\u00e9ticas etnoperformativas em di\u00e1logo com o Encuentro Am\u00e9rica Unida<\/td><td>Thiago Silva de Amorim Jesus<\/td><td>19:00<\/td><td>Sala Virtual da UFPel \u2013 Sistema WebConf<\/td><\/tr><tr><td>16\/12\/21<\/td><td>Renan Silva do Espirito Santo<\/td><td>Media\u00e7\u00e3o atemporal: materiais educativos institucionais e o acervo docente<\/td><td>\u00darsula Rosa da Silva<\/td><td>14:30<\/td><td>Sala Virtual da UFPel \u2013 Sistema WebConf<\/td><\/tr><\/tbody><\/table><\/figure>\n","protected":false},"excerpt":{"rendered":"<p>Data Discente T\u00edtulo Orientador Hora Local 26\/03\/21 Isadora Cristina Bortolossi Rodrigues Carta de Amor aos Fantasmas: Glitch, Web Arte e Vaporwave na constru\u00e7\u00e3o de uma po\u00e9tica visual sobre relacionar-se \u00e0 dist\u00e2ncia. Angela Raffin Pohlmann 14:30 Sala Virtual da UFPel \u2013 Sistema WebConf 05\/04\/21 Amanda Machado Madruga Curadoria e Feminismos: processos de cria\u00e7\u00e3o em exposi\u00e7\u00f5es de [&hellip;]<\/p>\n","protected":false},"author":301,"featured_media":0,"comment_status":"closed","ping_status":"closed","sticky":false,"template":"","format":"standard","meta":{"jetpack_post_was_ever_published":false,"_jetpack_newsletter_access":"","_jetpack_dont_email_post_to_subs":false,"_jetpack_newsletter_tier_id":0,"_jetpack_memberships_contains_paywalled_content":false,"_jetpack_memberships_contains_paid_content":false,"footnotes":"","jetpack_publicize_message":"","jetpack_publicize_feature_enabled":true,"jetpack_social_post_already_shared":true,"jetpack_social_options":{"image_generator_settings":{"template":"highway","default_image_id":0,"font":"","enabled":false},"version":2}},"categories":[18],"tags":[],"class_list":["post-8166","post","type-post","status-publish","format-standard","hentry","category-sem-categoria"],"jetpack_publicize_connections":[],"jetpack_featured_media_url":"","jetpack_sharing_enabled":true,"_links":{"self":[{"href":"https:\/\/wp.ufpel.edu.br\/mestradoartesvisuais\/index.php?rest_route=\/wp\/v2\/posts\/8166","targetHints":{"allow":["GET"]}}],"collection":[{"href":"https:\/\/wp.ufpel.edu.br\/mestradoartesvisuais\/index.php?rest_route=\/wp\/v2\/posts"}],"about":[{"href":"https:\/\/wp.ufpel.edu.br\/mestradoartesvisuais\/index.php?rest_route=\/wp\/v2\/types\/post"}],"author":[{"embeddable":true,"href":"https:\/\/wp.ufpel.edu.br\/mestradoartesvisuais\/index.php?rest_route=\/wp\/v2\/users\/301"}],"replies":[{"embeddable":true,"href":"https:\/\/wp.ufpel.edu.br\/mestradoartesvisuais\/index.php?rest_route=%2Fwp%2Fv2%2Fcomments&post=8166"}],"version-history":[{"count":2,"href":"https:\/\/wp.ufpel.edu.br\/mestradoartesvisuais\/index.php?rest_route=\/wp\/v2\/posts\/8166\/revisions"}],"predecessor-version":[{"id":8177,"href":"https:\/\/wp.ufpel.edu.br\/mestradoartesvisuais\/index.php?rest_route=\/wp\/v2\/posts\/8166\/revisions\/8177"}],"wp:attachment":[{"href":"https:\/\/wp.ufpel.edu.br\/mestradoartesvisuais\/index.php?rest_route=%2Fwp%2Fv2%2Fmedia&parent=8166"}],"wp:term":[{"taxonomy":"category","embeddable":true,"href":"https:\/\/wp.ufpel.edu.br\/mestradoartesvisuais\/index.php?rest_route=%2Fwp%2Fv2%2Fcategories&post=8166"},{"taxonomy":"post_tag","embeddable":true,"href":"https:\/\/wp.ufpel.edu.br\/mestradoartesvisuais\/index.php?rest_route=%2Fwp%2Fv2%2Ftags&post=8166"}],"curies":[{"name":"wp","href":"https:\/\/api.w.org\/{rel}","templated":true}]}}