{"id":8142,"date":"2021-10-18T17:55:37","date_gmt":"2021-10-18T20:55:37","guid":{"rendered":"https:\/\/wp.ufpel.edu.br\/mestradoartesvisuais\/?p=8142"},"modified":"2021-10-18T17:55:37","modified_gmt":"2021-10-18T20:55:37","slug":"aula-magna-novas-perspectivas-sistema-de-arte-e-internet-do-brasil-durante-a-pandemia","status":"publish","type":"post","link":"https:\/\/wp.ufpel.edu.br\/mestradoartesvisuais\/?p=8142","title":{"rendered":"Aula Magna Novas perspectivas: sistema de arte e internet do Brasil durante a pandemia"},"content":{"rendered":"<p>O Programa de P\u00f3s-Gradua\u00e7\u00e3o em Artes Visuais da UFPel convida para a Aula Magna Novas perspectivas: sistema da arte e internet no Brasil durante a pandemia proferida pela Profa. Dra. Maria Am\u00e9lia Bulh\u00f5es (PPGAV-UFRGS) , que ser\u00e1 realizada no dia 28 de outubro \u00e0s 17h30min pelo canal Conex\u00e3o Arte da UFPel pelo link https:\/\/wp.ufpel.edu.br\/conexaoarte\/<\/p>\n<p><a href=\"https:\/\/wp.ufpel.edu.br\/mestradoartesvisuais\/files\/2021\/10\/aula-magna-Maria-Amelia-Bulhoes.png\"><img class=\"alignnone size-large wp-image-8144\" src=\"https:\/\/wp.ufpel.edu.br\/mestradoartesvisuais\/files\/2021\/10\/aula-magna-Maria-Amelia-Bulhoes-1024x1024.png\" alt=\"\" width=\"1024\" height=\"1024\" srcset=\"https:\/\/wp.ufpel.edu.br\/mestradoartesvisuais\/files\/2021\/10\/aula-magna-Maria-Amelia-Bulhoes-1024x1024.png 1024w, https:\/\/wp.ufpel.edu.br\/mestradoartesvisuais\/files\/2021\/10\/aula-magna-Maria-Amelia-Bulhoes-400x400.png 400w, https:\/\/wp.ufpel.edu.br\/mestradoartesvisuais\/files\/2021\/10\/aula-magna-Maria-Amelia-Bulhoes-200x200.png 200w, https:\/\/wp.ufpel.edu.br\/mestradoartesvisuais\/files\/2021\/10\/aula-magna-Maria-Amelia-Bulhoes-768x768.png 768w, https:\/\/wp.ufpel.edu.br\/mestradoartesvisuais\/files\/2021\/10\/aula-magna-Maria-Amelia-Bulhoes.png 1080w\" sizes=\"(max-width: 1024px) 100vw, 1024px\" \/><\/a><\/p>\n<p>Maria Am\u00e9lia Bulh\u00f5es \u00e9 Professora Titular do Instituto de Artes da UFRGS, Doutor em Hist\u00f3ria pela USP. Pesquisador visitante na Universidade Paris I e na Universidade Polit\u00e9cnica de Val\u00eancia. Atual Presidente da Se\u00e7\u00e3o Brasileira da AICA. Recebeu os pr\u00eamios A\u00e7orianos e Pesquisador do Ano em Ci\u00eancias Sociais da FAPERGS (2018). Seu tema de pesquisa \u00e9 o desenvolvimento do sistema de arte contempor\u00e2nea e suas conex\u00f5es com a internet. Foi editora da Revista 2011.<br \/>\nInforma\u00e7\u00f5es in http:\/\/www.ufrgs.br\/artereflexoes\/site\/<\/p>\n","protected":false},"excerpt":{"rendered":"<p>O Programa de P\u00f3s-Gradua\u00e7\u00e3o em Artes Visuais da UFPel convida para a Aula Magna Novas perspectivas: sistema da arte e internet no Brasil durante a pandemia proferida pela Profa. Dra. Maria Am\u00e9lia Bulh\u00f5es (PPGAV-UFRGS) , que ser\u00e1 realizada no dia 28 de outubro \u00e0s 17h30min pelo canal Conex\u00e3o Arte da UFPel pelo link https:\/\/wp.ufpel.edu.br\/conexaoarte\/ Maria [&hellip;]<\/p>\n","protected":false},"author":301,"featured_media":0,"comment_status":"closed","ping_status":"closed","sticky":false,"template":"","format":"standard","meta":{"jetpack_post_was_ever_published":false,"_jetpack_newsletter_access":"","_jetpack_dont_email_post_to_subs":false,"_jetpack_newsletter_tier_id":0,"_jetpack_memberships_contains_paywalled_content":false,"_jetpack_memberships_contains_paid_content":false,"footnotes":"","jetpack_publicize_message":"","jetpack_publicize_feature_enabled":true,"jetpack_social_post_already_shared":true,"jetpack_social_options":{"image_generator_settings":{"template":"highway","default_image_id":0,"font":"","enabled":false},"version":2}},"categories":[18],"tags":[],"class_list":["post-8142","post","type-post","status-publish","format-standard","hentry","category-sem-categoria"],"jetpack_publicize_connections":[],"jetpack_featured_media_url":"","jetpack_sharing_enabled":true,"_links":{"self":[{"href":"https:\/\/wp.ufpel.edu.br\/mestradoartesvisuais\/index.php?rest_route=\/wp\/v2\/posts\/8142","targetHints":{"allow":["GET"]}}],"collection":[{"href":"https:\/\/wp.ufpel.edu.br\/mestradoartesvisuais\/index.php?rest_route=\/wp\/v2\/posts"}],"about":[{"href":"https:\/\/wp.ufpel.edu.br\/mestradoartesvisuais\/index.php?rest_route=\/wp\/v2\/types\/post"}],"author":[{"embeddable":true,"href":"https:\/\/wp.ufpel.edu.br\/mestradoartesvisuais\/index.php?rest_route=\/wp\/v2\/users\/301"}],"replies":[{"embeddable":true,"href":"https:\/\/wp.ufpel.edu.br\/mestradoartesvisuais\/index.php?rest_route=%2Fwp%2Fv2%2Fcomments&post=8142"}],"version-history":[{"count":1,"href":"https:\/\/wp.ufpel.edu.br\/mestradoartesvisuais\/index.php?rest_route=\/wp\/v2\/posts\/8142\/revisions"}],"predecessor-version":[{"id":8145,"href":"https:\/\/wp.ufpel.edu.br\/mestradoartesvisuais\/index.php?rest_route=\/wp\/v2\/posts\/8142\/revisions\/8145"}],"wp:attachment":[{"href":"https:\/\/wp.ufpel.edu.br\/mestradoartesvisuais\/index.php?rest_route=%2Fwp%2Fv2%2Fmedia&parent=8142"}],"wp:term":[{"taxonomy":"category","embeddable":true,"href":"https:\/\/wp.ufpel.edu.br\/mestradoartesvisuais\/index.php?rest_route=%2Fwp%2Fv2%2Fcategories&post=8142"},{"taxonomy":"post_tag","embeddable":true,"href":"https:\/\/wp.ufpel.edu.br\/mestradoartesvisuais\/index.php?rest_route=%2Fwp%2Fv2%2Ftags&post=8142"}],"curies":[{"name":"wp","href":"https:\/\/api.w.org\/{rel}","templated":true}]}}