{"id":8053,"date":"2021-09-16T10:02:23","date_gmt":"2021-09-16T13:02:23","guid":{"rendered":"https:\/\/wp.ufpel.edu.br\/mestradoartesvisuais\/?p=8053"},"modified":"2021-09-16T10:02:23","modified_gmt":"2021-09-16T13:02:23","slug":"x-seminario-de-pesquisa-do-mestrado-em-artes-visuais-10-spmav","status":"publish","type":"post","link":"https:\/\/wp.ufpel.edu.br\/mestradoartesvisuais\/?p=8053","title":{"rendered":"X Semin\u00e1rio de Pesquisa do Mestrado em Artes Visuais (10\u00b0 SPMAV)"},"content":{"rendered":"\n<figure class=\"wp-block-image size-large\"><a href=\"https:\/\/wp.ufpel.edu.br\/mestradoartesvisuais\/files\/2021\/09\/ID_SPMAV_posts_01_-1.png\"><img width=\"1019\" height=\"1024\" src=\"https:\/\/wp.ufpel.edu.br\/mestradoartesvisuais\/files\/2021\/09\/ID_SPMAV_posts_01_-1-1019x1024.png\" alt=\"\" class=\"wp-image-8057\" srcset=\"https:\/\/wp.ufpel.edu.br\/mestradoartesvisuais\/files\/2021\/09\/ID_SPMAV_posts_01_-1-1019x1024.png 1019w, https:\/\/wp.ufpel.edu.br\/mestradoartesvisuais\/files\/2021\/09\/ID_SPMAV_posts_01_-1-398x400.png 398w, https:\/\/wp.ufpel.edu.br\/mestradoartesvisuais\/files\/2021\/09\/ID_SPMAV_posts_01_-1-200x200.png 200w, https:\/\/wp.ufpel.edu.br\/mestradoartesvisuais\/files\/2021\/09\/ID_SPMAV_posts_01_-1-768x772.png 768w, https:\/\/wp.ufpel.edu.br\/mestradoartesvisuais\/files\/2021\/09\/ID_SPMAV_posts_01_-1.png 1080w\" sizes=\"(max-width: 1019px) 100vw, 1019px\" \/><\/a><\/figure>\n\n\n\n<p>X Semin\u00e1rio de Pesquisa do Mestrado em Artes Visuais (10\u00b0 SPMAV), realizado pelo Programa de P\u00f3s-Gradua\u00e7\u00e3o em Artes Visuais (PPGAVI), do Centro de Artes da Universidade Federal de Pelotas (UFPel). Este ano sob a tem\u00e1tica \u201cSobre(viv\u00eancias) estrat\u00e9gias po\u00e9tico-educativas e pol\u00edticas em artes\u201d, temos o intuito de propor conversas que sejam fundamentais para refletirmos sobre a dimens\u00e3o pol\u00edtica da arte e a pot\u00eancia de pesquisas po\u00e9tico-educativas para se pensar em caminhos e encruzilhadas que propiciem de alguma maneira outras perspectivas para analisar quest\u00f5es emergentes e basilares para reconstru\u00e7\u00e3o das estruturas que nos regem.<\/p>\n\n\n\n<p>Estamos com editais abertos para submiss\u00f5es de resumos, artigos e ensaios visuais, al\u00e9m do Festival Internacional de Videoarte (FIVA). Abaixo confira os links e saiba mais em nosso site.<\/p>\n\n\n\n<p>\u25e2 Edital Submiss\u00f5es e Edital FIVA \u25e3<br><a href=\"https:\/\/wp.ufpel.edu.br\/spmav\/editais-2\/\" target=\"_blank\" rel=\"noopener\">https:\/\/wp.ufpel.edu.br\/spmav\/editais-2\/<\/a><\/p>\n","protected":false},"excerpt":{"rendered":"<p>X Semin\u00e1rio de Pesquisa do Mestrado em Artes Visuais (10\u00b0 SPMAV), realizado pelo Programa de P\u00f3s-Gradua\u00e7\u00e3o em Artes Visuais (PPGAVI), do Centro de Artes da Universidade Federal de Pelotas (UFPel). Este ano sob a tem\u00e1tica \u201cSobre(viv\u00eancias) estrat\u00e9gias po\u00e9tico-educativas e pol\u00edticas em artes\u201d, temos o intuito de propor conversas que sejam fundamentais para refletirmos sobre a [&hellip;]<\/p>\n","protected":false},"author":301,"featured_media":0,"comment_status":"closed","ping_status":"closed","sticky":false,"template":"","format":"standard","meta":{"jetpack_post_was_ever_published":false,"_jetpack_newsletter_access":"","_jetpack_dont_email_post_to_subs":false,"_jetpack_newsletter_tier_id":0,"_jetpack_memberships_contains_paywalled_content":false,"_jetpack_memberships_contains_paid_content":false,"footnotes":"","jetpack_publicize_message":"","jetpack_publicize_feature_enabled":true,"jetpack_social_post_already_shared":true,"jetpack_social_options":{"image_generator_settings":{"template":"highway","default_image_id":0,"font":"","enabled":false},"version":2}},"categories":[18],"tags":[],"class_list":["post-8053","post","type-post","status-publish","format-standard","hentry","category-sem-categoria"],"jetpack_publicize_connections":[],"jetpack_featured_media_url":"","jetpack_sharing_enabled":true,"_links":{"self":[{"href":"https:\/\/wp.ufpel.edu.br\/mestradoartesvisuais\/index.php?rest_route=\/wp\/v2\/posts\/8053","targetHints":{"allow":["GET"]}}],"collection":[{"href":"https:\/\/wp.ufpel.edu.br\/mestradoartesvisuais\/index.php?rest_route=\/wp\/v2\/posts"}],"about":[{"href":"https:\/\/wp.ufpel.edu.br\/mestradoartesvisuais\/index.php?rest_route=\/wp\/v2\/types\/post"}],"author":[{"embeddable":true,"href":"https:\/\/wp.ufpel.edu.br\/mestradoartesvisuais\/index.php?rest_route=\/wp\/v2\/users\/301"}],"replies":[{"embeddable":true,"href":"https:\/\/wp.ufpel.edu.br\/mestradoartesvisuais\/index.php?rest_route=%2Fwp%2Fv2%2Fcomments&post=8053"}],"version-history":[{"count":1,"href":"https:\/\/wp.ufpel.edu.br\/mestradoartesvisuais\/index.php?rest_route=\/wp\/v2\/posts\/8053\/revisions"}],"predecessor-version":[{"id":8059,"href":"https:\/\/wp.ufpel.edu.br\/mestradoartesvisuais\/index.php?rest_route=\/wp\/v2\/posts\/8053\/revisions\/8059"}],"wp:attachment":[{"href":"https:\/\/wp.ufpel.edu.br\/mestradoartesvisuais\/index.php?rest_route=%2Fwp%2Fv2%2Fmedia&parent=8053"}],"wp:term":[{"taxonomy":"category","embeddable":true,"href":"https:\/\/wp.ufpel.edu.br\/mestradoartesvisuais\/index.php?rest_route=%2Fwp%2Fv2%2Fcategories&post=8053"},{"taxonomy":"post_tag","embeddable":true,"href":"https:\/\/wp.ufpel.edu.br\/mestradoartesvisuais\/index.php?rest_route=%2Fwp%2Fv2%2Ftags&post=8053"}],"curies":[{"name":"wp","href":"https:\/\/api.w.org\/{rel}","templated":true}]}}