{"id":8047,"date":"2021-09-13T22:02:22","date_gmt":"2021-09-14T01:02:22","guid":{"rendered":"https:\/\/wp.ufpel.edu.br\/mestradoartesvisuais\/?p=8047"},"modified":"2021-09-21T08:29:04","modified_gmt":"2021-09-21T11:29:04","slug":"cronograma-das-defesas-de-dissertacoes-do-ppgavi-2021-3","status":"publish","type":"post","link":"https:\/\/wp.ufpel.edu.br\/mestradoartesvisuais\/?p=8047","title":{"rendered":"Cronograma das Defesas de Disserta\u00e7\u00f5es do PPGAVI 2021"},"content":{"rendered":"\n<figure class=\"wp-block-table\"><table><tbody><tr><td><strong>Data<\/strong><strong><\/strong><\/td><td><strong>Discente<\/strong><strong><\/strong><\/td><td><strong>T\u00edtulo<\/strong><strong><\/strong><\/td><td><strong>Orientador<\/strong><strong><\/strong><\/td><td><strong>Hora<\/strong><strong><\/strong><\/td><td><strong>Local<\/strong><strong><\/strong><\/td><\/tr><tr><td>26\/03\/21<\/td><td>Isadora Cristina Bortolossi Rodrigues<\/td><td>Carta de Amor aos Fantasmas: Glitch, Web Arte e Vaporwave na constru\u00e7\u00e3o de uma po\u00e9tica visual sobre relacionar-se \u00e0 dist\u00e2ncia.<\/td><td>Angela Raffin Pohlmann<\/td><td>14:30<\/td><td>Sala Virtual da UFPel \u2013 Sistema WebConf<\/td><\/tr><tr><td>05\/04\/21<\/td><td>Amanda Machado Madruga<\/td><td>Curadoria e Feminismos: processos de cria\u00e7\u00e3o em exposi\u00e7\u00f5es de arte contempor\u00e2nea.<\/td><td>Lauer Alves Nunes dos Santos<\/td><td>10:00<\/td><td>Sala Virtual da UFPel \u2013 Sistema WebConf<\/td><\/tr><tr><td>28\/04\/21<\/td><td>Caroline Ribeiro Paz<\/td><td>Entre as Palhas de Xapan\u00e3: sentidos e conex\u00f5es para cria\u00e7\u00e3o etno-performativa<\/td><td>Thiago Silva de Amorim Jesus<\/td><td>14:00<\/td><td>Sala Virtual da UFPel \u2013 Sistema WebConf<\/td><\/tr><tr><td>21\/05\/21<\/td><td>Jaciara Jorge<\/td><td>Componente Curricular Arte: Percursos Formativos e Doc\u00eancia em Dan\u00e7a na Escola<\/td><td>Carmen Anita Hoffmann<\/td><td>10:00<\/td><td>Sala Virtual da UFPel \u2013 Sistema WebConf<\/td><\/tr><tr><td>30\/09\/21<\/td><td>Camila Porto Burgu\u00eaz<\/td><td>Dark Pop: hist\u00f3rias n\u00e3o contadas sobre a maldade<\/td><td>Felipe Merker Castellani<\/td><td>10:00<\/td><td>Sala Virtual da UFPel \u2013 Sistema WebConf<\/td><\/tr><tr><td>03\/12\/21<\/td><td>Mara Regina da Silva Nunes<\/td><td>Comunidade Balne\u00e1rio dos Prazeres: Caminhar, Fotografar e microa\u00e7\u00f5es-eco-art\u00edsticas.<\/td><td>Alice Jean Monsell&nbsp;<\/td><td>15:00<\/td><td>Sala Virtual da UFPel \u2013 Sistema WebConf<\/td><\/tr><\/tbody><\/table><\/figure>\n\n\n\n<p><\/p>\n","protected":false},"excerpt":{"rendered":"<p>Data Discente T\u00edtulo Orientador Hora Local 26\/03\/21 Isadora Cristina Bortolossi Rodrigues Carta de Amor aos Fantasmas: Glitch, Web Arte e Vaporwave na constru\u00e7\u00e3o de uma po\u00e9tica visual sobre relacionar-se \u00e0 dist\u00e2ncia. Angela Raffin Pohlmann 14:30 Sala Virtual da UFPel \u2013 Sistema WebConf 05\/04\/21 Amanda Machado Madruga Curadoria e Feminismos: processos de cria\u00e7\u00e3o em exposi\u00e7\u00f5es de [&hellip;]<\/p>\n","protected":false},"author":301,"featured_media":0,"comment_status":"closed","ping_status":"closed","sticky":false,"template":"","format":"standard","meta":{"jetpack_post_was_ever_published":false,"_jetpack_newsletter_access":"","_jetpack_dont_email_post_to_subs":false,"_jetpack_newsletter_tier_id":0,"_jetpack_memberships_contains_paywalled_content":false,"_jetpack_memberships_contains_paid_content":false,"footnotes":"","jetpack_publicize_message":"","jetpack_publicize_feature_enabled":true,"jetpack_social_post_already_shared":true,"jetpack_social_options":{"image_generator_settings":{"template":"highway","default_image_id":0,"font":"","enabled":false},"version":2}},"categories":[18],"tags":[],"class_list":["post-8047","post","type-post","status-publish","format-standard","hentry","category-sem-categoria"],"jetpack_publicize_connections":[],"jetpack_featured_media_url":"","jetpack_sharing_enabled":true,"_links":{"self":[{"href":"https:\/\/wp.ufpel.edu.br\/mestradoartesvisuais\/index.php?rest_route=\/wp\/v2\/posts\/8047","targetHints":{"allow":["GET"]}}],"collection":[{"href":"https:\/\/wp.ufpel.edu.br\/mestradoartesvisuais\/index.php?rest_route=\/wp\/v2\/posts"}],"about":[{"href":"https:\/\/wp.ufpel.edu.br\/mestradoartesvisuais\/index.php?rest_route=\/wp\/v2\/types\/post"}],"author":[{"embeddable":true,"href":"https:\/\/wp.ufpel.edu.br\/mestradoartesvisuais\/index.php?rest_route=\/wp\/v2\/users\/301"}],"replies":[{"embeddable":true,"href":"https:\/\/wp.ufpel.edu.br\/mestradoartesvisuais\/index.php?rest_route=%2Fwp%2Fv2%2Fcomments&post=8047"}],"version-history":[{"count":3,"href":"https:\/\/wp.ufpel.edu.br\/mestradoartesvisuais\/index.php?rest_route=\/wp\/v2\/posts\/8047\/revisions"}],"predecessor-version":[{"id":8073,"href":"https:\/\/wp.ufpel.edu.br\/mestradoartesvisuais\/index.php?rest_route=\/wp\/v2\/posts\/8047\/revisions\/8073"}],"wp:attachment":[{"href":"https:\/\/wp.ufpel.edu.br\/mestradoartesvisuais\/index.php?rest_route=%2Fwp%2Fv2%2Fmedia&parent=8047"}],"wp:term":[{"taxonomy":"category","embeddable":true,"href":"https:\/\/wp.ufpel.edu.br\/mestradoartesvisuais\/index.php?rest_route=%2Fwp%2Fv2%2Fcategories&post=8047"},{"taxonomy":"post_tag","embeddable":true,"href":"https:\/\/wp.ufpel.edu.br\/mestradoartesvisuais\/index.php?rest_route=%2Fwp%2Fv2%2Ftags&post=8047"}],"curies":[{"name":"wp","href":"https:\/\/api.w.org\/{rel}","templated":true}]}}