{"id":8040,"date":"2021-09-13T11:11:03","date_gmt":"2021-09-13T14:11:03","guid":{"rendered":"https:\/\/wp.ufpel.edu.br\/mestradoartesvisuais\/?p=8040"},"modified":"2021-09-13T11:11:03","modified_gmt":"2021-09-13T14:11:03","slug":"catedra-nomada-onde-estao-as-mulheres-na-arte-e-na-cidade","status":"publish","type":"post","link":"https:\/\/wp.ufpel.edu.br\/mestradoartesvisuais\/?p=8040","title":{"rendered":"C\u00e1tedra N\u00f4mada: onde est\u00e3o as mulheres na arte e na cidade?"},"content":{"rendered":"<p><a href=\"https:\/\/wp.ufpel.edu.br\/mestradoartesvisuais\/files\/2021\/09\/Catedra-Nomada_programa.jpg\"><img class=\"alignnone wp-image-8043 size-large\" src=\"https:\/\/wp.ufpel.edu.br\/mestradoartesvisuais\/files\/2021\/09\/Catedra-Nomada_programa-1024x1024.jpg\" alt=\"\" width=\"1024\" height=\"1024\" srcset=\"https:\/\/wp.ufpel.edu.br\/mestradoartesvisuais\/files\/2021\/09\/Catedra-Nomada_programa-1024x1024.jpg 1024w, https:\/\/wp.ufpel.edu.br\/mestradoartesvisuais\/files\/2021\/09\/Catedra-Nomada_programa-400x400.jpg 400w, https:\/\/wp.ufpel.edu.br\/mestradoartesvisuais\/files\/2021\/09\/Catedra-Nomada_programa-200x200.jpg 200w, https:\/\/wp.ufpel.edu.br\/mestradoartesvisuais\/files\/2021\/09\/Catedra-Nomada_programa-768x768.jpg 768w, https:\/\/wp.ufpel.edu.br\/mestradoartesvisuais\/files\/2021\/09\/Catedra-Nomada_programa.jpg 1080w\" sizes=\"(max-width: 1024px) 100vw, 1024px\" \/><\/a><\/p>\n<p>C\u00c1TEDRA N\u00d4MADA<br \/>ONDE EST\u00c3O AS MULHERES NA ARTE E NA CIDADE?<br \/>Fric\u00e7\u00f5es entre arte + g\u00eanero + mem\u00f3ria + cidades<br \/><a href=\"https:\/\/diversitas.fflch.usp.br\/catedranomada\" target=\"_blank\" rel=\"noopener\">https:\/\/diversitas.fflch.usp.br\/catedranomada<\/a><\/p>\n<p><a href=\"https:\/\/wp.ufpel.edu.br\/mestradoartesvisuais\/files\/2021\/09\/Catedra-Nomada.1.jpg\"><img class=\"alignnone size-large wp-image-8042\" src=\"https:\/\/wp.ufpel.edu.br\/mestradoartesvisuais\/files\/2021\/09\/Catedra-Nomada.1-1024x1024.jpg\" alt=\"\" width=\"1024\" height=\"1024\" srcset=\"https:\/\/wp.ufpel.edu.br\/mestradoartesvisuais\/files\/2021\/09\/Catedra-Nomada.1-1024x1024.jpg 1024w, https:\/\/wp.ufpel.edu.br\/mestradoartesvisuais\/files\/2021\/09\/Catedra-Nomada.1-400x400.jpg 400w, https:\/\/wp.ufpel.edu.br\/mestradoartesvisuais\/files\/2021\/09\/Catedra-Nomada.1-200x200.jpg 200w, https:\/\/wp.ufpel.edu.br\/mestradoartesvisuais\/files\/2021\/09\/Catedra-Nomada.1-768x768.jpg 768w, https:\/\/wp.ufpel.edu.br\/mestradoartesvisuais\/files\/2021\/09\/Catedra-Nomada.1.jpg 1080w\" sizes=\"(max-width: 1024px) 100vw, 1024px\" \/><\/a><\/p>\n<p>Concep\u00e7\u00e3o e proposi\u00e7\u00e3o: Profa. Dra. Lilian Amaral e Profa. Dra. Silvana Nascimento<br \/>DIVERSITAS USP<br \/>Encontros pelo Meet \/ Diversitas &#8211; Per\u00edodo: setembro-dezembro 2021<\/p>\n<p>A C\u00e1tedra N\u00f4mada \u201cOnde est\u00e3o as mulheres na arte e na cidade? &#8211; Fric\u00e7\u00f5es entre arte + g\u00eanero + mem\u00f3ria + cidades\u201d se prop\u00f5e a realizar reflex\u00f5es, debates, pesquisa e a\u00e7\u00f5es no campo da equidade de g\u00eanero na sua rela\u00e7\u00e3o com as artes, os espa\u00e7os urbanos, institui\u00e7\u00f5es e movimentos sociais. Ser\u00e1 composta por s\u00e9rie de encontros mensais, organizados de forma s\u00edncrona, distribu\u00edda, on line, entre grupos de pesquisa e coletivos de mulheres em contexto iberoamericano. O projeto tem como roteiro o debate de algumas quest\u00f5es que emergem do di\u00e1logo com o projeto intercontinental \u201cMulheres Transformam os Museus. Da Igualdade \u00e0 Equidade, 2021 e orientam os di\u00e1logos propostos entre as participantes <a href=\"https:\/\/www.mujerescambianlosmuseos.com\/\" target=\"_blank\" rel=\"noopener\">https:\/\/www.mujerescambianlosmuseos.com\/<\/a>.<\/p>\n<p>\u00a0<\/p>\n<p>29\/09 &#8211; 4\u00aa. F | 9h30 \u00e0s 12h30: Fric\u00e7\u00f5es interculturais: arte contempor\u00e2nea, esfera p\u00fablica, pol\u00edticas da mem\u00f3ria e g\u00eanero. Coletiva Portaldeigualdade \/ Manifiesto, Wam \u2013 Women Artist Museum, Projeto Mulheres Transformam Os Museus. Da Igualdade \u00e0 Equidade e Inscri\u00e7\u00f5es: <a href=\"https:\/\/diversitas.fflch.usp.br\/form\/friccoes-interculturais-29\" target=\"_blank\" rel=\"noopener\">https:\/\/diversitas.fflch.usp.br\/form\/friccoes-interculturais-29<\/a><br \/>Profa. Dra. Mau Monle\u00f3n Pradas(Coletiva PortalDeIgualdad | Women Artist Museum \u2013 WAM e UPV Universitat Polit\u00e9cnica de Val\u00eancia \/Espanha), Amparo Zacar\u00e9s (Universitat Jaume I), Celeste Garrido (artista multidisciplinar), (artista multidisciplinar), Bia Santos (Universitat de Zaragozza \/ Salven Cabanyal y ANIAV) e Profa. Dra. Lilian Amaral (Coletiva PortalDeIgualdad | Women Artist Museum \u2013 WAM e DIVERSITAS USP | m\u00f3dulo 1; Pr\u00e1ticas art\u00edsticas, experimenta\u00e7\u00f5es gr\u00e1ficas: narrativas em deslocamento<\/p>\n<p><strong>M\u00f3dulo 2<\/strong><br \/>Provocadora: Profa. Dra. Sandra Nunes: DIVERSITAS USP<br \/>Outubro<br \/>21\/10 \u2013 4\u00aa. Feira | 9h30 \u00e0s 12h30: Mulheres artistas, mulheres artivistas<br \/>Inscri\u00e7\u00f5es: <a href=\"https:\/\/diversitas.fflch.usp.br\/form\/mulheres-artistas-21\" target=\"_blank\" rel=\"noopener\">https:\/\/diversitas.fflch.usp.br\/form\/mulheres-artistas-21<\/a><br \/>DIVERSITAS USP \u2013 Marta Bai\u00e3o (As Mal Amadas Cia de Teatro e Centro de Informa\u00e7\u00e3o da Mulher), Adriana Paix\u00e3o (As Capulanas Cia de Teatro Negro), Larissa Guedes (Diversitas USP) e Profa. Dra. Tatiana Ferraz ( MUnA \u2013 Museu Universit\u00e1rio de Arte \u2013 UFU), Mar\u00e9 de Matos (Diversitas USP) \u2013 m\u00f3dulo 1; Pr\u00e1ticas art\u00edsticas, experimenta\u00e7\u00f5es gr\u00e1ficas: narrativas em deslocamento \u2013<\/p>\n<p><strong>M\u00f3dulo 2<\/strong><br \/>Provocadora: Silvana Nascimento: DIVERSITAS USP<br \/>Novembro<br \/>18 e 19\/11 \u2013 5\u00aa. feira e 6\u00aa. feira \u2013 F\u00f3rum Internacional S\u00e3o Paulo \u2013 DIVERSITAS USP &#8211; F\u00f3rum<br \/>Brasil | S\u00e3o Paulo &#8211; MULHERES TRANSFORMAM OS MUSEUS. DA IGUALDADE \u00c0 EQUIDADE.<br \/>Universidade de S\u00e3o Paulo | DIVERSITAS USP, Universidade Complutense de Madrid (UCM),<br \/>Universidade de Buenos Aires (UBA).<br \/>24\/11 &#8211; 4\u00aa. Feira | 9h30 \u00e0s 12h30: Arte, G\u00eanero e Cidade &#8211; Onde est\u00e3o as mulheres na arte e na<br \/>cidade? \u2013 Baixo Ribeiro | Choque Cultural + Profa. Dra. Lilian Amaral | DIVERSITAS + Todas as<br \/>Artistas Convidadas da C\u00e1tedra N\u00f4mada: Gr\u00e1fica Urbana + Mapa + exposi\u00e7\u00e3o. Roda de conversa<br \/>com a participa\u00e7\u00e3o de todas as artistas, pesquisadoras e coletivas participantes da C\u00e1tedra<br \/>N\u00f4made para discuss\u00e3o sobre a Interven\u00e7\u00e3o Urbana a ser realizada em S\u00e3o Paulo em dezembro,<br \/>assim como mostra virtual. As a\u00e7\u00f5es de arte urbana ser\u00e3o organizadas pela Galeria Choque<br \/>Cultural com coordena\u00e7\u00e3o do DIVERSITAS USP<br \/>Inscri\u00e7\u00e3o: <a href=\"https:\/\/diversitas.fflch.usp.br\/webform\/arte_genero_e_cidade_24\" target=\"_blank\" rel=\"noopener\">https:\/\/diversitas.fflch.usp.br\/webform\/arte_genero_e_cidade_24<\/a><\/p>\n","protected":false},"excerpt":{"rendered":"<p>C\u00c1TEDRA N\u00d4MADAONDE EST\u00c3O AS MULHERES NA ARTE E NA CIDADE?Fric\u00e7\u00f5es entre arte + g\u00eanero + mem\u00f3ria + cidadeshttps:\/\/diversitas.fflch.usp.br\/catedranomada Concep\u00e7\u00e3o e proposi\u00e7\u00e3o: Profa. Dra. Lilian Amaral e Profa. Dra. Silvana NascimentoDIVERSITAS USPEncontros pelo Meet \/ Diversitas &#8211; Per\u00edodo: setembro-dezembro 2021 A C\u00e1tedra N\u00f4mada \u201cOnde est\u00e3o as mulheres na arte e na cidade? &#8211; Fric\u00e7\u00f5es entre arte [&hellip;]<\/p>\n","protected":false},"author":301,"featured_media":0,"comment_status":"closed","ping_status":"closed","sticky":false,"template":"","format":"standard","meta":{"jetpack_post_was_ever_published":false,"_jetpack_newsletter_access":"","_jetpack_dont_email_post_to_subs":false,"_jetpack_newsletter_tier_id":0,"_jetpack_memberships_contains_paywalled_content":false,"_jetpack_memberships_contains_paid_content":false,"footnotes":"","jetpack_publicize_message":"","jetpack_publicize_feature_enabled":true,"jetpack_social_post_already_shared":true,"jetpack_social_options":{"image_generator_settings":{"template":"highway","default_image_id":0,"font":"","enabled":false},"version":2}},"categories":[18],"tags":[],"class_list":["post-8040","post","type-post","status-publish","format-standard","hentry","category-sem-categoria"],"jetpack_publicize_connections":[],"jetpack_featured_media_url":"","jetpack_sharing_enabled":true,"_links":{"self":[{"href":"https:\/\/wp.ufpel.edu.br\/mestradoartesvisuais\/index.php?rest_route=\/wp\/v2\/posts\/8040","targetHints":{"allow":["GET"]}}],"collection":[{"href":"https:\/\/wp.ufpel.edu.br\/mestradoartesvisuais\/index.php?rest_route=\/wp\/v2\/posts"}],"about":[{"href":"https:\/\/wp.ufpel.edu.br\/mestradoartesvisuais\/index.php?rest_route=\/wp\/v2\/types\/post"}],"author":[{"embeddable":true,"href":"https:\/\/wp.ufpel.edu.br\/mestradoartesvisuais\/index.php?rest_route=\/wp\/v2\/users\/301"}],"replies":[{"embeddable":true,"href":"https:\/\/wp.ufpel.edu.br\/mestradoartesvisuais\/index.php?rest_route=%2Fwp%2Fv2%2Fcomments&post=8040"}],"version-history":[{"count":1,"href":"https:\/\/wp.ufpel.edu.br\/mestradoartesvisuais\/index.php?rest_route=\/wp\/v2\/posts\/8040\/revisions"}],"predecessor-version":[{"id":8046,"href":"https:\/\/wp.ufpel.edu.br\/mestradoartesvisuais\/index.php?rest_route=\/wp\/v2\/posts\/8040\/revisions\/8046"}],"wp:attachment":[{"href":"https:\/\/wp.ufpel.edu.br\/mestradoartesvisuais\/index.php?rest_route=%2Fwp%2Fv2%2Fmedia&parent=8040"}],"wp:term":[{"taxonomy":"category","embeddable":true,"href":"https:\/\/wp.ufpel.edu.br\/mestradoartesvisuais\/index.php?rest_route=%2Fwp%2Fv2%2Fcategories&post=8040"},{"taxonomy":"post_tag","embeddable":true,"href":"https:\/\/wp.ufpel.edu.br\/mestradoartesvisuais\/index.php?rest_route=%2Fwp%2Fv2%2Ftags&post=8040"}],"curies":[{"name":"wp","href":"https:\/\/api.w.org\/{rel}","templated":true}]}}