{"id":7940,"date":"2021-09-09T17:01:15","date_gmt":"2021-09-09T20:01:15","guid":{"rendered":"https:\/\/wp.ufpel.edu.br\/mestradoartesvisuais\/?p=7940"},"modified":"2021-09-09T17:01:15","modified_gmt":"2021-09-09T20:01:15","slug":"i-seminario-internacional-fivrs-2021","status":"publish","type":"post","link":"https:\/\/wp.ufpel.edu.br\/mestradoartesvisuais\/?p=7940","title":{"rendered":"I SEMIN\u00c1RIO INTERNACIONAL FIVRS 2021"},"content":{"rendered":"<p>2\u00ba Festival Internacional de Videodan\u00e7a do RS<br \/>\nCanal do FIVRS no YouTube<br \/>\nFIVRS &#8211; Festival Internacional de Videodan\u00e7a do RS<br \/>\nFIVRS \u2013 FIVRS<br \/>\n@fivrs.videodanca<\/p>\n<p>07 de setembro<br \/>\n19h (Brasil) &#8211; Premi\u00e8re de Song of Songs (2020, 20&#8242;), de Douglas Rosenberg, EUA<br \/>\nPremi\u00e8re Song of Songs (2020, 20&#8242;), de Douglas Rosenberg, Estados Unidos.<\/p>\n<p><a href=\"https:\/\/wp.ufpel.edu.br\/mestradoartesvisuais\/files\/2021\/09\/Song-of-Songs-Premiere.jpeg\"><img class=\"alignnone size-large wp-image-7913\" src=\"https:\/\/wp.ufpel.edu.br\/mestradoartesvisuais\/files\/2021\/09\/Song-of-Songs-Premiere-1024x1024.jpeg\" alt=\"\" width=\"1024\" height=\"1024\" srcset=\"https:\/\/wp.ufpel.edu.br\/mestradoartesvisuais\/files\/2021\/09\/Song-of-Songs-Premiere-1024x1024.jpeg 1024w, https:\/\/wp.ufpel.edu.br\/mestradoartesvisuais\/files\/2021\/09\/Song-of-Songs-Premiere-400x400.jpeg 400w, https:\/\/wp.ufpel.edu.br\/mestradoartesvisuais\/files\/2021\/09\/Song-of-Songs-Premiere-200x200.jpeg 200w, https:\/\/wp.ufpel.edu.br\/mestradoartesvisuais\/files\/2021\/09\/Song-of-Songs-Premiere-768x768.jpeg 768w, https:\/\/wp.ufpel.edu.br\/mestradoartesvisuais\/files\/2021\/09\/Song-of-Songs-Premiere.jpeg 1080w\" sizes=\"(max-width: 1024px) 100vw, 1024px\" \/><\/a><\/p>\n<p>19h30m (Brasil) &#8211; Sess\u00e3o comentada de Song of Songs &#8211; com Douglas Rosenberg, media\u00e7\u00e3o: Alexandra Dias (UFPel, Brasil)<br \/>\nSess\u00e3o comentada de &#8220;Song of Songs&#8221; (2020, 20&#8242;), de Douglas Rosenberg, EUA<\/p>\n<p>8 de setembro<br \/>\nExibi\u00e7\u00e3o da mostra Mostra &#8220;Festival Corporalidad Expandida&#8221; &#8211; durante todo o dia<\/p>\n<p>19h (Brasil) &#8211; Mesa Videodan\u00e7a Social &#8211; com Ladys Gonzalez e Wanda L\u00f3pez Trelles (diretoras do Festival Corporalidad Expandida, Argentina),<br \/>\nmedia\u00e7\u00e3o: Thiago Amorim (UFPel, Brasil)<br \/>\nMesa Videodan\u00e7a Social<\/p>\n<p><a href=\"https:\/\/wp.ufpel.edu.br\/mestradoartesvisuais\/files\/2021\/09\/fiv.jpg\"><img class=\"alignnone size-large wp-image-7942\" src=\"https:\/\/wp.ufpel.edu.br\/mestradoartesvisuais\/files\/2021\/09\/fiv-1024x1024.jpg\" alt=\"\" width=\"1024\" height=\"1024\" srcset=\"https:\/\/wp.ufpel.edu.br\/mestradoartesvisuais\/files\/2021\/09\/fiv-1024x1024.jpg 1024w, https:\/\/wp.ufpel.edu.br\/mestradoartesvisuais\/files\/2021\/09\/fiv-400x400.jpg 400w, https:\/\/wp.ufpel.edu.br\/mestradoartesvisuais\/files\/2021\/09\/fiv-200x200.jpg 200w, https:\/\/wp.ufpel.edu.br\/mestradoartesvisuais\/files\/2021\/09\/fiv-768x768.jpg 768w, https:\/\/wp.ufpel.edu.br\/mestradoartesvisuais\/files\/2021\/09\/fiv.jpg 1080w\" sizes=\"(max-width: 1024px) 100vw, 1024px\" \/><\/a><\/p>\n<p>A VIDEODAN\u00c7A SOCIAL \u00e9 um meio de express\u00e3o que integra a explora\u00e7\u00e3o dos cinco sentidos identit\u00e1rios por meio da c\u00e2mera. O processo criativo \u00e9 \u00fanico e m\u00faltiplo, sendo definido pelas corporalidades participantes em seu contexto. A videodan\u00e7a \u00e9 um movimento art\u00edstico emergente que, ao combinar dan\u00e7a e audiovisual, estabelece uma nova rela\u00e7\u00e3o, que possibilita novos significados e novos valores sociais: novas textualidades, dispositivos, produtoras \/ realizadoras, fazedoras, sem limites ou pertencimentos, em uma \u00fanica e pr\u00f3pria rela\u00e7\u00e3o coletiva. Consideramos a coreografia como o estado atual do corpo. A dan\u00e7a como a\u00e7\u00e3o com intencionalidade, o vital acionado pela mem\u00f3ria do corpo. A c\u00e2mara como registo vivo cujo suporte nos permite salvaguardar o nosso pr\u00f3prio arquivo e patrim\u00f3nio sensorial e imaterial, audiovisualmente. &#8220;Projecto Corporalidad Expandida&#8221;<\/p>\n<p>9 de setembro<br \/>\nExibi\u00e7\u00e3o da mostra &#8220;Panorama IMARP de 2014 a 2020&#8221; &#8211; durante todo o dia<\/p>\n<p>19h (Brasil) &#8211; Mesa Videodan\u00e7a em Tempos de Pandemia &#8211; com Denise Matta (diretora do IMARP, Brasil) e Rebeca Recuero (UFPel, Brasil),<br \/>\nmedia\u00e7\u00e3o: Carminha Hoffmann (UFPel, Brasil)<br \/>\nMesa Videodan\u00e7a em Tempos de Pandemia<\/p>\n<p><a href=\"https:\/\/wp.ufpel.edu.br\/mestradoartesvisuais\/files\/2021\/09\/fiv1.jpg\"><img class=\"alignnone size-large wp-image-7943\" src=\"https:\/\/wp.ufpel.edu.br\/mestradoartesvisuais\/files\/2021\/09\/fiv1-1024x1024.jpg\" alt=\"\" width=\"1024\" height=\"1024\" srcset=\"https:\/\/wp.ufpel.edu.br\/mestradoartesvisuais\/files\/2021\/09\/fiv1-1024x1024.jpg 1024w, https:\/\/wp.ufpel.edu.br\/mestradoartesvisuais\/files\/2021\/09\/fiv1-400x400.jpg 400w, https:\/\/wp.ufpel.edu.br\/mestradoartesvisuais\/files\/2021\/09\/fiv1-200x200.jpg 200w, https:\/\/wp.ufpel.edu.br\/mestradoartesvisuais\/files\/2021\/09\/fiv1-768x768.jpg 768w, https:\/\/wp.ufpel.edu.br\/mestradoartesvisuais\/files\/2021\/09\/fiv1.jpg 1080w\" sizes=\"(max-width: 1024px) 100vw, 1024px\" \/><\/a><\/p>\n<p>A pandemia n\u00e3o apenas mudou nossas formas de relacionamento, de trabalho e de entretenimento, como tamb\u00e9m transformou nossos modos de pensar, de produzir e de manifestar a arte e, consequentemente, a videodan\u00e7a. Por meio dela, destrinchamos espa\u00e7os para (sobre)viver, redescobrindo corpos, lugares, audi\u00eancias e tempos que carregam uma po\u00e9tica m\u00faltipla e cr\u00edtica, capaz de elevar nossas vozes (e dan\u00e7as) a um n\u00edvel global e ub\u00edquo. Assim, atrav\u00e9s da videodan\u00e7a neste contexto ca\u00f3tico, encontramos for\u00e7as para significar, ser e estar no mundo, reescrevendo nossas hist\u00f3rias e difundindo a esperan\u00e7a de dias melhores. &#8220;Rebeca Recuero&#8221;<\/p>\n<p>10 de setembro<br \/>\n15h (Brasil) &#8211; Mesa Curadoria em Videodan\u00e7a &#8211; com Ana Sede\u00f1o-Valdellos (UMA, Espanha) e Leonel Brum (UFC, Brasil), media\u00e7\u00e3o: Ros\u00e2ngela Fachel (UFPel, Brasil)<br \/>\nMesa Curadoria em Videodan\u00e7a<\/p>\n<p><a href=\"https:\/\/wp.ufpel.edu.br\/mestradoartesvisuais\/files\/2021\/09\/fiv2.jpg\"><img class=\"alignnone size-large wp-image-7944\" src=\"https:\/\/wp.ufpel.edu.br\/mestradoartesvisuais\/files\/2021\/09\/fiv2-1024x1024.jpg\" alt=\"\" width=\"1024\" height=\"1024\" srcset=\"https:\/\/wp.ufpel.edu.br\/mestradoartesvisuais\/files\/2021\/09\/fiv2-1024x1024.jpg 1024w, https:\/\/wp.ufpel.edu.br\/mestradoartesvisuais\/files\/2021\/09\/fiv2-400x400.jpg 400w, https:\/\/wp.ufpel.edu.br\/mestradoartesvisuais\/files\/2021\/09\/fiv2-200x200.jpg 200w, https:\/\/wp.ufpel.edu.br\/mestradoartesvisuais\/files\/2021\/09\/fiv2-768x768.jpg 768w, https:\/\/wp.ufpel.edu.br\/mestradoartesvisuais\/files\/2021\/09\/fiv2.jpg 1080w\" sizes=\"(max-width: 1024px) 100vw, 1024px\" \/><\/a><\/p>\n<p>16h (Brasil) &#8211; Encerramento<\/p>\n<p>Pela falta de um campo espec\u00edfico de pesquisa ou de reflex\u00e3o e por sua escassa an\u00e1lise no \u00e2mbito das pesquisas, a CURADORIA DE VIDEODAN\u00c7A situa-se em espa\u00e7o de complexidades. Esta \u00e9 uma desvantagem pela falta de embasamento te\u00f3rico, mas vem acompanhada de maior liberdade no seu tratamento e abordagem te\u00f3rica e pr\u00e1tica. A tarefa da curadoria em videodan\u00e7a tem consequ\u00eancias na percep\u00e7\u00e3o do p\u00fablico sobre essas produ\u00e7\u00f5es, assim como seu profissionalismo e rigor t\u00eam implica\u00e7\u00f5es no reconhecimento dessas pr\u00e1ticas em v\u00eddeo, que em muitos casos s\u00e3o uma forma de express\u00e3o de coletivos art\u00edsticos e sociais minorit\u00e1rios. Ao mesmo tempo, a forma\u00e7\u00e3o e a dedica\u00e7\u00e3o profissional para a curadoria em videodan\u00e7a conformam o perfil e a sensibilidade de cada agente. &#8220;Ana Sede\u00f1o-Valdellos&#8221;<\/p>\n<p>Em todas as transmiss\u00f5es ser\u00e1 disponibilizado formul\u00e1rio de registro da presen\u00e7a para a emiss\u00e3o de atestados de participa\u00e7\u00e3o por atividade ou referente ao semin\u00e1rio, quando com 75% de participa\u00e7\u00e3o.<\/p>\n<p>COMISS\u00c3O ORGANIZADORA<br \/>\nCarmen Anita Hoffmann \u2013 UFPel<br \/>\nRos\u00e2ngela Fachel \u2013 UFPel<br \/>\nCarlise Scalamato \u2013 UFSM<br \/>\nRebeca Recuero \u2013 UFPel<br \/>\nLuana Arrieche Echevengua \u2013 UFPel<br \/>\nAna Carolina Tavares \u2013 UFPel<br \/>\nHamilton Bittencourt \u2013 UFPel<\/p>\n<p>REALIZA\u00c7\u00c3O<br \/>\nPrograma de P\u00f3s-gradua\u00e7\u00e3o Mestrado em Artes Visuais &#8211; PPGAVI, e Curso de Dan\u00e7a da Universidade Federal de Pelotas &#8211; UFPel<\/p>\n<p>APOIADORES<br \/>\nFunda\u00e7\u00e3o ECARTA<br \/>\nCasa de Cultura M\u00e1rio Quintana<br \/>\nInstituto Estadual de Artes C\u00eanicas &#8211; IEACEN<br \/>\nInstituto Estadual de Artes Visuais &#8211; IEAVI<br \/>\nCurso de Dan\u00e7a Licenciatura da Universidade Federal de Santa Maria &#8211; UFSM<br \/>\nMuseu de Arte Leopoldo Gotuzzo &#8211; MALG<br \/>\nRed Iberoamericana de Investigaci\u00f3n en Narrativas Audiovisuales &#8211; Red INAV<br \/>\nLaborat\u00f3rio de Ensino, Pesquisa e Produ\u00e7\u00e3o em Antropologia da Imagem e do Som &#8211; LEPPAIS<br \/>\nProyecto Corporalidad Expandida<br \/>\nIMARP &#8211; Mostra Internacional de Dan\u00e7a &#8211; Imagens em Movimento &#8211; V\u00eddeo Dan\u00e7a<\/p>\n","protected":false},"excerpt":{"rendered":"<p>2\u00ba Festival Internacional de Videodan\u00e7a do RS Canal do FIVRS no YouTube FIVRS &#8211; Festival Internacional de Videodan\u00e7a do RS FIVRS \u2013 FIVRS @fivrs.videodanca 07 de setembro 19h (Brasil) &#8211; Premi\u00e8re de Song of Songs (2020, 20&#8242;), de Douglas Rosenberg, EUA Premi\u00e8re Song of Songs (2020, 20&#8242;), de Douglas Rosenberg, Estados Unidos. 19h30m (Brasil) &#8211; [&hellip;]<\/p>\n","protected":false},"author":301,"featured_media":0,"comment_status":"closed","ping_status":"closed","sticky":false,"template":"","format":"standard","meta":{"jetpack_post_was_ever_published":false,"_jetpack_newsletter_access":"","_jetpack_dont_email_post_to_subs":false,"_jetpack_newsletter_tier_id":0,"_jetpack_memberships_contains_paywalled_content":false,"_jetpack_memberships_contains_paid_content":false,"footnotes":"","jetpack_publicize_message":"","jetpack_publicize_feature_enabled":true,"jetpack_social_post_already_shared":true,"jetpack_social_options":{"image_generator_settings":{"template":"highway","default_image_id":0,"font":"","enabled":false},"version":2}},"categories":[18],"tags":[],"class_list":["post-7940","post","type-post","status-publish","format-standard","hentry","category-sem-categoria"],"jetpack_publicize_connections":[],"jetpack_featured_media_url":"","jetpack_sharing_enabled":true,"_links":{"self":[{"href":"https:\/\/wp.ufpel.edu.br\/mestradoartesvisuais\/index.php?rest_route=\/wp\/v2\/posts\/7940","targetHints":{"allow":["GET"]}}],"collection":[{"href":"https:\/\/wp.ufpel.edu.br\/mestradoartesvisuais\/index.php?rest_route=\/wp\/v2\/posts"}],"about":[{"href":"https:\/\/wp.ufpel.edu.br\/mestradoartesvisuais\/index.php?rest_route=\/wp\/v2\/types\/post"}],"author":[{"embeddable":true,"href":"https:\/\/wp.ufpel.edu.br\/mestradoartesvisuais\/index.php?rest_route=\/wp\/v2\/users\/301"}],"replies":[{"embeddable":true,"href":"https:\/\/wp.ufpel.edu.br\/mestradoartesvisuais\/index.php?rest_route=%2Fwp%2Fv2%2Fcomments&post=7940"}],"version-history":[{"count":1,"href":"https:\/\/wp.ufpel.edu.br\/mestradoartesvisuais\/index.php?rest_route=\/wp\/v2\/posts\/7940\/revisions"}],"predecessor-version":[{"id":7945,"href":"https:\/\/wp.ufpel.edu.br\/mestradoartesvisuais\/index.php?rest_route=\/wp\/v2\/posts\/7940\/revisions\/7945"}],"wp:attachment":[{"href":"https:\/\/wp.ufpel.edu.br\/mestradoartesvisuais\/index.php?rest_route=%2Fwp%2Fv2%2Fmedia&parent=7940"}],"wp:term":[{"taxonomy":"category","embeddable":true,"href":"https:\/\/wp.ufpel.edu.br\/mestradoartesvisuais\/index.php?rest_route=%2Fwp%2Fv2%2Fcategories&post=7940"},{"taxonomy":"post_tag","embeddable":true,"href":"https:\/\/wp.ufpel.edu.br\/mestradoartesvisuais\/index.php?rest_route=%2Fwp%2Fv2%2Ftags&post=7940"}],"curies":[{"name":"wp","href":"https:\/\/api.w.org\/{rel}","templated":true}]}}