{"id":7921,"date":"2021-09-08T15:44:57","date_gmt":"2021-09-08T18:44:57","guid":{"rendered":"https:\/\/wp.ufpel.edu.br\/mestradoartesvisuais\/?p=7921"},"modified":"2021-09-08T15:44:57","modified_gmt":"2021-09-08T18:44:57","slug":"mostra-visual-casa_corpo","status":"publish","type":"post","link":"https:\/\/wp.ufpel.edu.br\/mestradoartesvisuais\/?p=7921","title":{"rendered":"Mostra Visual CASA_CORPO"},"content":{"rendered":"<p>Convidamos todas\/es\/os a visitar a Mostra Visual CASA-CORPO, resultante das discuss\u00f5es e pr\u00e1ticas desenvolvidas na disciplina Fotografia e Imagin\u00e1rio: Po\u00e9ticas em Pesquisa, componente curricular eletiva do PPGAVI.<br \/>\nDispon\u00edvel em: <a href=\"https:\/\/photographein-pesquisa.com.br\/disciplina\/?disciplina=1\" target=\"_blank\" rel=\"noopener\">https:\/\/photographein-pesquisa.com.br\/disciplina\/?disciplina=1<\/a><\/p>\n<p><a href=\"https:\/\/wp.ufpel.edu.br\/mestradoartesvisuais\/files\/2021\/09\/Casa-corpo-cards_insta-face-01.png\"><img class=\"alignnone size-large wp-image-7923\" src=\"https:\/\/wp.ufpel.edu.br\/mestradoartesvisuais\/files\/2021\/09\/Casa-corpo-cards_insta-face-01-1024x1024.png\" alt=\"\" width=\"1024\" height=\"1024\" srcset=\"https:\/\/wp.ufpel.edu.br\/mestradoartesvisuais\/files\/2021\/09\/Casa-corpo-cards_insta-face-01-1024x1024.png 1024w, https:\/\/wp.ufpel.edu.br\/mestradoartesvisuais\/files\/2021\/09\/Casa-corpo-cards_insta-face-01-400x400.png 400w, https:\/\/wp.ufpel.edu.br\/mestradoartesvisuais\/files\/2021\/09\/Casa-corpo-cards_insta-face-01-200x200.png 200w, https:\/\/wp.ufpel.edu.br\/mestradoartesvisuais\/files\/2021\/09\/Casa-corpo-cards_insta-face-01-768x768.png 768w, https:\/\/wp.ufpel.edu.br\/mestradoartesvisuais\/files\/2021\/09\/Casa-corpo-cards_insta-face-01-1536x1536.png 1536w, https:\/\/wp.ufpel.edu.br\/mestradoartesvisuais\/files\/2021\/09\/Casa-corpo-cards_insta-face-01.png 2000w\" sizes=\"(max-width: 1024px) 100vw, 1024px\" \/><\/a><\/p>\n","protected":false},"excerpt":{"rendered":"<p>Convidamos todas\/es\/os a visitar a Mostra Visual CASA-CORPO, resultante das discuss\u00f5es e pr\u00e1ticas desenvolvidas na disciplina Fotografia e Imagin\u00e1rio: Po\u00e9ticas em Pesquisa, componente curricular eletiva do PPGAVI. Dispon\u00edvel em: https:\/\/photographein-pesquisa.com.br\/disciplina\/?disciplina=1<\/p>\n","protected":false},"author":301,"featured_media":0,"comment_status":"closed","ping_status":"closed","sticky":false,"template":"","format":"standard","meta":{"jetpack_post_was_ever_published":false,"_jetpack_newsletter_access":"","_jetpack_dont_email_post_to_subs":false,"_jetpack_newsletter_tier_id":0,"_jetpack_memberships_contains_paywalled_content":false,"_jetpack_memberships_contains_paid_content":false,"footnotes":"","jetpack_publicize_message":"","jetpack_publicize_feature_enabled":true,"jetpack_social_post_already_shared":true,"jetpack_social_options":{"image_generator_settings":{"template":"highway","default_image_id":0,"font":"","enabled":false},"version":2}},"categories":[18],"tags":[],"class_list":["post-7921","post","type-post","status-publish","format-standard","hentry","category-sem-categoria"],"jetpack_publicize_connections":[],"jetpack_featured_media_url":"","jetpack_sharing_enabled":true,"_links":{"self":[{"href":"https:\/\/wp.ufpel.edu.br\/mestradoartesvisuais\/index.php?rest_route=\/wp\/v2\/posts\/7921","targetHints":{"allow":["GET"]}}],"collection":[{"href":"https:\/\/wp.ufpel.edu.br\/mestradoartesvisuais\/index.php?rest_route=\/wp\/v2\/posts"}],"about":[{"href":"https:\/\/wp.ufpel.edu.br\/mestradoartesvisuais\/index.php?rest_route=\/wp\/v2\/types\/post"}],"author":[{"embeddable":true,"href":"https:\/\/wp.ufpel.edu.br\/mestradoartesvisuais\/index.php?rest_route=\/wp\/v2\/users\/301"}],"replies":[{"embeddable":true,"href":"https:\/\/wp.ufpel.edu.br\/mestradoartesvisuais\/index.php?rest_route=%2Fwp%2Fv2%2Fcomments&post=7921"}],"version-history":[{"count":1,"href":"https:\/\/wp.ufpel.edu.br\/mestradoartesvisuais\/index.php?rest_route=\/wp\/v2\/posts\/7921\/revisions"}],"predecessor-version":[{"id":7924,"href":"https:\/\/wp.ufpel.edu.br\/mestradoartesvisuais\/index.php?rest_route=\/wp\/v2\/posts\/7921\/revisions\/7924"}],"wp:attachment":[{"href":"https:\/\/wp.ufpel.edu.br\/mestradoartesvisuais\/index.php?rest_route=%2Fwp%2Fv2%2Fmedia&parent=7921"}],"wp:term":[{"taxonomy":"category","embeddable":true,"href":"https:\/\/wp.ufpel.edu.br\/mestradoartesvisuais\/index.php?rest_route=%2Fwp%2Fv2%2Fcategories&post=7921"},{"taxonomy":"post_tag","embeddable":true,"href":"https:\/\/wp.ufpel.edu.br\/mestradoartesvisuais\/index.php?rest_route=%2Fwp%2Fv2%2Ftags&post=7921"}],"curies":[{"name":"wp","href":"https:\/\/api.w.org\/{rel}","templated":true}]}}