{"id":582,"date":"2015-02-11T11:16:12","date_gmt":"2015-02-11T13:16:12","guid":{"rendered":"https:\/\/wp.ufpel.edu.br\/mestradoartesvisuais\/?p=582"},"modified":"2015-03-04T16:28:09","modified_gmt":"2015-03-04T19:28:09","slug":"edital-aluno-especial-20151","status":"publish","type":"post","link":"https:\/\/wp.ufpel.edu.br\/mestradoartesvisuais\/?p=582","title":{"rendered":"Edital Aluno Especial 2015\/1"},"content":{"rendered":"<p>As inscri\u00e7\u00f5es ao Exame de Sele\u00e7\u00e3o para cursar disciplina optativa, como aluno especial do Programa de P\u00f3s-Gradua\u00e7\u00e3o \u2013 Mestrado em Artes Visuais da UFPel, estar\u00e3o abertas no per\u00edodo de <strong>24 \u00e0 26 de fevereiro de 2015<\/strong>, <strong>das 9:00 \u00e0s 12:00 horas<\/strong>, na Secretaria do Programa de P\u00f3s-Gradua\u00e7\u00e3o em Artes Visuais (PPGAV), no endere\u00e7o:<\/p>\n<p>Secretaria do Programa de P\u00f3s-Gradua\u00e7\u00e3o em Artes Visuais (PPGAV)<br \/>\nCentro de Artes<br \/>\nUniversidade Federal de Pelotas<br \/>\nRua Alberto Rosa, 62, sala 320 (terceiro andar)<br \/>\nCEP: 96010-770 \u2013 Pelotas \u2013 RS, Brasil<br \/>\nTelefone: (53) 3284 5519<br \/>\nE-mail: ufpel.ppgav@gmail.com<br \/>\nP\u00e1gina do Programa: https:\/\/wp.ufpel.edu.br\/mestradoartesvisuais\/<\/p>\n<p>&nbsp;<\/p>\n<p>O edital com todas as informa\u00e7\u00f5es\u00a0 e a ficha de inscri\u00e7\u00e3o est\u00e3o dispon\u00edveis abaixo:<\/p>\n<p><a href=\"https:\/\/wp.ufpel.edu.br\/mestradoartesvisuais\/files\/2015\/02\/edital-aluno-especial-2015-1.pdf\">edital aluno especial 2015-1<\/a><\/p>\n<p><a href=\"https:\/\/wp.ufpel.edu.br\/mestradoartesvisuais\/files\/2015\/02\/FORMUL\u00c1RIO-DE-INSCRI\u00c7\u00c3O-ALUNO-ESPECIAL-\u2013-Processo-Seletivo-2015-1.doc\">FORMUL\u00c1RIO-DE-INSCRI\u00c7\u00c3O-ALUNO-ESPECIAL-\u2013-Processo-Seletivo-2015-1<\/a><\/p>\n<p><a href=\"https:\/\/wp.ufpel.edu.br\/mestradoartesvisuais\/files\/2015\/02\/EDITAL-DE-RETIFICA\u00c7\u00c3O-2015-1-aluno-especial.jpg\"><img class=\"alignnone size-medium wp-image-589\" src=\"https:\/\/wp.ufpel.edu.br\/mestradoartesvisuais\/files\/2015\/02\/EDITAL-DE-RETIFICA\u00c7\u00c3O-2015-1-aluno-especial-226x318.jpg\" alt=\"EDITAL DE RETIFICA\u00c7\u00c3O - 2015-1- aluno especial\" width=\"226\" height=\"318\" srcset=\"https:\/\/wp.ufpel.edu.br\/mestradoartesvisuais\/files\/2015\/02\/EDITAL-DE-RETIFICA\u00c7\u00c3O-2015-1-aluno-especial-226x318.jpg 226w, https:\/\/wp.ufpel.edu.br\/mestradoartesvisuais\/files\/2015\/02\/EDITAL-DE-RETIFICA\u00c7\u00c3O-2015-1-aluno-especial-113x159.jpg 113w, https:\/\/wp.ufpel.edu.br\/mestradoartesvisuais\/files\/2015\/02\/EDITAL-DE-RETIFICA\u00c7\u00c3O-2015-1-aluno-especial.jpg 1000w\" sizes=\"(max-width: 226px) 100vw, 226px\" \/><\/a><\/p>\n<p>&nbsp;<\/p>\n","protected":false},"excerpt":{"rendered":"<p>As inscri\u00e7\u00f5es ao Exame de Sele\u00e7\u00e3o para cursar disciplina optativa, como aluno especial do Programa de P\u00f3s-Gradua\u00e7\u00e3o \u2013 Mestrado em Artes Visuais da UFPel, estar\u00e3o abertas no per\u00edodo de 24 \u00e0 26 de fevereiro de 2015, das 9:00 \u00e0s 12:00 horas, na Secretaria do Programa de P\u00f3s-Gradua\u00e7\u00e3o em Artes Visuais (PPGAV), no endere\u00e7o: Secretaria do [&hellip;]<\/p>\n","protected":false},"author":301,"featured_media":0,"comment_status":"closed","ping_status":"closed","sticky":false,"template":"","format":"standard","meta":{"jetpack_post_was_ever_published":false,"_jetpack_newsletter_access":"","_jetpack_dont_email_post_to_subs":false,"_jetpack_newsletter_tier_id":0,"_jetpack_memberships_contains_paywalled_content":false,"_jetpack_memberships_contains_paid_content":false,"footnotes":"","jetpack_publicize_message":"","jetpack_publicize_feature_enabled":true,"jetpack_social_post_already_shared":false,"jetpack_social_options":{"image_generator_settings":{"template":"highway","default_image_id":0,"font":"","enabled":false},"version":2}},"categories":[18],"tags":[],"class_list":["post-582","post","type-post","status-publish","format-standard","hentry","category-sem-categoria"],"jetpack_publicize_connections":[],"jetpack_featured_media_url":"","jetpack_sharing_enabled":true,"_links":{"self":[{"href":"https:\/\/wp.ufpel.edu.br\/mestradoartesvisuais\/index.php?rest_route=\/wp\/v2\/posts\/582","targetHints":{"allow":["GET"]}}],"collection":[{"href":"https:\/\/wp.ufpel.edu.br\/mestradoartesvisuais\/index.php?rest_route=\/wp\/v2\/posts"}],"about":[{"href":"https:\/\/wp.ufpel.edu.br\/mestradoartesvisuais\/index.php?rest_route=\/wp\/v2\/types\/post"}],"author":[{"embeddable":true,"href":"https:\/\/wp.ufpel.edu.br\/mestradoartesvisuais\/index.php?rest_route=\/wp\/v2\/users\/301"}],"replies":[{"embeddable":true,"href":"https:\/\/wp.ufpel.edu.br\/mestradoartesvisuais\/index.php?rest_route=%2Fwp%2Fv2%2Fcomments&post=582"}],"version-history":[{"count":2,"href":"https:\/\/wp.ufpel.edu.br\/mestradoartesvisuais\/index.php?rest_route=\/wp\/v2\/posts\/582\/revisions"}],"predecessor-version":[{"id":590,"href":"https:\/\/wp.ufpel.edu.br\/mestradoartesvisuais\/index.php?rest_route=\/wp\/v2\/posts\/582\/revisions\/590"}],"wp:attachment":[{"href":"https:\/\/wp.ufpel.edu.br\/mestradoartesvisuais\/index.php?rest_route=%2Fwp%2Fv2%2Fmedia&parent=582"}],"wp:term":[{"taxonomy":"category","embeddable":true,"href":"https:\/\/wp.ufpel.edu.br\/mestradoartesvisuais\/index.php?rest_route=%2Fwp%2Fv2%2Fcategories&post=582"},{"taxonomy":"post_tag","embeddable":true,"href":"https:\/\/wp.ufpel.edu.br\/mestradoartesvisuais\/index.php?rest_route=%2Fwp%2Fv2%2Ftags&post=582"}],"curies":[{"name":"wp","href":"https:\/\/api.w.org\/{rel}","templated":true}]}}