{"id":579,"date":"2015-02-06T11:24:22","date_gmt":"2015-02-06T13:24:22","guid":{"rendered":"https:\/\/wp.ufpel.edu.br\/mestradoartesvisuais\/?p=579"},"modified":"2015-02-06T11:24:22","modified_gmt":"2015-02-06T13:24:22","slug":"defesa-de-ana-beatriz-campos-vaz","status":"publish","type":"post","link":"https:\/\/wp.ufpel.edu.br\/mestradoartesvisuais\/?p=579","title":{"rendered":"Defesa de Ana Beatriz Campos Vaz"},"content":{"rendered":"<p>Dia: 26 de fevereiro<br \/>\nHora: 09:00 horas.<br \/>\nLocal: Sala 319 do Centro de Artes<br \/>\nRua Alberto Rosa, 62<\/p>\n<p>Banca:<br \/>\nProfa. Dra. Ursula Rosa da Silva (orientadora)<br \/>\nProf. Dr. Donald Hugh de Barros Kerr Junior (IFSul)<br \/>\nProfa. Dra.\u00a0 Eduarda Azevedo Gon\u00e7alves (UFPel)<\/p>\n<p>T\u00edtulo: Arte Contempor\u00e2nea &#8211; o cotidiano ressignificado e tornado experi\u00eancia est\u00e9tica em sala de aula.<\/p>\n<p>&nbsp;<\/p>\n","protected":false},"excerpt":{"rendered":"<p>Dia: 26 de fevereiro Hora: 09:00 horas. Local: Sala 319 do Centro de Artes Rua Alberto Rosa, 62 Banca: Profa. Dra. Ursula Rosa da Silva (orientadora) Prof. Dr. Donald Hugh de Barros Kerr Junior (IFSul) Profa. Dra.\u00a0 Eduarda Azevedo Gon\u00e7alves (UFPel) T\u00edtulo: Arte Contempor\u00e2nea &#8211; o cotidiano ressignificado e tornado experi\u00eancia est\u00e9tica em sala de [&hellip;]<\/p>\n","protected":false},"author":301,"featured_media":0,"comment_status":"closed","ping_status":"closed","sticky":false,"template":"","format":"standard","meta":{"jetpack_post_was_ever_published":false,"_jetpack_newsletter_access":"","_jetpack_dont_email_post_to_subs":false,"_jetpack_newsletter_tier_id":0,"_jetpack_memberships_contains_paywalled_content":false,"_jetpack_memberships_contains_paid_content":false,"footnotes":"","jetpack_publicize_message":"","jetpack_publicize_feature_enabled":true,"jetpack_social_post_already_shared":false,"jetpack_social_options":{"image_generator_settings":{"template":"highway","default_image_id":0,"font":"","enabled":false},"version":2}},"categories":[18],"tags":[],"class_list":["post-579","post","type-post","status-publish","format-standard","hentry","category-sem-categoria"],"jetpack_publicize_connections":[],"jetpack_featured_media_url":"","jetpack_sharing_enabled":true,"_links":{"self":[{"href":"https:\/\/wp.ufpel.edu.br\/mestradoartesvisuais\/index.php?rest_route=\/wp\/v2\/posts\/579","targetHints":{"allow":["GET"]}}],"collection":[{"href":"https:\/\/wp.ufpel.edu.br\/mestradoartesvisuais\/index.php?rest_route=\/wp\/v2\/posts"}],"about":[{"href":"https:\/\/wp.ufpel.edu.br\/mestradoartesvisuais\/index.php?rest_route=\/wp\/v2\/types\/post"}],"author":[{"embeddable":true,"href":"https:\/\/wp.ufpel.edu.br\/mestradoartesvisuais\/index.php?rest_route=\/wp\/v2\/users\/301"}],"replies":[{"embeddable":true,"href":"https:\/\/wp.ufpel.edu.br\/mestradoartesvisuais\/index.php?rest_route=%2Fwp%2Fv2%2Fcomments&post=579"}],"version-history":[{"count":1,"href":"https:\/\/wp.ufpel.edu.br\/mestradoartesvisuais\/index.php?rest_route=\/wp\/v2\/posts\/579\/revisions"}],"predecessor-version":[{"id":580,"href":"https:\/\/wp.ufpel.edu.br\/mestradoartesvisuais\/index.php?rest_route=\/wp\/v2\/posts\/579\/revisions\/580"}],"wp:attachment":[{"href":"https:\/\/wp.ufpel.edu.br\/mestradoartesvisuais\/index.php?rest_route=%2Fwp%2Fv2%2Fmedia&parent=579"}],"wp:term":[{"taxonomy":"category","embeddable":true,"href":"https:\/\/wp.ufpel.edu.br\/mestradoartesvisuais\/index.php?rest_route=%2Fwp%2Fv2%2Fcategories&post=579"},{"taxonomy":"post_tag","embeddable":true,"href":"https:\/\/wp.ufpel.edu.br\/mestradoartesvisuais\/index.php?rest_route=%2Fwp%2Fv2%2Ftags&post=579"}],"curies":[{"name":"wp","href":"https:\/\/api.w.org\/{rel}","templated":true}]}}