{"id":2003,"date":"2018-04-03T13:43:26","date_gmt":"2018-04-03T16:43:26","guid":{"rendered":"https:\/\/wp.ufpel.edu.br\/mestradoartesvisuais\/?p=2003"},"modified":"2018-04-03T18:07:42","modified_gmt":"2018-04-03T21:07:42","slug":"aula-magna","status":"publish","type":"post","link":"https:\/\/wp.ufpel.edu.br\/mestradoartesvisuais\/?p=2003","title":{"rendered":"Aula Magna do mestrado em Artes Visuais"},"content":{"rendered":"<p>Mestrado em Artes Visuais da UFPel convida<br \/>\n<span style=\"font-size: large\"><b>Aula Magna<\/b><\/span><\/p>\n<p>com <span style=\"font-size: large\"><b>Icleia Maria Borsa Cattani<\/b><\/span><br \/>\n(UFRGS &#8211; Doutora em Hist\u00f3ria<br \/>\nda Arte Contempor\u00e2nea pela<br \/>\nUniversidade de Paris 1 &#8211;<br \/>\nPantheon &#8211; Sorbonne)<\/p>\n<p><span style=\"font-size: large\"><b>&#8220;Arte Contempor\u00e2nea e<br \/>\na produ\u00e7\u00e3o de sentido&#8221;<\/b><\/span><\/p>\n<p>Dia 11 de abril \u00e0s 9h30min<br \/>\nLocal: Audit\u00f3rio 2 do<br \/>\nCentro de Artes<br \/>\n(Rua \u00c1lvaro Chaves, 65,<br \/>\nPelotas &#8211; RS)<\/p>\n<p>\u00c0s 11h haver\u00e1 lan\u00e7amento dos livros Pela Arte Contempor\u00e2nea e N\u00e9on: Pinturas de Gelson Radaelli.<\/p>\n<p><a href=\"https:\/\/wp.ufpel.edu.br\/mestradoartesvisuais\/files\/2018\/04\/29695144_1297692993707903_2225662668056036389_n.jpg\"><img class=\"alignnone size-medium wp-image-2007\" src=\"https:\/\/wp.ufpel.edu.br\/mestradoartesvisuais\/files\/2018\/04\/29695144_1297692993707903_2225662668056036389_n-273x400.jpg\" alt=\"\" width=\"273\" height=\"400\" srcset=\"https:\/\/wp.ufpel.edu.br\/mestradoartesvisuais\/files\/2018\/04\/29695144_1297692993707903_2225662668056036389_n-273x400.jpg 273w, https:\/\/wp.ufpel.edu.br\/mestradoartesvisuais\/files\/2018\/04\/29695144_1297692993707903_2225662668056036389_n.jpg 654w\" sizes=\"(max-width: 273px) 100vw, 273px\" \/><\/a><\/p>\n","protected":false},"excerpt":{"rendered":"<p>Mestrado em Artes Visuais da UFPel convida Aula Magna com Icleia Maria Borsa Cattani (UFRGS &#8211; Doutora em Hist\u00f3ria da Arte Contempor\u00e2nea pela Universidade de Paris 1 &#8211; Pantheon &#8211; Sorbonne) &#8220;Arte Contempor\u00e2nea e a produ\u00e7\u00e3o de sentido&#8221; Dia 11 de abril \u00e0s 9h30min Local: Audit\u00f3rio 2 do Centro de Artes (Rua \u00c1lvaro Chaves, 65, [&hellip;]<\/p>\n","protected":false},"author":301,"featured_media":0,"comment_status":"closed","ping_status":"closed","sticky":false,"template":"","format":"standard","meta":{"jetpack_post_was_ever_published":false,"_jetpack_newsletter_access":"","_jetpack_dont_email_post_to_subs":false,"_jetpack_newsletter_tier_id":0,"_jetpack_memberships_contains_paywalled_content":false,"_jetpack_memberships_contains_paid_content":false,"footnotes":"","jetpack_publicize_message":"","jetpack_publicize_feature_enabled":true,"jetpack_social_post_already_shared":true,"jetpack_social_options":{"image_generator_settings":{"template":"highway","default_image_id":0,"font":"","enabled":false},"version":2}},"categories":[18],"tags":[],"class_list":["post-2003","post","type-post","status-publish","format-standard","hentry","category-sem-categoria"],"jetpack_publicize_connections":[],"jetpack_featured_media_url":"","jetpack_sharing_enabled":true,"_links":{"self":[{"href":"https:\/\/wp.ufpel.edu.br\/mestradoartesvisuais\/index.php?rest_route=\/wp\/v2\/posts\/2003","targetHints":{"allow":["GET"]}}],"collection":[{"href":"https:\/\/wp.ufpel.edu.br\/mestradoartesvisuais\/index.php?rest_route=\/wp\/v2\/posts"}],"about":[{"href":"https:\/\/wp.ufpel.edu.br\/mestradoartesvisuais\/index.php?rest_route=\/wp\/v2\/types\/post"}],"author":[{"embeddable":true,"href":"https:\/\/wp.ufpel.edu.br\/mestradoartesvisuais\/index.php?rest_route=\/wp\/v2\/users\/301"}],"replies":[{"embeddable":true,"href":"https:\/\/wp.ufpel.edu.br\/mestradoartesvisuais\/index.php?rest_route=%2Fwp%2Fv2%2Fcomments&post=2003"}],"version-history":[{"count":4,"href":"https:\/\/wp.ufpel.edu.br\/mestradoartesvisuais\/index.php?rest_route=\/wp\/v2\/posts\/2003\/revisions"}],"predecessor-version":[{"id":2015,"href":"https:\/\/wp.ufpel.edu.br\/mestradoartesvisuais\/index.php?rest_route=\/wp\/v2\/posts\/2003\/revisions\/2015"}],"wp:attachment":[{"href":"https:\/\/wp.ufpel.edu.br\/mestradoartesvisuais\/index.php?rest_route=%2Fwp%2Fv2%2Fmedia&parent=2003"}],"wp:term":[{"taxonomy":"category","embeddable":true,"href":"https:\/\/wp.ufpel.edu.br\/mestradoartesvisuais\/index.php?rest_route=%2Fwp%2Fv2%2Fcategories&post=2003"},{"taxonomy":"post_tag","embeddable":true,"href":"https:\/\/wp.ufpel.edu.br\/mestradoartesvisuais\/index.php?rest_route=%2Fwp%2Fv2%2Ftags&post=2003"}],"curies":[{"name":"wp","href":"https:\/\/api.w.org\/{rel}","templated":true}]}}