{"id":109,"date":"2013-10-16T15:09:32","date_gmt":"2013-10-16T18:09:32","guid":{"rendered":"https:\/\/wp.ufpel.edu.br\/mestradoartesvisuais\/?p=109"},"modified":"2013-11-21T14:43:33","modified_gmt":"2013-11-21T16:43:33","slug":"processo-seletivo-20141","status":"publish","type":"post","link":"https:\/\/wp.ufpel.edu.br\/mestradoartesvisuais\/?p=109","title":{"rendered":"Processo seletivo 2014\/1"},"content":{"rendered":"<h1>Processo seletivo 2014\/1<\/h1>\n<p>As inscri\u00e7\u00f5es ao Exame de Sele\u00e7\u00e3o para cursar o Programa de P\u00f3s-Gradua\u00e7\u00e3o em Artes Visuais da UFPel estar\u00e3o abertas no per\u00edodo de 21 de outubro a 25 de novembro, de segunda \u00e0 quinta-feira, das 14:00 \u00e0s 17:00 horas, e sexta-feira, das 9:00 \u00e0s 13:00 horas, na Secretaria do Curso, na sala 320, do Centro de Artes, localizado na rua Alberto Rosa, n\u00ba 62, Pelotas, RS. Outras informa\u00e7\u00f5es no arquivo:<\/p>\n<p><a href=\"https:\/\/wp.ufpel.edu.br\/mestradoartesvisuais\/files\/2013\/08\/Edital-de-Sele\u00e7\u00e3o-Mestrado-Artes-Visuais-2014-1.pdf\">Edital de Sele\u00e7\u00e3o Mestrado Artes Visuais 2014-1<\/a><\/p>\n<p><a href=\"https:\/\/wp.ufpel.edu.br\/mestradoartesvisuais\/files\/2013\/11\/Formulario-Inscricao-2014-1.doc\">Formulario-Inscricao-2014-1<\/a><\/p>\n<p><a href=\"https:\/\/wp.ufpel.edu.br\/mestradoartesvisuais\/files\/2013\/10\/Modelo-de-Anteprojeto-de-Pesquisa-PPGAV-2014-MESTRADO.doc\">Modelo-de-Anteprojeto-de-Pesquisa-PPGAV-2014-MESTRADO<\/a><\/p>\n<p><a href=\"https:\/\/wp.ufpel.edu.br\/mestradoartesvisuais\/files\/2013\/08\/Regimento-do-Mestrado-Artes-Visuais-com-anexos.pdf\">Regimento do Mestrado Artes Visuais (com anexos)<\/a><\/p>\n","protected":false},"excerpt":{"rendered":"<p>Processo seletivo 2014\/1 As inscri\u00e7\u00f5es ao Exame de Sele\u00e7\u00e3o para cursar o Programa de P\u00f3s-Gradua\u00e7\u00e3o em Artes Visuais da UFPel estar\u00e3o abertas no per\u00edodo de 21 de outubro a 25 de novembro, de segunda \u00e0 quinta-feira, das 14:00 \u00e0s 17:00 horas, e sexta-feira, das 9:00 \u00e0s 13:00 horas, na Secretaria do Curso, na sala 320, [&hellip;]<\/p>\n","protected":false},"author":301,"featured_media":0,"comment_status":"closed","ping_status":"closed","sticky":false,"template":"","format":"standard","meta":{"jetpack_post_was_ever_published":false,"_jetpack_newsletter_access":"","_jetpack_dont_email_post_to_subs":false,"_jetpack_newsletter_tier_id":0,"_jetpack_memberships_contains_paywalled_content":false,"_jetpack_memberships_contains_paid_content":false,"footnotes":"","jetpack_publicize_message":"","jetpack_publicize_feature_enabled":true,"jetpack_social_post_already_shared":false,"jetpack_social_options":{"image_generator_settings":{"template":"highway","default_image_id":0,"font":"","enabled":false},"version":2}},"categories":[18],"tags":[],"class_list":["post-109","post","type-post","status-publish","format-standard","hentry","category-sem-categoria"],"jetpack_publicize_connections":[],"jetpack_featured_media_url":"","jetpack_sharing_enabled":true,"_links":{"self":[{"href":"https:\/\/wp.ufpel.edu.br\/mestradoartesvisuais\/index.php?rest_route=\/wp\/v2\/posts\/109","targetHints":{"allow":["GET"]}}],"collection":[{"href":"https:\/\/wp.ufpel.edu.br\/mestradoartesvisuais\/index.php?rest_route=\/wp\/v2\/posts"}],"about":[{"href":"https:\/\/wp.ufpel.edu.br\/mestradoartesvisuais\/index.php?rest_route=\/wp\/v2\/types\/post"}],"author":[{"embeddable":true,"href":"https:\/\/wp.ufpel.edu.br\/mestradoartesvisuais\/index.php?rest_route=\/wp\/v2\/users\/301"}],"replies":[{"embeddable":true,"href":"https:\/\/wp.ufpel.edu.br\/mestradoartesvisuais\/index.php?rest_route=%2Fwp%2Fv2%2Fcomments&post=109"}],"version-history":[{"count":7,"href":"https:\/\/wp.ufpel.edu.br\/mestradoartesvisuais\/index.php?rest_route=\/wp\/v2\/posts\/109\/revisions"}],"predecessor-version":[{"id":180,"href":"https:\/\/wp.ufpel.edu.br\/mestradoartesvisuais\/index.php?rest_route=\/wp\/v2\/posts\/109\/revisions\/180"}],"wp:attachment":[{"href":"https:\/\/wp.ufpel.edu.br\/mestradoartesvisuais\/index.php?rest_route=%2Fwp%2Fv2%2Fmedia&parent=109"}],"wp:term":[{"taxonomy":"category","embeddable":true,"href":"https:\/\/wp.ufpel.edu.br\/mestradoartesvisuais\/index.php?rest_route=%2Fwp%2Fv2%2Fcategories&post=109"},{"taxonomy":"post_tag","embeddable":true,"href":"https:\/\/wp.ufpel.edu.br\/mestradoartesvisuais\/index.php?rest_route=%2Fwp%2Fv2%2Ftags&post=109"}],"curies":[{"name":"wp","href":"https:\/\/api.w.org\/{rel}","templated":true}]}}