{"id":3218,"date":"2025-01-27T14:12:20","date_gmt":"2025-01-27T17:12:20","guid":{"rendered":"https:\/\/wp.ufpel.edu.br\/mercosul\/?p=3218"},"modified":"2025-03-07T09:37:56","modified_gmt":"2025-03-07T12:37:56","slug":"abertas-as-inscricoes-para-coordenador-do-curso-de-especializacao-em-gestao-para-a-sustentabilidade-uab","status":"publish","type":"post","link":"https:\/\/wp.ufpel.edu.br\/mercosul\/2025\/01\/27\/abertas-as-inscricoes-para-coordenador-do-curso-de-especializacao-em-gestao-para-a-sustentabilidade-uab\/","title":{"rendered":"Abertas as inscri\u00e7\u00f5es para Coordenador do Curso de Especializa\u00e7\u00e3o em Gest\u00e3o Para a Sustentabilidade &#8211; UAB (Edital retificado em 21\/02\/25)"},"content":{"rendered":"<p>Est\u00e3o abertas as inscri\u00e7\u00f5es para Coordenador do Curso de Especializa\u00e7\u00e3o em Gest\u00e3o Para a Sustentabilidade EAD, pela Universidade Aberta do Brasil. O per\u00edodo de inscri\u00e7\u00f5es vai de 27\/01 a 12\/02\/2025 e mais informa\u00e7\u00f5es podem ser conferidas no edital, dispon\u00edvel neste <a href=\"https:\/\/wp.ufpel.edu.br\/mercosul\/pt\/2025\/01\/27\/abertas-as-inscricoes-para-coordenador-do-curso-de-especializacao-em-gestao-para-a-sustentabilidade-uab\/edital_01_2025___egps_ead___selecao_de_coordenadoria_de_curso___uab___retificado\/\" rel=\"attachment wp-att-3229\">link<\/a>. O edital foi retificado em 21\/02.<\/p>\n<p>D\u00favidas e mais informa\u00e7\u00f5es sobre o processo seletivo poder\u00e3o ser encaminhadas para o email: pos.cim.egps.ead@gmail.com.<\/p>\n<p><a tabindex=\"-1\" href=\"https:\/\/wp.ufpel.edu.br\/mercosul\/pt\/2025\/01\/27\/abertas-as-inscricoes-para-coordenador-do-curso-de-especializacao-em-gestao-para-a-sustentabilidade-uab\/sei_2975355_edital_7-resultado-final\/\" target=\"_blank\" rel=\"noopener\">wp.ufpel.edu.br\/\u2026\/sei_2975355_edital_7-resultado-final<\/a><\/p>\n<p><strong>Atualizado em 21\/02\/2025 <\/strong>&#8211; Retifica\u00e7\u00e3o do cronograma: <a href=\"https:\/\/wp.ufpel.edu.br\/mercosul\/pt\/2025\/01\/27\/abertas-as-inscricoes-para-coordenador-do-curso-de-especializacao-em-gestao-para-a-sustentabilidade-uab\/sei_2962481_edital_5\/\" rel=\"attachment wp-att-3234\">SEI_2962481_Edital_5<\/a><\/p>\n<p><strong>Atualizado em 06\/02\/2025<\/strong> &#8211; Resultado Final: <a href=\"https:\/\/wp.ufpel.edu.br\/mercosul\/pt\/2025\/01\/27\/abertas-as-inscricoes-para-coordenador-do-curso-de-especializacao-em-gestao-para-a-sustentabilidade-uab\/sei_2975355_edital_7-resultado-final_1\/\" rel=\"attachment wp-att-3257\">SEI_2975355_Edital_7-RESULTADO-FINAL_1<\/a><a id=\"anchor3331389\" class=\"infraArvoreNo\" href=\"https:\/\/sei.ufpel.edu.br\/sei\/controlador.php?acao=arvore_visualizar&amp;acao_origem=procedimento_visualizar&amp;id_procedimento=3281654&amp;id_documento=3331389&amp;infra_sistema=100000100&amp;infra_unidade_atual=110000008&amp;infra_hash=0dfb08f4e97fbdd556fdef18be3efda4771109c35f66491ddea4fecbc1a21570\" target=\"ifrConteudoVisualizacao\"><span id=\"span3331389\" class=\"infraArvoreNoSelecionado\"><\/span><\/a><\/p>\n","protected":false},"excerpt":{"rendered":"<p>Est\u00e3o abertas as inscri\u00e7\u00f5es para Coordenador do Curso de Especializa\u00e7\u00e3o em Gest\u00e3o Para a Sustentabilidade EAD, pela Universidade Aberta do Brasil. O per\u00edodo de inscri\u00e7\u00f5es vai de 27\/01 a 12\/02\/2025 e mais informa\u00e7\u00f5es podem ser conferidas no edital, dispon\u00edvel neste link. O edital foi retificado em 21\/02. D\u00favidas e mais informa\u00e7\u00f5es sobre o processo seletivo [&hellip;]<\/p>\n","protected":false},"author":185,"featured_media":0,"comment_status":"closed","ping_status":"closed","sticky":false,"template":"","format":"standard","meta":{"_jetpack_memberships_contains_paid_content":false,"footnotes":"","_links_to":"","_links_to_target":""},"categories":[23507,18,83777],"tags":[],"class_list":["post-3218","post","type-post","status-publish","format-standard","hentry","category-destaque","category-sem-categoria","category-noticias"],"jetpack_featured_media_url":"","jetpack_sharing_enabled":true,"_links":{"self":[{"href":"https:\/\/wp.ufpel.edu.br\/mercosul\/wp-json\/wp\/v2\/posts\/3218","targetHints":{"allow":["GET"]}}],"collection":[{"href":"https:\/\/wp.ufpel.edu.br\/mercosul\/wp-json\/wp\/v2\/posts"}],"about":[{"href":"https:\/\/wp.ufpel.edu.br\/mercosul\/wp-json\/wp\/v2\/types\/post"}],"author":[{"embeddable":true,"href":"https:\/\/wp.ufpel.edu.br\/mercosul\/wp-json\/wp\/v2\/users\/185"}],"replies":[{"embeddable":true,"href":"https:\/\/wp.ufpel.edu.br\/mercosul\/wp-json\/wp\/v2\/comments?post=3218"}],"version-history":[{"count":15,"href":"https:\/\/wp.ufpel.edu.br\/mercosul\/wp-json\/wp\/v2\/posts\/3218\/revisions"}],"predecessor-version":[{"id":3258,"href":"https:\/\/wp.ufpel.edu.br\/mercosul\/wp-json\/wp\/v2\/posts\/3218\/revisions\/3258"}],"wp:attachment":[{"href":"https:\/\/wp.ufpel.edu.br\/mercosul\/wp-json\/wp\/v2\/media?parent=3218"}],"wp:term":[{"taxonomy":"category","embeddable":true,"href":"https:\/\/wp.ufpel.edu.br\/mercosul\/wp-json\/wp\/v2\/categories?post=3218"},{"taxonomy":"post_tag","embeddable":true,"href":"https:\/\/wp.ufpel.edu.br\/mercosul\/wp-json\/wp\/v2\/tags?post=3218"}],"curies":[{"name":"wp","href":"https:\/\/api.w.org\/{rel}","templated":true}]}}