{"id":2766,"date":"2019-08-28T09:33:39","date_gmt":"2019-08-28T12:33:39","guid":{"rendered":"https:\/\/wp.ufpel.edu.br\/mercosul\/?p=2766"},"modified":"2019-08-28T09:33:39","modified_gmt":"2019-08-28T12:33:39","slug":"estao-abertas-as-inscricoes-para-o-iv-encontro-de-estudantes-extensionistas","status":"publish","type":"post","link":"https:\/\/wp.ufpel.edu.br\/mercosul\/2019\/08\/28\/estao-abertas-as-inscricoes-para-o-iv-encontro-de-estudantes-extensionistas\/","title":{"rendered":"Est\u00e3o abertas as inscri\u00e7\u00f5es para o IV Encontro de estudantes Extensionistas"},"content":{"rendered":"<p>A Pr\u00f3-Reitoria de Extens\u00e3o e Cultura abre inscri\u00e7\u00f5es para o IV Encontro de Estudantes Extensionistas, nas modalidades \u201cMostra de Projetos de Extens\u00e3o e Cultura\u201d e \u201cExposi\u00e7\u00e3o de Produtos\u201d.<\/p>\n<p>A\u00a0Mostra de Projetos de Extens\u00e3o e Cultura ocorrer\u00e1 nos dias 22, 23, 24 e 25 de outubro. A organiza\u00e7\u00e3o fornecer\u00e1 uma bancada (mesa e cadeira) para os expositores.<\/p>\n<p>A Exposi\u00e7\u00e3o de Produtos, nas modalidades g\u00eaneros aliment\u00edcios e artesanato, ser\u00e1 realizada nos dias 22, 23, 24 e 25 de outubro.<\/p>\n<p>O per\u00edodo de inscri\u00e7\u00f5es ser\u00e1 de 26 de agosto a 30 de setembro<strong>.<\/strong><\/p>\n<p>A quarta edi\u00e7\u00e3o do evento \u00e9 vinculada ao VI Congresso de Extens\u00e3o e Cultura e ser\u00e1 realizada concomitantemente a 5\u00aa Semana Integrada de Inova\u00e7\u00e3o, Ensino, Pesquisa e Extens\u00e3o, de 21 a 25 de outubro, no Campus Cap\u00e3o do Le\u00e3o.<\/p>\n<p>Saiba como participar acessando\u00a0<a href=\"https:\/\/wp.ufpel.edu.br\/congressoextensao\/\">https:\/\/wp.ufpel.edu.br\/congressoextensao\/ .<\/a><\/p>\n<p>&nbsp;<\/p>\n","protected":false},"excerpt":{"rendered":"<p>A Pr\u00f3-Reitoria de Extens\u00e3o e Cultura abre inscri\u00e7\u00f5es para o IV Encontro de Estudantes Extensionistas, nas modalidades \u201cMostra de Projetos de Extens\u00e3o e Cultura\u201d e \u201cExposi\u00e7\u00e3o de Produtos\u201d. A\u00a0Mostra de Projetos de Extens\u00e3o e Cultura ocorrer\u00e1 nos dias 22, 23, 24 e 25 de outubro. A organiza\u00e7\u00e3o fornecer\u00e1 uma bancada (mesa e cadeira) para os [&hellip;]<\/p>\n","protected":false},"author":185,"featured_media":0,"comment_status":"closed","ping_status":"closed","sticky":false,"template":"","format":"standard","meta":{"_jetpack_memberships_contains_paid_content":false,"footnotes":"","_links_to":"","_links_to_target":""},"categories":[18],"tags":[],"class_list":["post-2766","post","type-post","status-publish","format-standard","hentry","category-sem-categoria"],"jetpack_featured_media_url":"","jetpack_sharing_enabled":true,"_links":{"self":[{"href":"https:\/\/wp.ufpel.edu.br\/mercosul\/wp-json\/wp\/v2\/posts\/2766","targetHints":{"allow":["GET"]}}],"collection":[{"href":"https:\/\/wp.ufpel.edu.br\/mercosul\/wp-json\/wp\/v2\/posts"}],"about":[{"href":"https:\/\/wp.ufpel.edu.br\/mercosul\/wp-json\/wp\/v2\/types\/post"}],"author":[{"embeddable":true,"href":"https:\/\/wp.ufpel.edu.br\/mercosul\/wp-json\/wp\/v2\/users\/185"}],"replies":[{"embeddable":true,"href":"https:\/\/wp.ufpel.edu.br\/mercosul\/wp-json\/wp\/v2\/comments?post=2766"}],"version-history":[{"count":2,"href":"https:\/\/wp.ufpel.edu.br\/mercosul\/wp-json\/wp\/v2\/posts\/2766\/revisions"}],"predecessor-version":[{"id":2768,"href":"https:\/\/wp.ufpel.edu.br\/mercosul\/wp-json\/wp\/v2\/posts\/2766\/revisions\/2768"}],"wp:attachment":[{"href":"https:\/\/wp.ufpel.edu.br\/mercosul\/wp-json\/wp\/v2\/media?parent=2766"}],"wp:term":[{"taxonomy":"category","embeddable":true,"href":"https:\/\/wp.ufpel.edu.br\/mercosul\/wp-json\/wp\/v2\/categories?post=2766"},{"taxonomy":"post_tag","embeddable":true,"href":"https:\/\/wp.ufpel.edu.br\/mercosul\/wp-json\/wp\/v2\/tags?post=2766"}],"curies":[{"name":"wp","href":"https:\/\/api.w.org\/{rel}","templated":true}]}}