{"id":819,"date":"2016-07-08T17:56:16","date_gmt":"2016-07-08T20:56:16","guid":{"rendered":"https:\/\/wp.ufpel.edu.br\/matematicanoturno\/?p=819"},"modified":"2016-07-08T17:56:16","modified_gmt":"2016-07-08T20:56:16","slug":"gama-oferece-curso-preparatorio-para-o-calculo","status":"publish","type":"post","link":"https:\/\/wp.ufpel.edu.br\/matematicanoturno\/2016\/07\/08\/gama-oferece-curso-preparatorio-para-o-calculo\/","title":{"rendered":"Gama oferece Curso Preparat\u00f3rio para o C\u00e1lculo"},"content":{"rendered":"<p>O Projeto <em>GAMA: Grupo de Apoio em Matem\u00e1tica<\/em>, mantido em parceria pelo Instituto de F\u00edsica e Matem\u00e1tica (IFM) e Pr\u00f3-reitoria de Gradua\u00e7\u00e3o (PRG) est\u00e1 com inscri\u00e7\u00f5es abertas para o Curso Preparat\u00f3rio para o C\u00e1lculo \u2013 2016\/2.<br \/>\nO curso \u00e9 gratuito e tem por objetivo revisar conte\u00fados de matem\u00e1tica b\u00e1sica (Conjuntos num\u00e9ricos e intervalos, opera\u00e7\u00f5es com fra\u00e7\u00f5es, radicia\u00e7\u00e3o, simplifica\u00e7\u00e3o de fra\u00e7\u00f5es alg\u00e9bricas e inequa\u00e7\u00f5es) necess\u00e1rios para disciplinas de matem\u00e1tica de n\u00edvel superior, tais como Pr\u00e9-c\u00e1lculo, C\u00e1lculo, \u00c1lgebra Linear e Geometria Anal\u00edtica.<br \/>\nAs aulas ocorrer\u00e3o na \u00faltima semana do recesso acad\u00eamico de inverno (de 01\/08\/16 a 06\/08\/16) no turno da noite, das 18h30min \u00e0s 22h. As inscri\u00e7\u00f5es podem ser realizadas na p\u00e1gina do Projeto GAMA:<a href=\"https:\/\/wp.ufpel.edu.br\/projetogama\/\">https:\/\/wp.ufpel.edu.br\/projetogama\/ . <\/a>Mais informa\u00e7\u00f5es sobre o Projeto GAMA podem ser obtidas atrav\u00e9s do email <a href=\"mailto:gama.ufpel@gmail.com\">gama.ufpel@gmail.com<\/a><\/p>\n<p>Veja o cartaz em <a href=\"http:\/\/ccs2.ufpel.edu.br\/wp\/wp-content\/uploads\/2016\/07\/CPC_2016_2.pdf\">CPC_2016_2<\/a>\u00a0\u00a0 .<\/p>\n","protected":false},"excerpt":{"rendered":"<p>O Projeto GAMA: Grupo de Apoio em Matem\u00e1tica, mantido em parceria pelo Instituto de F\u00edsica e Matem\u00e1tica (IFM) e Pr\u00f3-reitoria de Gradua\u00e7\u00e3o (PRG) est\u00e1 com inscri\u00e7\u00f5es abertas para o Curso Preparat\u00f3rio para o C\u00e1lculo \u2013 2016\/2. O curso \u00e9 gratuito e tem por objetivo revisar conte\u00fados de matem\u00e1tica b\u00e1sica (Conjuntos num\u00e9ricos e intervalos, opera\u00e7\u00f5es com [&hellip;]<\/p>\n","protected":false},"author":466,"featured_media":0,"comment_status":"closed","ping_status":"closed","sticky":false,"template":"","format":"standard","meta":{"jetpack_post_was_ever_published":false,"_jetpack_newsletter_access":"","_jetpack_dont_email_post_to_subs":false,"_jetpack_newsletter_tier_id":0,"_jetpack_memberships_contains_paywalled_content":false,"_jetpack_memberships_contains_paid_content":false,"footnotes":""},"categories":[18],"tags":[],"class_list":["post-819","post","type-post","status-publish","format-standard","hentry","category-noticias"],"jetpack_featured_media_url":"","jetpack_sharing_enabled":true,"jetpack_shortlink":"https:\/\/wp.me\/p7sk8J-dd","_links":{"self":[{"href":"https:\/\/wp.ufpel.edu.br\/matematicanoturno\/wp-json\/wp\/v2\/posts\/819","targetHints":{"allow":["GET"]}}],"collection":[{"href":"https:\/\/wp.ufpel.edu.br\/matematicanoturno\/wp-json\/wp\/v2\/posts"}],"about":[{"href":"https:\/\/wp.ufpel.edu.br\/matematicanoturno\/wp-json\/wp\/v2\/types\/post"}],"author":[{"embeddable":true,"href":"https:\/\/wp.ufpel.edu.br\/matematicanoturno\/wp-json\/wp\/v2\/users\/466"}],"replies":[{"embeddable":true,"href":"https:\/\/wp.ufpel.edu.br\/matematicanoturno\/wp-json\/wp\/v2\/comments?post=819"}],"version-history":[{"count":1,"href":"https:\/\/wp.ufpel.edu.br\/matematicanoturno\/wp-json\/wp\/v2\/posts\/819\/revisions"}],"predecessor-version":[{"id":821,"href":"https:\/\/wp.ufpel.edu.br\/matematicanoturno\/wp-json\/wp\/v2\/posts\/819\/revisions\/821"}],"wp:attachment":[{"href":"https:\/\/wp.ufpel.edu.br\/matematicanoturno\/wp-json\/wp\/v2\/media?parent=819"}],"wp:term":[{"taxonomy":"category","embeddable":true,"href":"https:\/\/wp.ufpel.edu.br\/matematicanoturno\/wp-json\/wp\/v2\/categories?post=819"},{"taxonomy":"post_tag","embeddable":true,"href":"https:\/\/wp.ufpel.edu.br\/matematicanoturno\/wp-json\/wp\/v2\/tags?post=819"}],"curies":[{"name":"wp","href":"https:\/\/api.w.org\/{rel}","templated":true}]}}