{"id":803,"date":"2016-06-22T19:03:34","date_gmt":"2016-06-22T22:03:34","guid":{"rendered":"https:\/\/wp.ufpel.edu.br\/matematicanoturno\/?p=803"},"modified":"2016-06-22T19:03:34","modified_gmt":"2016-06-22T22:03:34","slug":"atividades-estao-suspensas-das-16h-as-20h-nesta-quinta-23","status":"publish","type":"post","link":"https:\/\/wp.ufpel.edu.br\/matematicanoturno\/2016\/06\/22\/atividades-estao-suspensas-das-16h-as-20h-nesta-quinta-23\/","title":{"rendered":"Atividades est\u00e3o suspensas das 16h \u00e0s 20h nesta quinta (23)"},"content":{"rendered":"<p>Devido \u00e0 realiza\u00e7\u00e3o de debate entre as chapas concorrentes ao segundo turno da consulta \u00e0 comunidade sobre a pr\u00f3xima reitoria, a Administra\u00e7\u00e3o Central da UFPel decidiu por suspender as atividades acad\u00eamicas e administrativas no per\u00edodo compreendido entre as 16h e 20h desta quinta-feira (23). Permanecem em funcionamento setores essenciais.<\/p>\n<p>O debate entre as chapas ocorrer\u00e1 a partir das 16h, no Theatro Guarany, localizado na rua Lobo da Costa, 849.<\/p>\n","protected":false},"excerpt":{"rendered":"<p>Devido \u00e0 realiza\u00e7\u00e3o de debate entre as chapas concorrentes ao segundo turno da consulta \u00e0 comunidade sobre a pr\u00f3xima reitoria, a Administra\u00e7\u00e3o Central da UFPel decidiu por suspender as atividades acad\u00eamicas e administrativas no per\u00edodo compreendido entre as 16h e 20h desta quinta-feira (23). Permanecem em funcionamento setores essenciais. O debate entre as chapas ocorrer\u00e1 [&hellip;]<\/p>\n","protected":false},"author":466,"featured_media":0,"comment_status":"closed","ping_status":"closed","sticky":false,"template":"","format":"standard","meta":{"jetpack_post_was_ever_published":false,"_jetpack_newsletter_access":"","_jetpack_dont_email_post_to_subs":false,"_jetpack_newsletter_tier_id":0,"_jetpack_memberships_contains_paywalled_content":false,"_jetpack_memberships_contains_paid_content":false,"footnotes":""},"categories":[18],"tags":[],"class_list":["post-803","post","type-post","status-publish","format-standard","hentry","category-noticias"],"jetpack_featured_media_url":"","jetpack_sharing_enabled":true,"jetpack_shortlink":"https:\/\/wp.me\/p7sk8J-cX","_links":{"self":[{"href":"https:\/\/wp.ufpel.edu.br\/matematicanoturno\/wp-json\/wp\/v2\/posts\/803","targetHints":{"allow":["GET"]}}],"collection":[{"href":"https:\/\/wp.ufpel.edu.br\/matematicanoturno\/wp-json\/wp\/v2\/posts"}],"about":[{"href":"https:\/\/wp.ufpel.edu.br\/matematicanoturno\/wp-json\/wp\/v2\/types\/post"}],"author":[{"embeddable":true,"href":"https:\/\/wp.ufpel.edu.br\/matematicanoturno\/wp-json\/wp\/v2\/users\/466"}],"replies":[{"embeddable":true,"href":"https:\/\/wp.ufpel.edu.br\/matematicanoturno\/wp-json\/wp\/v2\/comments?post=803"}],"version-history":[{"count":1,"href":"https:\/\/wp.ufpel.edu.br\/matematicanoturno\/wp-json\/wp\/v2\/posts\/803\/revisions"}],"predecessor-version":[{"id":805,"href":"https:\/\/wp.ufpel.edu.br\/matematicanoturno\/wp-json\/wp\/v2\/posts\/803\/revisions\/805"}],"wp:attachment":[{"href":"https:\/\/wp.ufpel.edu.br\/matematicanoturno\/wp-json\/wp\/v2\/media?parent=803"}],"wp:term":[{"taxonomy":"category","embeddable":true,"href":"https:\/\/wp.ufpel.edu.br\/matematicanoturno\/wp-json\/wp\/v2\/categories?post=803"},{"taxonomy":"post_tag","embeddable":true,"href":"https:\/\/wp.ufpel.edu.br\/matematicanoturno\/wp-json\/wp\/v2\/tags?post=803"}],"curies":[{"name":"wp","href":"https:\/\/api.w.org\/{rel}","templated":true}]}}