{"id":3805,"date":"2026-08-31T18:28:29","date_gmt":"2026-08-31T21:28:29","guid":{"rendered":"https:\/\/wp.ufpel.edu.br\/matematicanoturno\/?p=3805"},"modified":"2026-08-31T18:28:36","modified_gmt":"2026-08-31T21:28:36","slug":"formatura-interna-2026-1","status":"publish","type":"post","link":"https:\/\/wp.ufpel.edu.br\/matematicanoturno\/2026\/08\/31\/formatura-interna-2026-1\/","title":{"rendered":"Formatura interna 2026\/1"},"content":{"rendered":"\n<p class=\"wp-block-paragraph\">No dia 26\/08\/2026, no Instituto de F\u00edsica e Matem\u00e1tica &#8211; IFM, no Campus Cap\u00e3o do Le\u00e3o, colaram grau em Licenciatura em Matem\u00e1tica Noturno, os estudantes Dion Gustavo Oxley Godinho e Giulia Cardoso Mattos Soares, na presen\u00e7a da vice-diretora prof\u00aa. Lisandra Sauer, da coordena\u00e7\u00e3o de curso prof\u00aa. Rejane Pergher e prof\u00aa. Rita de C\u00e1ssia de Souza Soares Ramos, dos professores C\u00edcero Nachtigall e Giovanni Nunes e do secret\u00e1rio Thomaz Lopes Kneib. Parab\u00e9ns aos formandos! Desejamos muito sucesso!<\/p>\n\n\n\n<div class=\"wp-block-jetpack-tiled-gallery aligncenter is-style-rectangular\"><div class=\"\"><div class=\"tiled-gallery__gallery\"><div class=\"tiled-gallery__row\"><div class=\"tiled-gallery__col\" style=\"flex-basis:61.12609%\"><figure class=\"tiled-gallery__item\"><img data-attachment-id=\"3809\" data-permalink=\"https:\/\/wp.ufpel.edu.br\/matematicanoturno\/2026\/08\/31\/formatura-interna-2026-1\/whatsapp-image-2026-08-29-at-13-39-17\/\" data-orig-file=\"https:\/\/wp.ufpel.edu.br\/matematicanoturno\/files\/2026\/08\/WhatsApp-Image-2026-08-29-at-13.39.17.jpeg\" data-orig-size=\"1600,900\" data-comments-opened=\"0\" data-image-title=\"WhatsApp Image 2026-08-29 at 13.39.17\" data-image-description=\"\" data-image-caption=\"\" data-large-file=\"https:\/\/wp.ufpel.edu.br\/matematicanoturno\/files\/2026\/08\/WhatsApp-Image-2026-08-29-at-13.39.17-1024x576.jpeg\" data-attachment-id=\"3809\" data-permalink=\"https:\/\/wp.ufpel.edu.br\/matematicanoturno\/2026\/08\/31\/formatura-interna-2026-1\/whatsapp-image-2026-08-29-at-13-39-17\/\" data-orig-file=\"https:\/\/wp.ufpel.edu.br\/matematicanoturno\/files\/2026\/08\/WhatsApp-Image-2026-08-29-at-13.39.17.jpeg\" data-orig-size=\"1600,900\" data-comments-opened=\"0\" data-image-title=\"WhatsApp Image 2026-08-29 at 13.39.17\" data-image-description=\"\" data-image-caption=\"\" data-large-file=\"https:\/\/wp.ufpel.edu.br\/matematicanoturno\/files\/2026\/08\/WhatsApp-Image-2026-08-29-at-13.39.17-1024x576.jpeg\" role=\"button\" tabindex=\"0\" aria-label=\"Abrir imagem 1 de 3 em tela cheia\"srcset=\"https:\/\/i0.wp.com\/wp.ufpel.edu.br\/matematicanoturno\/files\/2026\/08\/WhatsApp-Image-2026-08-29-at-13.39.17-1024x576.jpeg?strip=info&#038;w=600&#038;ssl=1 600w,https:\/\/i0.wp.com\/wp.ufpel.edu.br\/matematicanoturno\/files\/2026\/08\/WhatsApp-Image-2026-08-29-at-13.39.17-1024x576.jpeg?strip=info&#038;w=900&#038;ssl=1 900w,https:\/\/i0.wp.com\/wp.ufpel.edu.br\/matematicanoturno\/files\/2026\/08\/WhatsApp-Image-2026-08-29-at-13.39.17-1024x576.jpeg?strip=info&#038;w=1200&#038;ssl=1 1200w,https:\/\/i0.wp.com\/wp.ufpel.edu.br\/matematicanoturno\/files\/2026\/08\/WhatsApp-Image-2026-08-29-at-13.39.17-1024x576.jpeg?strip=info&#038;w=1500&#038;ssl=1 1500w,https:\/\/i0.wp.com\/wp.ufpel.edu.br\/matematicanoturno\/files\/2026\/08\/WhatsApp-Image-2026-08-29-at-13.39.17-1024x576.jpeg?strip=info&#038;w=1600&#038;ssl=1 1600w\" alt=\"\" data-height=\"900\" data-id=\"3809\" data-link=\"https:\/\/wp.ufpel.edu.br\/matematicanoturno\/?attachment_id=3809\" data-url=\"https:\/\/wp.ufpel.edu.br\/matematicanoturno\/files\/2026\/08\/WhatsApp-Image-2026-08-29-at-13.39.17-1024x576.jpeg\" data-width=\"1600\" src=\"https:\/\/i0.wp.com\/wp.ufpel.edu.br\/matematicanoturno\/files\/2026\/08\/WhatsApp-Image-2026-08-29-at-13.39.17-1024x576.jpeg?ssl=1\" data-amp-layout=\"responsive\"\/><\/figure><\/div><div class=\"tiled-gallery__col\" style=\"flex-basis:19.43696%\"><figure class=\"tiled-gallery__item\"><img data-attachment-id=\"3811\" data-permalink=\"https:\/\/wp.ufpel.edu.br\/matematicanoturno\/2026\/08\/31\/formatura-interna-2026-1\/whatsapp-image-2026-08-29-at-13-39-17-1-2\/\" data-orig-file=\"https:\/\/wp.ufpel.edu.br\/matematicanoturno\/files\/2026\/08\/WhatsApp-Image-2026-08-29-at-13.39.17-1-1.jpeg\" data-orig-size=\"900,1600\" data-comments-opened=\"0\" data-image-title=\"WhatsApp Image 2026-08-29 at 13.39.17 (1)\" data-image-description=\"\" data-image-caption=\"\" data-large-file=\"https:\/\/wp.ufpel.edu.br\/matematicanoturno\/files\/2026\/08\/WhatsApp-Image-2026-08-29-at-13.39.17-1-1-576x1024.jpeg\" data-attachment-id=\"3811\" data-permalink=\"https:\/\/wp.ufpel.edu.br\/matematicanoturno\/2026\/08\/31\/formatura-interna-2026-1\/whatsapp-image-2026-08-29-at-13-39-17-1-2\/\" data-orig-file=\"https:\/\/wp.ufpel.edu.br\/matematicanoturno\/files\/2026\/08\/WhatsApp-Image-2026-08-29-at-13.39.17-1-1.jpeg\" data-orig-size=\"900,1600\" data-comments-opened=\"0\" data-image-title=\"WhatsApp Image 2026-08-29 at 13.39.17 (1)\" data-image-description=\"\" data-image-caption=\"\" data-large-file=\"https:\/\/wp.ufpel.edu.br\/matematicanoturno\/files\/2026\/08\/WhatsApp-Image-2026-08-29-at-13.39.17-1-1-576x1024.jpeg\" role=\"button\" tabindex=\"0\" aria-label=\"Abrir imagem 2 de 3 em tela cheia\"srcset=\"https:\/\/i0.wp.com\/wp.ufpel.edu.br\/matematicanoturno\/files\/2026\/08\/WhatsApp-Image-2026-08-29-at-13.39.17-1-1-576x1024.jpeg?strip=info&#038;w=600&#038;ssl=1 600w,https:\/\/i0.wp.com\/wp.ufpel.edu.br\/matematicanoturno\/files\/2026\/08\/WhatsApp-Image-2026-08-29-at-13.39.17-1-1-576x1024.jpeg?strip=info&#038;w=900&#038;ssl=1 900w\" alt=\"\" data-height=\"1600\" data-id=\"3811\" data-link=\"https:\/\/wp.ufpel.edu.br\/matematicanoturno\/?attachment_id=3811\" data-url=\"https:\/\/wp.ufpel.edu.br\/matematicanoturno\/files\/2026\/08\/WhatsApp-Image-2026-08-29-at-13.39.17-1-1-576x1024.jpeg\" data-width=\"900\" src=\"https:\/\/i0.wp.com\/wp.ufpel.edu.br\/matematicanoturno\/files\/2026\/08\/WhatsApp-Image-2026-08-29-at-13.39.17-1-1-576x1024.jpeg?ssl=1\" data-amp-layout=\"responsive\"\/><\/figure><\/div><div class=\"tiled-gallery__col\" style=\"flex-basis:19.43696%\"><figure class=\"tiled-gallery__item\"><img data-attachment-id=\"3810\" data-permalink=\"https:\/\/wp.ufpel.edu.br\/matematicanoturno\/2026\/08\/31\/formatura-interna-2026-1\/whatsapp-image-2026-08-29-at-13-39-16\/\" data-orig-file=\"https:\/\/wp.ufpel.edu.br\/matematicanoturno\/files\/2026\/08\/WhatsApp-Image-2026-08-29-at-13.39.16.jpeg\" data-orig-size=\"900,1600\" data-comments-opened=\"0\" data-image-title=\"WhatsApp Image 2026-08-29 at 13.39.16\" data-image-description=\"\" data-image-caption=\"\" data-large-file=\"https:\/\/wp.ufpel.edu.br\/matematicanoturno\/files\/2026\/08\/WhatsApp-Image-2026-08-29-at-13.39.16-576x1024.jpeg\" data-attachment-id=\"3810\" data-permalink=\"https:\/\/wp.ufpel.edu.br\/matematicanoturno\/2026\/08\/31\/formatura-interna-2026-1\/whatsapp-image-2026-08-29-at-13-39-16\/\" data-orig-file=\"https:\/\/wp.ufpel.edu.br\/matematicanoturno\/files\/2026\/08\/WhatsApp-Image-2026-08-29-at-13.39.16.jpeg\" data-orig-size=\"900,1600\" data-comments-opened=\"0\" data-image-title=\"WhatsApp Image 2026-08-29 at 13.39.16\" data-image-description=\"\" data-image-caption=\"\" data-large-file=\"https:\/\/wp.ufpel.edu.br\/matematicanoturno\/files\/2026\/08\/WhatsApp-Image-2026-08-29-at-13.39.16-576x1024.jpeg\" role=\"button\" tabindex=\"0\" aria-label=\"Abrir imagem 3 de 3 em tela cheia\"srcset=\"https:\/\/i0.wp.com\/wp.ufpel.edu.br\/matematicanoturno\/files\/2026\/08\/WhatsApp-Image-2026-08-29-at-13.39.16-576x1024.jpeg?strip=info&#038;w=600&#038;ssl=1 600w,https:\/\/i0.wp.com\/wp.ufpel.edu.br\/matematicanoturno\/files\/2026\/08\/WhatsApp-Image-2026-08-29-at-13.39.16-576x1024.jpeg?strip=info&#038;w=900&#038;ssl=1 900w\" alt=\"\" data-height=\"1600\" data-id=\"3810\" data-link=\"https:\/\/wp.ufpel.edu.br\/matematicanoturno\/?attachment_id=3810\" data-url=\"https:\/\/wp.ufpel.edu.br\/matematicanoturno\/files\/2026\/08\/WhatsApp-Image-2026-08-29-at-13.39.16-576x1024.jpeg\" data-width=\"900\" src=\"https:\/\/i0.wp.com\/wp.ufpel.edu.br\/matematicanoturno\/files\/2026\/08\/WhatsApp-Image-2026-08-29-at-13.39.16-576x1024.jpeg?ssl=1\" data-amp-layout=\"responsive\"\/><\/figure><\/div><\/div><\/div><\/div><\/div>\n\n\n\n<p class=\"wp-block-paragraph\"><\/p>\n","protected":false},"excerpt":{"rendered":"<p>No dia 26\/08\/2026, no Instituto de F\u00edsica e Matem\u00e1tica &#8211; IFM, no Campus Cap\u00e3o do Le\u00e3o, colaram grau em Licenciatura em Matem\u00e1tica Noturno, os estudantes Dion Gustavo Oxley Godinho e Giulia Cardoso Mattos Soares, na presen\u00e7a da vice-diretora prof\u00aa. Lisandra Sauer, da coordena\u00e7\u00e3o de curso prof\u00aa. Rejane Pergher e prof\u00aa. Rita de C\u00e1ssia de Souza [&hellip;]<\/p>\n","protected":false},"author":466,"featured_media":0,"comment_status":"closed","ping_status":"closed","sticky":false,"template":"","format":"standard","meta":{"_jetpack_newsletter_access":"","_jetpack_dont_email_post_to_subs":false,"_jetpack_newsletter_tier_id":0,"_jetpack_memberships_contains_paywalled_content":false,"_jetpack_feature_clip_id":0,"_jetpack_memberships_contains_paid_content":false,"footnotes":"","jetpack_post_was_ever_published":false},"categories":[18],"tags":[],"class_list":["post-3805","post","type-post","status-publish","format-standard","hentry","category-noticias"],"jetpack_featured_media_url":"","jetpack_sharing_enabled":true,"jetpack_shortlink":"https:\/\/wp.me\/p7sk8J-Zn","_links":{"self":[{"href":"https:\/\/wp.ufpel.edu.br\/matematicanoturno\/wp-json\/wp\/v2\/posts\/3805","targetHints":{"allow":["GET"]}}],"collection":[{"href":"https:\/\/wp.ufpel.edu.br\/matematicanoturno\/wp-json\/wp\/v2\/posts"}],"about":[{"href":"https:\/\/wp.ufpel.edu.br\/matematicanoturno\/wp-json\/wp\/v2\/types\/post"}],"author":[{"embeddable":true,"href":"https:\/\/wp.ufpel.edu.br\/matematicanoturno\/wp-json\/wp\/v2\/users\/466"}],"replies":[{"embeddable":true,"href":"https:\/\/wp.ufpel.edu.br\/matematicanoturno\/wp-json\/wp\/v2\/comments?post=3805"}],"version-history":[{"count":1,"href":"https:\/\/wp.ufpel.edu.br\/matematicanoturno\/wp-json\/wp\/v2\/posts\/3805\/revisions"}],"predecessor-version":[{"id":3812,"href":"https:\/\/wp.ufpel.edu.br\/matematicanoturno\/wp-json\/wp\/v2\/posts\/3805\/revisions\/3812"}],"wp:attachment":[{"href":"https:\/\/wp.ufpel.edu.br\/matematicanoturno\/wp-json\/wp\/v2\/media?parent=3805"}],"wp:term":[{"taxonomy":"category","embeddable":true,"href":"https:\/\/wp.ufpel.edu.br\/matematicanoturno\/wp-json\/wp\/v2\/categories?post=3805"},{"taxonomy":"post_tag","embeddable":true,"href":"https:\/\/wp.ufpel.edu.br\/matematicanoturno\/wp-json\/wp\/v2\/tags?post=3805"}],"curies":[{"name":"wp","href":"https:\/\/api.w.org\/{rel}","templated":true}]}}