{"id":781,"date":"2016-12-21T13:26:39","date_gmt":"2016-12-21T15:26:39","guid":{"rendered":"https:\/\/wp.ufpel.edu.br\/matematicadiurno\/?p=781"},"modified":"2016-12-21T13:27:34","modified_gmt":"2016-12-21T15:27:34","slug":"devolucao-dos-livros-das-bibliotecas-da-ufpel","status":"publish","type":"post","link":"https:\/\/wp.ufpel.edu.br\/matematicadiurno\/2016\/12\/21\/devolucao-dos-livros-das-bibliotecas-da-ufpel\/","title":{"rendered":"Devolu\u00e7\u00e3o dos livros retirados antes da Greve da UFPel"},"content":{"rendered":"<p><span style=\"color: #000000\">A Coordena\u00e7\u00e3o de Bibliotecas da UFPel determinou que os livros retirados antes da greve poder\u00e3o ser devolvidos sem multas at\u00e9 o dia 7 de fevereiro. As multas anteriores ao per\u00edodo, no entanto, ser\u00e3o cobradas.<\/span><\/p>\n<p><span style=\"color: #000000\">Not\u00edcia extra\u00edda de<\/span> <a href=\"http:\/\/ccs2.ufpel.edu.br\/wp\/2016\/12\/21\/livros-retirados-antes-da-greve-poderao-ser-devolvidos-ate-7-de-fevereiro\/\" target=\"_blank\">http:\/\/ccs2.ufpel.edu.br\/wp\/2016\/12\/21\/livros-retirados-antes-da-greve-poderao-ser-devolvidos-ate-7-de-fevereiro\/<\/a><\/p>\n","protected":false},"excerpt":{"rendered":"<p>A Coordena\u00e7\u00e3o de Bibliotecas da UFPel determinou que os livros retirados antes da greve poder\u00e3o ser devolvidos sem multas at\u00e9 o dia 7 de fevereiro. As multas anteriores ao per\u00edodo, no entanto, ser\u00e3o cobradas. Not\u00edcia extra\u00edda de http:\/\/ccs2.ufpel.edu.br\/wp\/2016\/12\/21\/livros-retirados-antes-da-greve-poderao-ser-devolvidos-ate-7-de-fevereiro\/<\/p>\n","protected":false},"author":481,"featured_media":0,"comment_status":"closed","ping_status":"closed","sticky":false,"template":"","format":"standard","meta":{"jetpack_post_was_ever_published":false,"_jetpack_newsletter_access":"","_jetpack_dont_email_post_to_subs":true,"_jetpack_newsletter_tier_id":0,"_jetpack_memberships_contains_paywalled_content":false,"_jetpack_memberships_contains_paid_content":false,"footnotes":"","jetpack_publicize_message":"","jetpack_publicize_feature_enabled":true,"jetpack_social_post_already_shared":true,"jetpack_social_options":{"image_generator_settings":{"template":"highway","default_image_id":0,"font":"","enabled":false},"version":2}},"categories":[18],"tags":[],"class_list":["post-781","post","type-post","status-publish","format-standard","hentry","category-sem-categoria"],"jetpack_publicize_connections":[],"jetpack_featured_media_url":"","jetpack_sharing_enabled":true,"jetpack_shortlink":"https:\/\/wp.me\/p7jT0y-cB","_links":{"self":[{"href":"https:\/\/wp.ufpel.edu.br\/matematicadiurno\/wp-json\/wp\/v2\/posts\/781","targetHints":{"allow":["GET"]}}],"collection":[{"href":"https:\/\/wp.ufpel.edu.br\/matematicadiurno\/wp-json\/wp\/v2\/posts"}],"about":[{"href":"https:\/\/wp.ufpel.edu.br\/matematicadiurno\/wp-json\/wp\/v2\/types\/post"}],"author":[{"embeddable":true,"href":"https:\/\/wp.ufpel.edu.br\/matematicadiurno\/wp-json\/wp\/v2\/users\/481"}],"replies":[{"embeddable":true,"href":"https:\/\/wp.ufpel.edu.br\/matematicadiurno\/wp-json\/wp\/v2\/comments?post=781"}],"version-history":[{"count":4,"href":"https:\/\/wp.ufpel.edu.br\/matematicadiurno\/wp-json\/wp\/v2\/posts\/781\/revisions"}],"predecessor-version":[{"id":786,"href":"https:\/\/wp.ufpel.edu.br\/matematicadiurno\/wp-json\/wp\/v2\/posts\/781\/revisions\/786"}],"wp:attachment":[{"href":"https:\/\/wp.ufpel.edu.br\/matematicadiurno\/wp-json\/wp\/v2\/media?parent=781"}],"wp:term":[{"taxonomy":"category","embeddable":true,"href":"https:\/\/wp.ufpel.edu.br\/matematicadiurno\/wp-json\/wp\/v2\/categories?post=781"},{"taxonomy":"post_tag","embeddable":true,"href":"https:\/\/wp.ufpel.edu.br\/matematicadiurno\/wp-json\/wp\/v2\/tags?post=781"}],"curies":[{"name":"wp","href":"https:\/\/api.w.org\/{rel}","templated":true}]}}