{"id":702,"date":"2016-08-31T16:04:00","date_gmt":"2016-08-31T19:04:00","guid":{"rendered":"https:\/\/wp.ufpel.edu.br\/matematicadiurno\/?p=702"},"modified":"2016-08-31T16:05:54","modified_gmt":"2016-08-31T19:05:54","slug":"702","status":"publish","type":"post","link":"https:\/\/wp.ufpel.edu.br\/matematicadiurno\/2016\/08\/31\/702\/","title":{"rendered":"PIBID &#8211; RESULTADO SELE\u00c7\u00c3O E PREENCHIMENTO DE VAGAS"},"content":{"rendered":"<p><strong>RESULTADO SELE\u00c7\u00c3O PIBID<\/strong><\/p>\n<p>Prezado aluno,<\/p>\n<p>confira aqui o resultado da sele\u00e7\u00e3o para o PIBID (<a href=\"https:\/\/wp.ufpel.edu.br\/matematicadiurno\/files\/2016\/08\/aprovados-pibid.pdf\">aprovados pibid<\/a>).<\/p>\n<p>Listagem dos alunos suplentes da sele\u00e7\u00e3o de abril\/2016 (<a href=\"https:\/\/wp.ufpel.edu.br\/matematicadiurno\/files\/2016\/08\/suplentes-abril-2016.pdf\">suplentes abril 2016<\/a>).<\/p>\n<p>______________________________________________________________________<\/p>\n<p><strong>Reuni\u00e3o para \u00a0preenchimento das vagas<\/strong> &#8211; os alunos ser\u00e3o selecionados para preenchimento das vagas nas seguinte ordem:<\/p>\n<p>1\u00ba alunos suplentes de abril 2016<\/p>\n<p>2\u00ba alunos aprovados na sele\u00e7\u00e3o agosto 2016.<\/p>\n<p>O preenchimento das vagas se dar\u00e1 a partir da presen\u00e7a na reuni\u00e3o geral do dia 05 de setembro, as 18h, no LEMA &#8211; Campus Anglo.<\/p>\n<p>OS ALUNOS QUE N\u00c3O COMPARECEREM AUTOMATICAMENTE ESTAR\u00c3O ABRINDO M\u00c3O DA VAGA.<\/p>\n<p>Os alunos que preencherem as vagas dever\u00e3o entregar IMPRETERIVELMENTE, nos colegiados no dia 06 de setembro,\u00a0o termo de compromisso (<a href=\"https:\/\/wp.ufpel.edu.br\/matematicadiurno\/files\/2016\/08\/Termo_Compromisso-IDalunos.doc\">Termo_Compromisso-IDalunos<\/a>) e o comprovante de conta banc\u00e1ria (XEROX DO CART\u00c3O OU EXTRATO DE CONTA CORRENTE INDIVIDUAL).<\/p>\n<p>Qualquer d\u00favida entrar em contato pelo e-mail alves.antoniomauricio@gmail.com .<\/p>\n","protected":false},"excerpt":{"rendered":"<p>RESULTADO SELE\u00c7\u00c3O PIBID Prezado aluno, confira aqui o resultado da sele\u00e7\u00e3o para o PIBID (aprovados pibid). Listagem dos alunos suplentes da sele\u00e7\u00e3o de abril\/2016 (suplentes abril 2016). ______________________________________________________________________ Reuni\u00e3o para \u00a0preenchimento das vagas &#8211; os alunos ser\u00e3o selecionados para preenchimento das vagas nas seguinte ordem: 1\u00ba alunos suplentes de abril 2016 2\u00ba alunos aprovados na [&hellip;]<\/p>\n","protected":false},"author":481,"featured_media":0,"comment_status":"closed","ping_status":"closed","sticky":false,"template":"","format":"standard","meta":{"jetpack_post_was_ever_published":false,"_jetpack_newsletter_access":"","_jetpack_dont_email_post_to_subs":false,"_jetpack_newsletter_tier_id":0,"_jetpack_memberships_contains_paywalled_content":false,"_jetpack_memberships_contains_paid_content":false,"footnotes":"","jetpack_publicize_message":"","jetpack_publicize_feature_enabled":true,"jetpack_social_post_already_shared":true,"jetpack_social_options":{"image_generator_settings":{"template":"highway","default_image_id":0,"font":"","enabled":false},"version":2}},"categories":[18],"tags":[],"class_list":["post-702","post","type-post","status-publish","format-standard","hentry","category-sem-categoria"],"jetpack_publicize_connections":[],"jetpack_featured_media_url":"","jetpack_sharing_enabled":true,"jetpack_shortlink":"https:\/\/wp.me\/s7jT0y-702","_links":{"self":[{"href":"https:\/\/wp.ufpel.edu.br\/matematicadiurno\/wp-json\/wp\/v2\/posts\/702","targetHints":{"allow":["GET"]}}],"collection":[{"href":"https:\/\/wp.ufpel.edu.br\/matematicadiurno\/wp-json\/wp\/v2\/posts"}],"about":[{"href":"https:\/\/wp.ufpel.edu.br\/matematicadiurno\/wp-json\/wp\/v2\/types\/post"}],"author":[{"embeddable":true,"href":"https:\/\/wp.ufpel.edu.br\/matematicadiurno\/wp-json\/wp\/v2\/users\/481"}],"replies":[{"embeddable":true,"href":"https:\/\/wp.ufpel.edu.br\/matematicadiurno\/wp-json\/wp\/v2\/comments?post=702"}],"version-history":[{"count":3,"href":"https:\/\/wp.ufpel.edu.br\/matematicadiurno\/wp-json\/wp\/v2\/posts\/702\/revisions"}],"predecessor-version":[{"id":708,"href":"https:\/\/wp.ufpel.edu.br\/matematicadiurno\/wp-json\/wp\/v2\/posts\/702\/revisions\/708"}],"wp:attachment":[{"href":"https:\/\/wp.ufpel.edu.br\/matematicadiurno\/wp-json\/wp\/v2\/media?parent=702"}],"wp:term":[{"taxonomy":"category","embeddable":true,"href":"https:\/\/wp.ufpel.edu.br\/matematicadiurno\/wp-json\/wp\/v2\/categories?post=702"},{"taxonomy":"post_tag","embeddable":true,"href":"https:\/\/wp.ufpel.edu.br\/matematicadiurno\/wp-json\/wp\/v2\/tags?post=702"}],"curies":[{"name":"wp","href":"https:\/\/api.w.org\/{rel}","templated":true}]}}