{"id":627,"date":"2016-07-21T13:04:37","date_gmt":"2016-07-21T16:04:37","guid":{"rendered":"https:\/\/wp.ufpel.edu.br\/matematicadiurno\/?p=627"},"modified":"2016-07-22T09:44:26","modified_gmt":"2016-07-22T12:44:26","slug":"orientacoes-para-solicitacao-de-matricula-20162","status":"publish","type":"post","link":"https:\/\/wp.ufpel.edu.br\/matematicadiurno\/2016\/07\/21\/orientacoes-para-solicitacao-de-matricula-20162\/","title":{"rendered":"Orienta\u00e7\u00f5es para Solicita\u00e7\u00e3o de Matr\u00edcula 2016\/2"},"content":{"rendered":"<p><a href=\"https:\/\/wp.ufpel.edu.br\/matematicadiurno\/files\/2016\/07\/SOLICITA\u00c7\u00c3O-DE-MATR\u00cdCULA-ONLINE.pdf\" target=\"_blank\"><img class=\"alignnone wp-image-629\" src=\"https:\/\/wp.ufpel.edu.br\/matematicadiurno\/files\/2016\/07\/matr\u00edculas-210x318.jpg\" alt=\"matr\u00edculas\" width=\"462\" height=\"699\" srcset=\"https:\/\/wp.ufpel.edu.br\/matematicadiurno\/files\/2016\/07\/matr\u00edculas-210x318.jpg 210w, https:\/\/wp.ufpel.edu.br\/matematicadiurno\/files\/2016\/07\/matr\u00edculas-105x159.jpg 105w, https:\/\/wp.ufpel.edu.br\/matematicadiurno\/files\/2016\/07\/matr\u00edculas.jpg 759w\" sizes=\"(max-width: 462px) 100vw, 462px\" \/><\/a><\/p>\n<p style=\"text-align: left\"><span style=\"color: #000000\">Outras informa\u00e7\u00f5es podem ser encontradas em<\/span><span style=\"color: #0000ff\"> <a style=\"color: #0000ff\" href=\"https:\/\/wp.ufpel.edu.br\/matematicadiurno\/matricula-rematricula-e-correcao-de-matricula\/\">https:\/\/wp.ufpel.edu.br\/matematicadiurno\/matricula-rematricula-e-correcao-de-matricula\/<\/a> <\/span><span style=\"color: #000000\">e em<\/span> <span style=\"color: #0000ff\"><a style=\"color: #0000ff\" href=\"https:\/\/wp.ufpel.edu.br\/matematicadiurno\/matricula-especial\/\">https:\/\/wp.ufpel.edu.br\/matematicadiurno\/matricula-especial\/<\/a><\/span><\/p>\n<p style=\"text-align: justify\"><strong><span style=\"color: #000000\">OS ALUNOS QUE TIVEREM D\u00daVIDAS OU PROBLEMAS DURANTE E\/OU DEPOIS DA SOLICITA\u00c7\u00c3O DE MATR\u00cdCULA DEVEM PROCURAR A SECRETARIA DA COORDENA\u00c7\u00c3O DO CURSO DE LICENCIATURA EM MATEM\u00c1TICA.<\/span><\/strong><\/p>\n<p style=\"text-align: justify\"><strong><span style=\"color: #000000\">LEMBRANDO QUE A UNIVERSIDADE ESTAR\u00c1 TRABALHANDO EM TURNO \u00daNICO DE 25\/07 A 05\/08. COM ISSO, A SECRETARIA ESTAR\u00c1 ABERTA DAS 8HS \u00c0S 14HS.<\/span><\/strong><\/p>\n","protected":false},"excerpt":{"rendered":"<p>Outras informa\u00e7\u00f5es podem ser encontradas em https:\/\/wp.ufpel.edu.br\/matematicadiurno\/matricula-rematricula-e-correcao-de-matricula\/ e em https:\/\/wp.ufpel.edu.br\/matematicadiurno\/matricula-especial\/ OS ALUNOS QUE TIVEREM D\u00daVIDAS OU PROBLEMAS DURANTE E\/OU DEPOIS DA SOLICITA\u00c7\u00c3O DE MATR\u00cdCULA DEVEM PROCURAR A SECRETARIA DA COORDENA\u00c7\u00c3O DO CURSO DE LICENCIATURA EM MATEM\u00c1TICA. LEMBRANDO QUE A UNIVERSIDADE ESTAR\u00c1 TRABALHANDO EM TURNO \u00daNICO DE 25\/07 A 05\/08. COM ISSO, A SECRETARIA ESTAR\u00c1 ABERTA [&hellip;]<\/p>\n","protected":false},"author":481,"featured_media":0,"comment_status":"closed","ping_status":"closed","sticky":false,"template":"","format":"standard","meta":{"jetpack_post_was_ever_published":false,"_jetpack_newsletter_access":"","_jetpack_dont_email_post_to_subs":false,"_jetpack_newsletter_tier_id":0,"_jetpack_memberships_contains_paywalled_content":false,"_jetpack_memberships_contains_paid_content":false,"footnotes":"","jetpack_publicize_message":"","jetpack_publicize_feature_enabled":true,"jetpack_social_post_already_shared":true,"jetpack_social_options":{"image_generator_settings":{"template":"highway","default_image_id":0,"font":"","enabled":false},"version":2}},"categories":[18],"tags":[],"class_list":["post-627","post","type-post","status-publish","format-standard","hentry","category-sem-categoria"],"jetpack_publicize_connections":[],"jetpack_featured_media_url":"","jetpack_sharing_enabled":true,"jetpack_shortlink":"https:\/\/wp.me\/p7jT0y-a7","_links":{"self":[{"href":"https:\/\/wp.ufpel.edu.br\/matematicadiurno\/wp-json\/wp\/v2\/posts\/627","targetHints":{"allow":["GET"]}}],"collection":[{"href":"https:\/\/wp.ufpel.edu.br\/matematicadiurno\/wp-json\/wp\/v2\/posts"}],"about":[{"href":"https:\/\/wp.ufpel.edu.br\/matematicadiurno\/wp-json\/wp\/v2\/types\/post"}],"author":[{"embeddable":true,"href":"https:\/\/wp.ufpel.edu.br\/matematicadiurno\/wp-json\/wp\/v2\/users\/481"}],"replies":[{"embeddable":true,"href":"https:\/\/wp.ufpel.edu.br\/matematicadiurno\/wp-json\/wp\/v2\/comments?post=627"}],"version-history":[{"count":12,"href":"https:\/\/wp.ufpel.edu.br\/matematicadiurno\/wp-json\/wp\/v2\/posts\/627\/revisions"}],"predecessor-version":[{"id":642,"href":"https:\/\/wp.ufpel.edu.br\/matematicadiurno\/wp-json\/wp\/v2\/posts\/627\/revisions\/642"}],"wp:attachment":[{"href":"https:\/\/wp.ufpel.edu.br\/matematicadiurno\/wp-json\/wp\/v2\/media?parent=627"}],"wp:term":[{"taxonomy":"category","embeddable":true,"href":"https:\/\/wp.ufpel.edu.br\/matematicadiurno\/wp-json\/wp\/v2\/categories?post=627"},{"taxonomy":"post_tag","embeddable":true,"href":"https:\/\/wp.ufpel.edu.br\/matematicadiurno\/wp-json\/wp\/v2\/tags?post=627"}],"curies":[{"name":"wp","href":"https:\/\/api.w.org\/{rel}","templated":true}]}}