{"id":615,"date":"2016-07-05T16:56:37","date_gmt":"2016-07-05T19:56:37","guid":{"rendered":"https:\/\/wp.ufpel.edu.br\/matematicadiurno\/?p=615"},"modified":"2016-07-18T11:58:13","modified_gmt":"2016-07-18T14:58:13","slug":"matriculas-20162","status":"publish","type":"post","link":"https:\/\/wp.ufpel.edu.br\/matematicadiurno\/2016\/07\/05\/matriculas-20162\/","title":{"rendered":"Matr\u00edculas 2016\/2"},"content":{"rendered":"<div>\n<div class=\"\">\n<div class=\"_1mf _1mj\"><a href=\"https:\/\/wp.ufpel.edu.br\/matematicadiurno\/files\/2016\/07\/Sem-t\u00edtulo.png\"><img class=\"alignnone size-medium wp-image-617\" src=\"https:\/\/wp.ufpel.edu.br\/matematicadiurno\/files\/2016\/07\/Sem-t\u00edtulo-424x303.png\" alt=\"Sem t\u00edtulo\" width=\"424\" height=\"303\" srcset=\"https:\/\/wp.ufpel.edu.br\/matematicadiurno\/files\/2016\/07\/Sem-t\u00edtulo-424x303.png 424w, https:\/\/wp.ufpel.edu.br\/matematicadiurno\/files\/2016\/07\/Sem-t\u00edtulo-212x151.png 212w, https:\/\/wp.ufpel.edu.br\/matematicadiurno\/files\/2016\/07\/Sem-t\u00edtulo.png 601w\" sizes=\"(max-width: 424px) 100vw, 424px\" \/><\/a><\/div>\n<div class=\"_1mf _1mj\"><span style=\"color: #000000\">A fim de otimizar as Solicita\u00e7\u00f5es de Matr\u00edcula, de modo a buscar a conclus\u00e3o qualificada do Curso no menor tempo desej\u00e1vel, o Colegiado realizar\u00e1 ORIENTA\u00c7\u00c3O DE MATR\u00cdCULA NOS DIAS 22\/JULHO, A PARTIR DAS 14HS, E 25\/JULHO, A PARTIR DAS 10HS.<br \/>\n<\/span><\/div>\n<div class=\"_1mf _1mj\"><\/div>\n<div class=\"_1mf _1mj\"><span style=\"color: #000000\">Lembrando que:<\/span><\/div>\n<ul>\n<li class=\"_1mf _1mj\"><span style=\"color: #000000\"> o per\u00edodo de Solicita\u00e7\u00e3o de Matr\u00edcula on-line para 2016\/2 ser\u00e1 de <strong>25 a 29 de julho<\/strong>, conforme <span style=\"color: #000080\"><a style=\"color: #000080\" href=\"https:\/\/wp.ufpel.edu.br\/scs\/files\/2016\/01\/RES.-142016-Altera-Ca.l-Acad%C3%AAmico-em-julho.pdf\">Resolu\u00e7\u00e3o 14\/2016 &#8211; COCEPE<\/a><\/span><\/span><\/li>\n<\/ul>\n<p><span style=\"color: #000000\">(o aluno deve acessar o Cobalto &gt;&gt;Aluno &gt;&gt; Solicita\u00e7\u00e3o de Matr\u00edcula, e marcar as disciplinas que deseja cursar em 2016\/2)<\/span><\/p>\n<ul>\n<li class=\"_1mf _1mj\"><span style=\"color: #000000\">o processamento das solicita\u00e7\u00f5es de matr\u00edculas on-line 2016\/2 ser\u00e1 dia <strong>30 de julho<\/strong>, conforme <span style=\"color: #000080\"><a style=\"color: #000080\" href=\"https:\/\/wp.ufpel.edu.br\/scs\/files\/2016\/01\/RES.-142016-Altera-Ca.l-Acad%C3%AAmico-em-julho.pdf\">Resolu\u00e7\u00e3o 14\/2016 &#8211; COCEPE<\/a><\/span><\/span><\/li>\n<\/ul>\n<p><span style=\"color: #000000\">(O sistema ordena os acad\u00eamicos conforme o Regulamento de Ensino da Gradua\u00e7\u00e3o, art 18)<\/span><\/p>\n<ul>\n<li class=\"_1mf _1mj\">\n<div><span style=\"color: #000000\">o in\u00edcio do per\u00edodo para os alunos consultarem a matr\u00edcula on-line 2016\/2 ser\u00e1 dia <strong>31 de julho<\/strong>, conforme <span style=\"color: #000080\"><a style=\"color: #000080\" href=\"https:\/\/wp.ufpel.edu.br\/scs\/files\/2016\/01\/RES.-142016-Altera-Ca.l-Acad%C3%AAmico-em-julho.pdf\">Resolu\u00e7\u00e3o 14\/2016 &#8211; COCEPE<\/a><\/span><\/span><\/div>\n<\/li>\n<\/ul>\n<p><span style=\"color: #000000\">(a partir desse dia, o aluno poder\u00e1 verificar no Cobalto se conseguiu a vaga nas disciplinas que solicitou matr\u00edcula)<\/span><\/p>\n<ul>\n<li class=\"_1mf _1mj\"><span style=\"color: #000000\">o per\u00edodo para corre\u00e7\u00e3o de matr\u00edcula no Colegiado ser\u00e1 de<strong> 1\u00ba a 05 de agosto,<\/strong> conforme <span style=\"color: #000080\"><a style=\"color: #000080\" href=\"http:\/\/portal.ufpel.edu.br\/wp-content\/uploads\/Calend%C3%A1rio-Acad%C3%AAmico-2016_v05-2-24MAI2016.pdf\">Calend\u00e1rio Acad\u00eamico<\/a><\/span><\/span><\/li>\n<\/ul>\n<p><span style=\"color: #000000\">(Caso o aluno n\u00e3o tenha conseguido vaga na disciplina que gostaria de cursar, ou deseja incluir ou excluir disciplinas de sua matr\u00edcula, dever\u00e1 procurar o Colegiado do Curso para Corrigir sua matr\u00edcula)<\/span><\/p>\n<ul>\n<li><span style=\"color: #000000\">Os alunos que ingressarem por Transfer\u00eancia, Reop\u00e7\u00e3o, Reingresso ou por Portador de Diploma, devem procurar o Colegiado, de 1\u00ba a 05 de agosto, para efetuarem sua matr\u00edcula.<\/span><\/li>\n<\/ul>\n<div class=\"_1mf _1mj\"><\/div>\n<\/div>\n<\/div>\n","protected":false},"excerpt":{"rendered":"<p>A fim de otimizar as Solicita\u00e7\u00f5es de Matr\u00edcula, de modo a buscar a conclus\u00e3o qualificada do Curso no menor tempo desej\u00e1vel, o Colegiado realizar\u00e1 ORIENTA\u00c7\u00c3O DE MATR\u00cdCULA NOS DIAS 22\/JULHO, A PARTIR DAS 14HS, E 25\/JULHO, A PARTIR DAS 10HS. Lembrando que: o per\u00edodo de Solicita\u00e7\u00e3o de Matr\u00edcula on-line para 2016\/2 ser\u00e1 de 25 a [&hellip;]<\/p>\n","protected":false},"author":481,"featured_media":0,"comment_status":"closed","ping_status":"closed","sticky":false,"template":"","format":"standard","meta":{"jetpack_post_was_ever_published":false,"_jetpack_newsletter_access":"","_jetpack_dont_email_post_to_subs":false,"_jetpack_newsletter_tier_id":0,"_jetpack_memberships_contains_paywalled_content":false,"_jetpack_memberships_contains_paid_content":false,"footnotes":"","jetpack_publicize_message":"","jetpack_publicize_feature_enabled":true,"jetpack_social_post_already_shared":true,"jetpack_social_options":{"image_generator_settings":{"template":"highway","default_image_id":0,"font":"","enabled":false},"version":2}},"categories":[18],"tags":[],"class_list":["post-615","post","type-post","status-publish","format-standard","hentry","category-sem-categoria"],"jetpack_publicize_connections":[],"jetpack_featured_media_url":"","jetpack_sharing_enabled":true,"jetpack_shortlink":"https:\/\/wp.me\/p7jT0y-9V","_links":{"self":[{"href":"https:\/\/wp.ufpel.edu.br\/matematicadiurno\/wp-json\/wp\/v2\/posts\/615","targetHints":{"allow":["GET"]}}],"collection":[{"href":"https:\/\/wp.ufpel.edu.br\/matematicadiurno\/wp-json\/wp\/v2\/posts"}],"about":[{"href":"https:\/\/wp.ufpel.edu.br\/matematicadiurno\/wp-json\/wp\/v2\/types\/post"}],"author":[{"embeddable":true,"href":"https:\/\/wp.ufpel.edu.br\/matematicadiurno\/wp-json\/wp\/v2\/users\/481"}],"replies":[{"embeddable":true,"href":"https:\/\/wp.ufpel.edu.br\/matematicadiurno\/wp-json\/wp\/v2\/comments?post=615"}],"version-history":[{"count":4,"href":"https:\/\/wp.ufpel.edu.br\/matematicadiurno\/wp-json\/wp\/v2\/posts\/615\/revisions"}],"predecessor-version":[{"id":626,"href":"https:\/\/wp.ufpel.edu.br\/matematicadiurno\/wp-json\/wp\/v2\/posts\/615\/revisions\/626"}],"wp:attachment":[{"href":"https:\/\/wp.ufpel.edu.br\/matematicadiurno\/wp-json\/wp\/v2\/media?parent=615"}],"wp:term":[{"taxonomy":"category","embeddable":true,"href":"https:\/\/wp.ufpel.edu.br\/matematicadiurno\/wp-json\/wp\/v2\/categories?post=615"},{"taxonomy":"post_tag","embeddable":true,"href":"https:\/\/wp.ufpel.edu.br\/matematicadiurno\/wp-json\/wp\/v2\/tags?post=615"}],"curies":[{"name":"wp","href":"https:\/\/api.w.org\/{rel}","templated":true}]}}