{"id":530,"date":"2016-05-10T14:32:28","date_gmt":"2016-05-10T17:32:28","guid":{"rendered":"https:\/\/wp.ufpel.edu.br\/matematicadiurno\/?p=530"},"modified":"2016-05-10T14:32:28","modified_gmt":"2016-05-10T17:32:28","slug":"2o-encontro-de-alga","status":"publish","type":"post","link":"https:\/\/wp.ufpel.edu.br\/matematicadiurno\/2016\/05\/10\/2o-encontro-de-alga\/","title":{"rendered":"2\u00ba Encontro de Alga"},"content":{"rendered":"<p><span style=\"color: #000000\">O projeto Gama realizar\u00e1 Encontros de ALGA durante todo o semestre. O segundo encontro tratar\u00e1 de <strong>C\u00f4nicas e <\/strong><b>Superf\u00edcies Quadr\u00e1ticas<\/b>, no dia <strong>21 de maio, das 8h30 \u00e0s 11h30<\/strong>. Os interessados podem fazer a inscri\u00e7\u00e3o entre os dias 10 e 18 de maio aqui mesmo pelo site. A divulga\u00e7\u00e3o dos selecionados ser\u00e1 publicado no dia 19 de maio.<\/span><\/p>\n<p><span style=\"color: #000000\">Para mais informa\u00e7\u00f5es, confira o<\/span> <span style=\"color: #0000ff\"><strong><a style=\"color: #0000ff\" href=\"https:\/\/wp.ufpel.edu.br\/projetogama\/files\/2016\/05\/segundo_Encontro_2016_1-1.pdf\" target=\"_blank\">CARTAZ.<\/a><\/strong><\/span><\/p>\n<p><span style=\"color: #000000\">Inscreva-se<\/span> <strong><a href=\"http:\/\/goo.gl\/forms\/OM7DsPBUzR\" target=\"_blank\">AQUI.<\/a>\u00a0<\/strong><\/p>\n","protected":false},"excerpt":{"rendered":"<p>O projeto Gama realizar\u00e1 Encontros de ALGA durante todo o semestre. O segundo encontro tratar\u00e1 de C\u00f4nicas e Superf\u00edcies Quadr\u00e1ticas, no dia 21 de maio, das 8h30 \u00e0s 11h30. Os interessados podem fazer a inscri\u00e7\u00e3o entre os dias 10 e 18 de maio aqui mesmo pelo site. A divulga\u00e7\u00e3o dos selecionados ser\u00e1 publicado no dia [&hellip;]<\/p>\n","protected":false},"author":481,"featured_media":0,"comment_status":"closed","ping_status":"closed","sticky":false,"template":"","format":"standard","meta":{"jetpack_post_was_ever_published":false,"_jetpack_newsletter_access":"","_jetpack_dont_email_post_to_subs":false,"_jetpack_newsletter_tier_id":0,"_jetpack_memberships_contains_paywalled_content":false,"_jetpack_memberships_contains_paid_content":false,"footnotes":"","jetpack_publicize_message":"","jetpack_publicize_feature_enabled":true,"jetpack_social_post_already_shared":true,"jetpack_social_options":{"image_generator_settings":{"template":"highway","default_image_id":0,"font":"","enabled":false},"version":2}},"categories":[18],"tags":[],"class_list":["post-530","post","type-post","status-publish","format-standard","hentry","category-sem-categoria"],"jetpack_publicize_connections":[],"jetpack_featured_media_url":"","jetpack_sharing_enabled":true,"jetpack_shortlink":"https:\/\/wp.me\/p7jT0y-8y","_links":{"self":[{"href":"https:\/\/wp.ufpel.edu.br\/matematicadiurno\/wp-json\/wp\/v2\/posts\/530","targetHints":{"allow":["GET"]}}],"collection":[{"href":"https:\/\/wp.ufpel.edu.br\/matematicadiurno\/wp-json\/wp\/v2\/posts"}],"about":[{"href":"https:\/\/wp.ufpel.edu.br\/matematicadiurno\/wp-json\/wp\/v2\/types\/post"}],"author":[{"embeddable":true,"href":"https:\/\/wp.ufpel.edu.br\/matematicadiurno\/wp-json\/wp\/v2\/users\/481"}],"replies":[{"embeddable":true,"href":"https:\/\/wp.ufpel.edu.br\/matematicadiurno\/wp-json\/wp\/v2\/comments?post=530"}],"version-history":[{"count":1,"href":"https:\/\/wp.ufpel.edu.br\/matematicadiurno\/wp-json\/wp\/v2\/posts\/530\/revisions"}],"predecessor-version":[{"id":532,"href":"https:\/\/wp.ufpel.edu.br\/matematicadiurno\/wp-json\/wp\/v2\/posts\/530\/revisions\/532"}],"wp:attachment":[{"href":"https:\/\/wp.ufpel.edu.br\/matematicadiurno\/wp-json\/wp\/v2\/media?parent=530"}],"wp:term":[{"taxonomy":"category","embeddable":true,"href":"https:\/\/wp.ufpel.edu.br\/matematicadiurno\/wp-json\/wp\/v2\/categories?post=530"},{"taxonomy":"post_tag","embeddable":true,"href":"https:\/\/wp.ufpel.edu.br\/matematicadiurno\/wp-json\/wp\/v2\/tags?post=530"}],"curies":[{"name":"wp","href":"https:\/\/api.w.org\/{rel}","templated":true}]}}