{"id":514,"date":"2016-04-25T10:16:28","date_gmt":"2016-04-25T13:16:28","guid":{"rendered":"https:\/\/wp.ufpel.edu.br\/matematicadiurno\/?p=514"},"modified":"2016-04-25T10:18:22","modified_gmt":"2016-04-25T13:18:22","slug":"selecao-de-monitores-de","status":"publish","type":"post","link":"https:\/\/wp.ufpel.edu.br\/matematicadiurno\/2016\/04\/25\/selecao-de-monitores-de\/","title":{"rendered":"Sele\u00e7\u00e3o de Monitores para disciplinas de F\u00edsica"},"content":{"rendered":"<p><span style=\"color: #000000\">Est\u00e3o abertas as inscri\u00e7\u00f5es para sele\u00e7\u00e3o de monitores para as disciplinas de F\u00edsica B\u00e1sica I, F\u00edsica B\u00e1sica II, F\u00edsica B\u00e1sica III, F\u00edsica e Elementos de F\u00edsica e Biof\u00edsica.<\/span><\/p>\n<p><span style=\"color: #000000\">As inscri\u00e7\u00f5es devem ser feitas no per\u00edodo de 20 a 26 de abril, dentro do hor\u00e1rio estipulado no edital, na secretaria do departamento (sala 322A), que fica no 3\u00ba andar do pr\u00e9dio 05, Campus Cap\u00e3o do Le\u00e3o.<\/span><\/p>\n<p><span style=\"color: #000000\">O per\u00edodo de atividades das monitorias \u00e9 de 2 de maio a 16 de dezembro deste ano, com bolsa no valor de R$ 400,00.<\/span><\/p>\n<p><span style=\"color: #000000\">O link para o edital \u00e9<\/span><span style=\"color: #0000ff\"> <a style=\"color: #0000ff\" href=\"https:\/\/wp.ufpel.edu.br\/depfis\/files\/2016\/04\/Edital_001_2016_DF.pdf\" target=\"_blank\" rel=\"noreferrer\">https:\/\/wp.ufpel.edu.br\/depfis\/files\/2016\/04\/Edital_001_2016_DF.pdf<\/a><\/span><\/p>\n","protected":false},"excerpt":{"rendered":"<p>Est\u00e3o abertas as inscri\u00e7\u00f5es para sele\u00e7\u00e3o de monitores para as disciplinas de F\u00edsica B\u00e1sica I, F\u00edsica B\u00e1sica II, F\u00edsica B\u00e1sica III, F\u00edsica e Elementos de F\u00edsica e Biof\u00edsica. As inscri\u00e7\u00f5es devem ser feitas no per\u00edodo de 20 a 26 de abril, dentro do hor\u00e1rio estipulado no edital, na secretaria do departamento (sala 322A), que fica [&hellip;]<\/p>\n","protected":false},"author":481,"featured_media":0,"comment_status":"closed","ping_status":"closed","sticky":false,"template":"","format":"standard","meta":{"jetpack_post_was_ever_published":false,"_jetpack_newsletter_access":"","_jetpack_dont_email_post_to_subs":false,"_jetpack_newsletter_tier_id":0,"_jetpack_memberships_contains_paywalled_content":false,"_jetpack_memberships_contains_paid_content":false,"footnotes":"","jetpack_publicize_message":"","jetpack_publicize_feature_enabled":true,"jetpack_social_post_already_shared":true,"jetpack_social_options":{"image_generator_settings":{"template":"highway","default_image_id":0,"font":"","enabled":false},"version":2}},"categories":[18],"tags":[],"class_list":["post-514","post","type-post","status-publish","format-standard","hentry","category-sem-categoria"],"jetpack_publicize_connections":[],"jetpack_featured_media_url":"","jetpack_sharing_enabled":true,"jetpack_shortlink":"https:\/\/wp.me\/p7jT0y-8i","_links":{"self":[{"href":"https:\/\/wp.ufpel.edu.br\/matematicadiurno\/wp-json\/wp\/v2\/posts\/514","targetHints":{"allow":["GET"]}}],"collection":[{"href":"https:\/\/wp.ufpel.edu.br\/matematicadiurno\/wp-json\/wp\/v2\/posts"}],"about":[{"href":"https:\/\/wp.ufpel.edu.br\/matematicadiurno\/wp-json\/wp\/v2\/types\/post"}],"author":[{"embeddable":true,"href":"https:\/\/wp.ufpel.edu.br\/matematicadiurno\/wp-json\/wp\/v2\/users\/481"}],"replies":[{"embeddable":true,"href":"https:\/\/wp.ufpel.edu.br\/matematicadiurno\/wp-json\/wp\/v2\/comments?post=514"}],"version-history":[{"count":2,"href":"https:\/\/wp.ufpel.edu.br\/matematicadiurno\/wp-json\/wp\/v2\/posts\/514\/revisions"}],"predecessor-version":[{"id":517,"href":"https:\/\/wp.ufpel.edu.br\/matematicadiurno\/wp-json\/wp\/v2\/posts\/514\/revisions\/517"}],"wp:attachment":[{"href":"https:\/\/wp.ufpel.edu.br\/matematicadiurno\/wp-json\/wp\/v2\/media?parent=514"}],"wp:term":[{"taxonomy":"category","embeddable":true,"href":"https:\/\/wp.ufpel.edu.br\/matematicadiurno\/wp-json\/wp\/v2\/categories?post=514"},{"taxonomy":"post_tag","embeddable":true,"href":"https:\/\/wp.ufpel.edu.br\/matematicadiurno\/wp-json\/wp\/v2\/tags?post=514"}],"curies":[{"name":"wp","href":"https:\/\/api.w.org\/{rel}","templated":true}]}}