{"id":2395,"date":"2026-03-22T23:08:55","date_gmt":"2026-03-23T02:08:55","guid":{"rendered":"https:\/\/wp.ufpel.edu.br\/matematicadiurno\/?p=2395"},"modified":"2026-03-22T23:08:55","modified_gmt":"2026-03-23T02:08:55","slug":"horarios-2026-1","status":"publish","type":"post","link":"https:\/\/wp.ufpel.edu.br\/matematicadiurno\/2026\/03\/22\/horarios-2026-1\/","title":{"rendered":"Hor\u00e1rios 2026\/1"},"content":{"rendered":"<p><span style=\"color: #000000;\">Os hor\u00e1rios das disciplinas ofertadas pelo curso para o semestre 2026\/1, contendo informa\u00e7\u00f5es dos locais das aulas, est\u00e3o dispon\u00edveis no Menu Consultas&gt;&gt; HOR\u00c1RIOS 2026\/1, lado direito dessa p\u00e1gina.<\/span><\/p>\n<p><span style=\"color: #000000;\">Desejamos a todos um \u00f3timo semestre!<\/span><\/p>\n","protected":false},"excerpt":{"rendered":"<p>Os hor\u00e1rios das disciplinas ofertadas pelo curso para o semestre 2026\/1, contendo informa\u00e7\u00f5es dos locais das aulas, est\u00e3o dispon\u00edveis no Menu Consultas&gt;&gt; HOR\u00c1RIOS 2026\/1, lado direito dessa p\u00e1gina. Desejamos a todos um \u00f3timo semestre!<\/p>\n","protected":false},"author":752,"featured_media":0,"comment_status":"closed","ping_status":"closed","sticky":false,"template":"","format":"standard","meta":{"jetpack_post_was_ever_published":false,"_jetpack_newsletter_access":"","_jetpack_dont_email_post_to_subs":false,"_jetpack_newsletter_tier_id":0,"_jetpack_memberships_contains_paywalled_content":false,"_jetpack_memberships_contains_paid_content":false,"footnotes":"","jetpack_publicize_message":"","jetpack_publicize_feature_enabled":true,"jetpack_social_post_already_shared":true,"jetpack_social_options":{"image_generator_settings":{"template":"highway","default_image_id":0,"font":"","enabled":false},"version":2}},"categories":[18],"tags":[],"class_list":["post-2395","post","type-post","status-publish","format-standard","hentry","category-sem-categoria"],"jetpack_publicize_connections":[],"jetpack_featured_media_url":"","jetpack_sharing_enabled":true,"jetpack_shortlink":"https:\/\/wp.me\/p7jT0y-CD","_links":{"self":[{"href":"https:\/\/wp.ufpel.edu.br\/matematicadiurno\/wp-json\/wp\/v2\/posts\/2395","targetHints":{"allow":["GET"]}}],"collection":[{"href":"https:\/\/wp.ufpel.edu.br\/matematicadiurno\/wp-json\/wp\/v2\/posts"}],"about":[{"href":"https:\/\/wp.ufpel.edu.br\/matematicadiurno\/wp-json\/wp\/v2\/types\/post"}],"author":[{"embeddable":true,"href":"https:\/\/wp.ufpel.edu.br\/matematicadiurno\/wp-json\/wp\/v2\/users\/752"}],"replies":[{"embeddable":true,"href":"https:\/\/wp.ufpel.edu.br\/matematicadiurno\/wp-json\/wp\/v2\/comments?post=2395"}],"version-history":[{"count":1,"href":"https:\/\/wp.ufpel.edu.br\/matematicadiurno\/wp-json\/wp\/v2\/posts\/2395\/revisions"}],"predecessor-version":[{"id":2397,"href":"https:\/\/wp.ufpel.edu.br\/matematicadiurno\/wp-json\/wp\/v2\/posts\/2395\/revisions\/2397"}],"wp:attachment":[{"href":"https:\/\/wp.ufpel.edu.br\/matematicadiurno\/wp-json\/wp\/v2\/media?parent=2395"}],"wp:term":[{"taxonomy":"category","embeddable":true,"href":"https:\/\/wp.ufpel.edu.br\/matematicadiurno\/wp-json\/wp\/v2\/categories?post=2395"},{"taxonomy":"post_tag","embeddable":true,"href":"https:\/\/wp.ufpel.edu.br\/matematicadiurno\/wp-json\/wp\/v2\/tags?post=2395"}],"curies":[{"name":"wp","href":"https:\/\/api.w.org\/{rel}","templated":true}]}}