{"id":1894,"date":"2019-09-02T13:25:00","date_gmt":"2019-09-02T16:25:00","guid":{"rendered":"https:\/\/wp.ufpel.edu.br\/matematicadiurno\/?p=1894"},"modified":"2019-09-02T13:25:46","modified_gmt":"2019-09-02T16:25:46","slug":"horario-de-atendimento-ao-publico-semestre-2019-2","status":"publish","type":"post","link":"https:\/\/wp.ufpel.edu.br\/matematicadiurno\/2019\/09\/02\/horario-de-atendimento-ao-publico-semestre-2019-2\/","title":{"rendered":"Hor\u00e1rio de Atendimento ao P\u00fablico &#8211; semestre 2019\/2:"},"content":{"rendered":"<address>\u00a0<\/address>\n<address><span style=\"color: #000000\">Segunda-feira &#8211; das 8h30min \u00e0s 16h30min.<\/span><\/address>\n<address><span style=\"color: #000000\">Ter\u00e7a-feira &#8211; das 8h30min \u00e0s 13h30min (\u00e0 tarde, expediente interno).<\/span><\/address>\n<address><span style=\"color: #000000\">Quarta-feira &#8211; das 8h30min \u00e0s 12h (\u00e0 tarde, secret\u00e1ria participa de uma capacita\u00e7\u00e3o em LIBRAS).<\/span><\/address>\n<address><span style=\"color: #000000\">Quinta-feira &#8211; das 8h30min \u00e0s 13h30min (\u00e0 tarde, expediente interno).<\/span><\/address>\n<address><span style=\"color: #000000\">Sexta-feira &#8211; das 8h30min \u00e0s 16h30min.<\/span><\/address>\n<address>\u00a0<\/address>\n","protected":false},"excerpt":{"rendered":"<p>\u00a0 Segunda-feira &#8211; das 8h30min \u00e0s 16h30min. Ter\u00e7a-feira &#8211; das 8h30min \u00e0s 13h30min (\u00e0 tarde, expediente interno). Quarta-feira &#8211; das 8h30min \u00e0s 12h (\u00e0 tarde, secret\u00e1ria participa de uma capacita\u00e7\u00e3o em LIBRAS). Quinta-feira &#8211; das 8h30min \u00e0s 13h30min (\u00e0 tarde, expediente interno). Sexta-feira &#8211; das 8h30min \u00e0s 16h30min. \u00a0<\/p>\n","protected":false},"author":752,"featured_media":0,"comment_status":"closed","ping_status":"closed","sticky":false,"template":"","format":"standard","meta":{"jetpack_post_was_ever_published":false,"_jetpack_newsletter_access":"","_jetpack_dont_email_post_to_subs":false,"_jetpack_newsletter_tier_id":0,"_jetpack_memberships_contains_paywalled_content":false,"_jetpack_memberships_contains_paid_content":false,"footnotes":"","jetpack_publicize_message":"","jetpack_publicize_feature_enabled":true,"jetpack_social_post_already_shared":true,"jetpack_social_options":{"image_generator_settings":{"template":"highway","default_image_id":0,"font":"","enabled":false},"version":2}},"categories":[18],"tags":[],"class_list":["post-1894","post","type-post","status-publish","format-standard","hentry","category-sem-categoria"],"jetpack_publicize_connections":[],"jetpack_featured_media_url":"","jetpack_sharing_enabled":true,"jetpack_shortlink":"https:\/\/wp.me\/p7jT0y-uy","_links":{"self":[{"href":"https:\/\/wp.ufpel.edu.br\/matematicadiurno\/wp-json\/wp\/v2\/posts\/1894","targetHints":{"allow":["GET"]}}],"collection":[{"href":"https:\/\/wp.ufpel.edu.br\/matematicadiurno\/wp-json\/wp\/v2\/posts"}],"about":[{"href":"https:\/\/wp.ufpel.edu.br\/matematicadiurno\/wp-json\/wp\/v2\/types\/post"}],"author":[{"embeddable":true,"href":"https:\/\/wp.ufpel.edu.br\/matematicadiurno\/wp-json\/wp\/v2\/users\/752"}],"replies":[{"embeddable":true,"href":"https:\/\/wp.ufpel.edu.br\/matematicadiurno\/wp-json\/wp\/v2\/comments?post=1894"}],"version-history":[{"count":3,"href":"https:\/\/wp.ufpel.edu.br\/matematicadiurno\/wp-json\/wp\/v2\/posts\/1894\/revisions"}],"predecessor-version":[{"id":1898,"href":"https:\/\/wp.ufpel.edu.br\/matematicadiurno\/wp-json\/wp\/v2\/posts\/1894\/revisions\/1898"}],"wp:attachment":[{"href":"https:\/\/wp.ufpel.edu.br\/matematicadiurno\/wp-json\/wp\/v2\/media?parent=1894"}],"wp:term":[{"taxonomy":"category","embeddable":true,"href":"https:\/\/wp.ufpel.edu.br\/matematicadiurno\/wp-json\/wp\/v2\/categories?post=1894"},{"taxonomy":"post_tag","embeddable":true,"href":"https:\/\/wp.ufpel.edu.br\/matematicadiurno\/wp-json\/wp\/v2\/tags?post=1894"}],"curies":[{"name":"wp","href":"https:\/\/api.w.org\/{rel}","templated":true}]}}