{"id":688,"date":"2017-06-28T18:49:06","date_gmt":"2017-06-28T21:49:06","guid":{"rendered":"https:\/\/wp.ufpel.edu.br\/malg\/?p=688"},"modified":"2019-05-15T11:52:35","modified_gmt":"2019-05-15T14:52:35","slug":"arlinda-nunes-a-trajetoria-de-uma-artista-e-sua-atuacao-nas-artes-plasticas-de-pelotas-e-leopoldo-gotuzzo-caricaturas-de-gente-boa-e-obras-do-sul","status":"publish","type":"post","link":"https:\/\/wp.ufpel.edu.br\/malg\/arlinda-nunes-a-trajetoria-de-uma-artista-e-sua-atuacao-nas-artes-plasticas-de-pelotas-e-leopoldo-gotuzzo-caricaturas-de-gente-boa-e-obras-do-sul\/","title":{"rendered":"Arlinda Nunes: a trajet\u00f3ria de uma artista e sua atua\u00e7\u00e3o nas Artes Pl\u00e1sticas de Pelotas e Leopoldo Gotuzzo: \u201ccaricaturas de gente boa\u201d e obras do sul."},"content":{"rendered":"<p style=\"text-align: justify\"><span style=\"font-family: helvetica, arial, sans-serif;font-size: 14pt\">O Museu de Arte Leopoldo Gotuzzo inaugura no dia 1\u00ba de julho as exposi\u00e7\u00f5es\u00a0<strong>Arlinda Nunes: a trajet\u00f3ria de uma artista e sua atua\u00e7\u00e3o nas Artes Pl\u00e1sticas de Pelotas<\/strong>\u00a0e\u00a0<strong>Leopoldo Gotuzzo: \u201ccaricaturas de gente boa\u201d e obras do sul<\/strong><em>.<\/em><\/span><\/p>\n<p style=\"text-align: justify\"><span style=\"font-family: helvetica, arial, sans-serif;font-size: 14pt\">Com curadoria de Carmen Regina Bauer Diniz e Jose Luiz de Pellegrin, a exposi\u00e7\u00e3o da artista Arlinda Nunes traz para o p\u00fablico\u00a0uma s\u00edntese de sua vida art\u00edstica e a import\u00e2ncia do trabalho executado durante quase sete d\u00e9cadas de atua\u00e7\u00e3o. A artista contribuiu para o enriquecimento e a moderniza\u00e7\u00e3o das Artes Pl\u00e1sticas e para a consolida\u00e7\u00e3o do Sistema das Artes de Pelotas.<\/span><\/p>\n<p style=\"text-align: justify\"><span style=\"font-family: helvetica, arial, sans-serif;font-size: 14pt\">Leopoldo Gotuzzo: \u201ccaricaturas de gente boa\u201d e obras do sul<em>,\u00a0<\/em>com curadoria de Helena Neves, Juliana Angeli e Lauer Alves Nunes dos Santos apresenta caricaturas in\u00e9ditas realizadas por Gotuzzo para o Jornal\u00a0<em>A Cava\u00e7\u00e3o<\/em>, publicado em Pelotas no in\u00edcio do s\u00e9culo XX e obras produzidas pelo pintor no Rio Grande Sul. As reprodu\u00e7\u00f5es dos jornais com as caricaturas realizadas pelo artista ser\u00e3o expostas pela primeira vez para o p\u00fablico e pertencem a Paulo Brasil do Amaral J\u00fanior.<\/span><\/p>\n<p><a href=\"https:\/\/wp.ufpel.edu.br\/malg\/arlinda-nunes-a-trajetoria-de-uma-artista-e-sua-atuacao-nas-artes-plasticas-de-pelotas-e-leopoldo-gotuzzo-caricaturas-de-gente-boa-e-obras-do-sul\/convite-virtual\/\" rel=\"attachment wp-att-690\"><img loading=\"lazy\" decoding=\"async\" data-attachment-id=\"690\" data-permalink=\"https:\/\/wp.ufpel.edu.br\/malg\/arlinda-nunes-a-trajetoria-de-uma-artista-e-sua-atuacao-nas-artes-plasticas-de-pelotas-e-leopoldo-gotuzzo-caricaturas-de-gente-boa-e-obras-do-sul\/convite-virtual\/#main\" data-orig-file=\"https:\/\/wp.ufpel.edu.br\/malg\/files\/2017\/06\/Convite-virtual.png\" data-orig-size=\"914,745\" data-comments-opened=\"0\" data-image-meta=\"{&quot;aperture&quot;:&quot;0&quot;,&quot;credit&quot;:&quot;&quot;,&quot;camera&quot;:&quot;&quot;,&quot;caption&quot;:&quot;&quot;,&quot;created_timestamp&quot;:&quot;0&quot;,&quot;copyright&quot;:&quot;&quot;,&quot;focal_length&quot;:&quot;0&quot;,&quot;iso&quot;:&quot;0&quot;,&quot;shutter_speed&quot;:&quot;0&quot;,&quot;title&quot;:&quot;&quot;,&quot;orientation&quot;:&quot;0&quot;}\" data-image-title=\"Convite-virtual\" data-image-description=\"\" data-image-caption=\"\" data-medium-file=\"https:\/\/wp.ufpel.edu.br\/malg\/files\/2017\/06\/Convite-virtual-390x318.png\" data-large-file=\"https:\/\/wp.ufpel.edu.br\/malg\/files\/2017\/06\/Convite-virtual-914x220.png\" class=\"alignleft size-full wp-image-690\" src=\"https:\/\/wp.ufpel.edu.br\/malg\/files\/2017\/06\/Convite-virtual.png\" alt=\"\" width=\"914\" height=\"745\" srcset=\"https:\/\/wp.ufpel.edu.br\/malg\/files\/2017\/06\/Convite-virtual.png 914w, https:\/\/wp.ufpel.edu.br\/malg\/files\/2017\/06\/Convite-virtual-195x159.png 195w, https:\/\/wp.ufpel.edu.br\/malg\/files\/2017\/06\/Convite-virtual-390x318.png 390w, https:\/\/wp.ufpel.edu.br\/malg\/files\/2017\/06\/Convite-virtual-768x626.png 768w, https:\/\/wp.ufpel.edu.br\/malg\/files\/2017\/06\/Convite-virtual-100x82.png 100w, https:\/\/wp.ufpel.edu.br\/malg\/files\/2017\/06\/Convite-virtual-150x122.png 150w, https:\/\/wp.ufpel.edu.br\/malg\/files\/2017\/06\/Convite-virtual-200x163.png 200w, https:\/\/wp.ufpel.edu.br\/malg\/files\/2017\/06\/Convite-virtual-300x245.png 300w, https:\/\/wp.ufpel.edu.br\/malg\/files\/2017\/06\/Convite-virtual-450x367.png 450w, https:\/\/wp.ufpel.edu.br\/malg\/files\/2017\/06\/Convite-virtual-600x489.png 600w, https:\/\/wp.ufpel.edu.br\/malg\/files\/2017\/06\/Convite-virtual-900x734.png 900w\" sizes=\"auto, (max-width: 914px) 100vw, 914px\" \/><\/a> <a href=\"https:\/\/wp.ufpel.edu.br\/malg\/arlinda-nunes-a-trajetoria-de-uma-artista-e-sua-atuacao-nas-artes-plasticas-de-pelotas-e-leopoldo-gotuzzo-caricaturas-de-gente-boa-e-obras-do-sul\/convite-virtual-gotuzzo\/\" rel=\"attachment wp-att-691\"><img loading=\"lazy\" decoding=\"async\" data-attachment-id=\"691\" data-permalink=\"https:\/\/wp.ufpel.edu.br\/malg\/arlinda-nunes-a-trajetoria-de-uma-artista-e-sua-atuacao-nas-artes-plasticas-de-pelotas-e-leopoldo-gotuzzo-caricaturas-de-gente-boa-e-obras-do-sul\/convite-virtual-gotuzzo\/#main\" data-orig-file=\"https:\/\/wp.ufpel.edu.br\/malg\/files\/2017\/06\/Convite-virtual-Gotuzzo.png\" data-orig-size=\"914,649\" data-comments-opened=\"0\" data-image-meta=\"{&quot;aperture&quot;:&quot;0&quot;,&quot;credit&quot;:&quot;&quot;,&quot;camera&quot;:&quot;&quot;,&quot;caption&quot;:&quot;&quot;,&quot;created_timestamp&quot;:&quot;0&quot;,&quot;copyright&quot;:&quot;&quot;,&quot;focal_length&quot;:&quot;0&quot;,&quot;iso&quot;:&quot;0&quot;,&quot;shutter_speed&quot;:&quot;0&quot;,&quot;title&quot;:&quot;&quot;,&quot;orientation&quot;:&quot;0&quot;}\" data-image-title=\"Convite-virtual&amp;#8212;Gotuzzo\" data-image-description=\"\" data-image-caption=\"\" data-medium-file=\"https:\/\/wp.ufpel.edu.br\/malg\/files\/2017\/06\/Convite-virtual-Gotuzzo-424x301.png\" data-large-file=\"https:\/\/wp.ufpel.edu.br\/malg\/files\/2017\/06\/Convite-virtual-Gotuzzo-914x220.png\" class=\"alignleft size-full wp-image-691\" src=\"https:\/\/wp.ufpel.edu.br\/malg\/files\/2017\/06\/Convite-virtual-Gotuzzo.png\" alt=\"\" width=\"914\" height=\"649\" srcset=\"https:\/\/wp.ufpel.edu.br\/malg\/files\/2017\/06\/Convite-virtual-Gotuzzo.png 914w, https:\/\/wp.ufpel.edu.br\/malg\/files\/2017\/06\/Convite-virtual-Gotuzzo-212x151.png 212w, https:\/\/wp.ufpel.edu.br\/malg\/files\/2017\/06\/Convite-virtual-Gotuzzo-424x301.png 424w, https:\/\/wp.ufpel.edu.br\/malg\/files\/2017\/06\/Convite-virtual-Gotuzzo-768x545.png 768w, https:\/\/wp.ufpel.edu.br\/malg\/files\/2017\/06\/Convite-virtual-Gotuzzo-100x71.png 100w, https:\/\/wp.ufpel.edu.br\/malg\/files\/2017\/06\/Convite-virtual-Gotuzzo-150x107.png 150w, https:\/\/wp.ufpel.edu.br\/malg\/files\/2017\/06\/Convite-virtual-Gotuzzo-200x142.png 200w, https:\/\/wp.ufpel.edu.br\/malg\/files\/2017\/06\/Convite-virtual-Gotuzzo-300x213.png 300w, https:\/\/wp.ufpel.edu.br\/malg\/files\/2017\/06\/Convite-virtual-Gotuzzo-450x320.png 450w, https:\/\/wp.ufpel.edu.br\/malg\/files\/2017\/06\/Convite-virtual-Gotuzzo-600x426.png 600w, https:\/\/wp.ufpel.edu.br\/malg\/files\/2017\/06\/Convite-virtual-Gotuzzo-900x639.png 900w\" sizes=\"auto, (max-width: 914px) 100vw, 914px\" \/><\/a><\/p>\n","protected":false},"excerpt":{"rendered":"<p>O Museu de Arte Leopoldo Gotuzzo inaugura no dia 1\u00ba de julho as exposi\u00e7\u00f5es\u00a0Arlinda Nunes: a trajet\u00f3ria de [&hellip;]<\/p>\n","protected":false},"author":401,"featured_media":0,"comment_status":"closed","ping_status":"closed","sticky":false,"template":"","format":"standard","meta":{"jetpack_post_was_ever_published":false,"_jetpack_newsletter_access":"","_jetpack_dont_email_post_to_subs":false,"_jetpack_newsletter_tier_id":0,"_jetpack_memberships_contains_paywalled_content":false,"_jetpack_memberships_contains_paid_content":false,"footnotes":"","jetpack_publicize_message":"","jetpack_publicize_feature_enabled":true,"jetpack_social_post_already_shared":true,"jetpack_social_options":{"image_generator_settings":{"template":"highway","default_image_id":0,"font":"","enabled":false},"version":2}},"categories":[18],"tags":[],"class_list":["post-688","post","type-post","status-publish","format-standard","hentry","category-malg"],"yoast_head":"<!-- This site is optimized with the Yoast SEO plugin v26.7 - https:\/\/yoast.com\/wordpress\/plugins\/seo\/ -->\n<title>Arlinda Nunes: a trajet\u00f3ria de uma artista e sua atua\u00e7\u00e3o nas Artes Pl\u00e1sticas de Pelotas e Leopoldo Gotuzzo: \u201ccaricaturas de gente boa\u201d e obras do sul. &#8212; Museu de Arte Leopoldo Gotuzzo<\/title>\n<meta name=\"robots\" content=\"index, follow, max-snippet:-1, max-image-preview:large, max-video-preview:-1\" \/>\n<link rel=\"canonical\" href=\"https:\/\/wp.ufpel.edu.br\/malg\/arlinda-nunes-a-trajetoria-de-uma-artista-e-sua-atuacao-nas-artes-plasticas-de-pelotas-e-leopoldo-gotuzzo-caricaturas-de-gente-boa-e-obras-do-sul\/\" \/>\n<meta property=\"og:locale\" content=\"pt_BR\" \/>\n<meta property=\"og:type\" content=\"article\" \/>\n<meta property=\"og:title\" content=\"Arlinda Nunes: a trajet\u00f3ria de uma artista e sua atua\u00e7\u00e3o nas Artes Pl\u00e1sticas de Pelotas e Leopoldo Gotuzzo: \u201ccaricaturas de gente boa\u201d e obras do sul. &#8212; Museu de Arte Leopoldo Gotuzzo\" \/>\n<meta property=\"og:description\" content=\"O Museu de Arte Leopoldo Gotuzzo inaugura no dia 1\u00ba de julho as exposi\u00e7\u00f5es\u00a0Arlinda Nunes: a trajet\u00f3ria de [&hellip;]\" \/>\n<meta property=\"og:url\" content=\"https:\/\/wp.ufpel.edu.br\/malg\/arlinda-nunes-a-trajetoria-de-uma-artista-e-sua-atuacao-nas-artes-plasticas-de-pelotas-e-leopoldo-gotuzzo-caricaturas-de-gente-boa-e-obras-do-sul\/\" \/>\n<meta property=\"og:site_name\" content=\"Museu de Arte Leopoldo Gotuzzo\" \/>\n<meta property=\"article:publisher\" content=\"https:\/\/www.facebook.com\/museuleopoldogotuzzo\/\" \/>\n<meta property=\"article:published_time\" content=\"2017-06-28T21:49:06+00:00\" \/>\n<meta property=\"article:modified_time\" content=\"2019-05-15T14:52:35+00:00\" \/>\n<meta property=\"og:image\" content=\"https:\/\/wp.ufpel.edu.br\/malg\/files\/2017\/06\/Convite-virtual.png\" \/>\n<meta name=\"author\" content=\"malg\" \/>\n<meta name=\"twitter:card\" content=\"summary_large_image\" \/>\n<meta name=\"twitter:label1\" content=\"Escrito por\" \/>\n\t<meta name=\"twitter:data1\" content=\"malg\" \/>\n\t<meta name=\"twitter:label2\" content=\"Est. tempo de leitura\" \/>\n\t<meta name=\"twitter:data2\" content=\"1 minuto\" \/>\n<script type=\"application\/ld+json\" class=\"yoast-schema-graph\">{\"@context\":\"https:\/\/schema.org\",\"@graph\":[{\"@type\":\"Article\",\"@id\":\"https:\/\/wp.ufpel.edu.br\/malg\/arlinda-nunes-a-trajetoria-de-uma-artista-e-sua-atuacao-nas-artes-plasticas-de-pelotas-e-leopoldo-gotuzzo-caricaturas-de-gente-boa-e-obras-do-sul\/#article\",\"isPartOf\":{\"@id\":\"https:\/\/wp.ufpel.edu.br\/malg\/arlinda-nunes-a-trajetoria-de-uma-artista-e-sua-atuacao-nas-artes-plasticas-de-pelotas-e-leopoldo-gotuzzo-caricaturas-de-gente-boa-e-obras-do-sul\/\"},\"author\":{\"name\":\"malg\",\"@id\":\"https:\/\/wp.ufpel.edu.br\/malg\/#\/schema\/person\/a1040aeaac59ac32619bdb8d85c23c1c\"},\"headline\":\"Arlinda Nunes: a trajet\u00f3ria de uma artista e sua atua\u00e7\u00e3o nas Artes Pl\u00e1sticas de Pelotas e Leopoldo Gotuzzo: \u201ccaricaturas de gente boa\u201d e obras do sul.\",\"datePublished\":\"2017-06-28T21:49:06+00:00\",\"dateModified\":\"2019-05-15T14:52:35+00:00\",\"mainEntityOfPage\":{\"@id\":\"https:\/\/wp.ufpel.edu.br\/malg\/arlinda-nunes-a-trajetoria-de-uma-artista-e-sua-atuacao-nas-artes-plasticas-de-pelotas-e-leopoldo-gotuzzo-caricaturas-de-gente-boa-e-obras-do-sul\/\"},\"wordCount\":229,\"publisher\":{\"@id\":\"https:\/\/wp.ufpel.edu.br\/malg\/#organization\"},\"image\":{\"@id\":\"https:\/\/wp.ufpel.edu.br\/malg\/arlinda-nunes-a-trajetoria-de-uma-artista-e-sua-atuacao-nas-artes-plasticas-de-pelotas-e-leopoldo-gotuzzo-caricaturas-de-gente-boa-e-obras-do-sul\/#primaryimage\"},\"thumbnailUrl\":\"https:\/\/wp.ufpel.edu.br\/malg\/files\/2017\/06\/Convite-virtual.png\",\"articleSection\":[\"MALG\"],\"inLanguage\":\"pt-BR\"},{\"@type\":\"WebPage\",\"@id\":\"https:\/\/wp.ufpel.edu.br\/malg\/arlinda-nunes-a-trajetoria-de-uma-artista-e-sua-atuacao-nas-artes-plasticas-de-pelotas-e-leopoldo-gotuzzo-caricaturas-de-gente-boa-e-obras-do-sul\/\",\"url\":\"https:\/\/wp.ufpel.edu.br\/malg\/arlinda-nunes-a-trajetoria-de-uma-artista-e-sua-atuacao-nas-artes-plasticas-de-pelotas-e-leopoldo-gotuzzo-caricaturas-de-gente-boa-e-obras-do-sul\/\",\"name\":\"Arlinda Nunes: a trajet\u00f3ria de uma artista e sua atua\u00e7\u00e3o nas Artes Pl\u00e1sticas de Pelotas e Leopoldo Gotuzzo: \u201ccaricaturas de gente boa\u201d e obras do sul. &#8212; Museu de Arte Leopoldo Gotuzzo\",\"isPartOf\":{\"@id\":\"https:\/\/wp.ufpel.edu.br\/malg\/#website\"},\"primaryImageOfPage\":{\"@id\":\"https:\/\/wp.ufpel.edu.br\/malg\/arlinda-nunes-a-trajetoria-de-uma-artista-e-sua-atuacao-nas-artes-plasticas-de-pelotas-e-leopoldo-gotuzzo-caricaturas-de-gente-boa-e-obras-do-sul\/#primaryimage\"},\"image\":{\"@id\":\"https:\/\/wp.ufpel.edu.br\/malg\/arlinda-nunes-a-trajetoria-de-uma-artista-e-sua-atuacao-nas-artes-plasticas-de-pelotas-e-leopoldo-gotuzzo-caricaturas-de-gente-boa-e-obras-do-sul\/#primaryimage\"},\"thumbnailUrl\":\"https:\/\/wp.ufpel.edu.br\/malg\/files\/2017\/06\/Convite-virtual.png\",\"datePublished\":\"2017-06-28T21:49:06+00:00\",\"dateModified\":\"2019-05-15T14:52:35+00:00\",\"breadcrumb\":{\"@id\":\"https:\/\/wp.ufpel.edu.br\/malg\/arlinda-nunes-a-trajetoria-de-uma-artista-e-sua-atuacao-nas-artes-plasticas-de-pelotas-e-leopoldo-gotuzzo-caricaturas-de-gente-boa-e-obras-do-sul\/#breadcrumb\"},\"inLanguage\":\"pt-BR\",\"potentialAction\":[{\"@type\":\"ReadAction\",\"target\":[\"https:\/\/wp.ufpel.edu.br\/malg\/arlinda-nunes-a-trajetoria-de-uma-artista-e-sua-atuacao-nas-artes-plasticas-de-pelotas-e-leopoldo-gotuzzo-caricaturas-de-gente-boa-e-obras-do-sul\/\"]}]},{\"@type\":\"ImageObject\",\"inLanguage\":\"pt-BR\",\"@id\":\"https:\/\/wp.ufpel.edu.br\/malg\/arlinda-nunes-a-trajetoria-de-uma-artista-e-sua-atuacao-nas-artes-plasticas-de-pelotas-e-leopoldo-gotuzzo-caricaturas-de-gente-boa-e-obras-do-sul\/#primaryimage\",\"url\":\"https:\/\/wp.ufpel.edu.br\/malg\/files\/2017\/06\/Convite-virtual.png\",\"contentUrl\":\"https:\/\/wp.ufpel.edu.br\/malg\/files\/2017\/06\/Convite-virtual.png\",\"width\":914,\"height\":745},{\"@type\":\"BreadcrumbList\",\"@id\":\"https:\/\/wp.ufpel.edu.br\/malg\/arlinda-nunes-a-trajetoria-de-uma-artista-e-sua-atuacao-nas-artes-plasticas-de-pelotas-e-leopoldo-gotuzzo-caricaturas-de-gente-boa-e-obras-do-sul\/#breadcrumb\",\"itemListElement\":[{\"@type\":\"ListItem\",\"position\":1,\"name\":\"In\u00edcio\",\"item\":\"https:\/\/wp.ufpel.edu.br\/malg\/\"},{\"@type\":\"ListItem\",\"position\":2,\"name\":\"Arlinda Nunes: a trajet\u00f3ria de uma artista e sua atua\u00e7\u00e3o nas Artes Pl\u00e1sticas de Pelotas e Leopoldo Gotuzzo: \u201ccaricaturas de gente boa\u201d e obras do sul.\"}]},{\"@type\":\"WebSite\",\"@id\":\"https:\/\/wp.ufpel.edu.br\/malg\/#website\",\"url\":\"https:\/\/wp.ufpel.edu.br\/malg\/\",\"name\":\"Museu de Arte Leopoldo Gotuzzo\",\"description\":\"\",\"publisher\":{\"@id\":\"https:\/\/wp.ufpel.edu.br\/malg\/#organization\"},\"potentialAction\":[{\"@type\":\"SearchAction\",\"target\":{\"@type\":\"EntryPoint\",\"urlTemplate\":\"https:\/\/wp.ufpel.edu.br\/malg\/?s={search_term_string}\"},\"query-input\":{\"@type\":\"PropertyValueSpecification\",\"valueRequired\":true,\"valueName\":\"search_term_string\"}}],\"inLanguage\":\"pt-BR\"},{\"@type\":\"Organization\",\"@id\":\"https:\/\/wp.ufpel.edu.br\/malg\/#organization\",\"name\":\"MALG _ Museu de Arte Leopoldo Gotuzzo\",\"url\":\"https:\/\/wp.ufpel.edu.br\/malg\/\",\"logo\":{\"@type\":\"ImageObject\",\"inLanguage\":\"pt-BR\",\"@id\":\"https:\/\/wp.ufpel.edu.br\/malg\/#\/schema\/logo\/image\/\",\"url\":\"https:\/\/i0.wp.com\/wp.ufpel.edu.br\/malg\/files\/2020\/03\/01.png?fit=1240%2C476&ssl=1\",\"contentUrl\":\"https:\/\/i0.wp.com\/wp.ufpel.edu.br\/malg\/files\/2020\/03\/01.png?fit=1240%2C476&ssl=1\",\"width\":1240,\"height\":476,\"caption\":\"MALG _ Museu de Arte Leopoldo Gotuzzo\"},\"image\":{\"@id\":\"https:\/\/wp.ufpel.edu.br\/malg\/#\/schema\/logo\/image\/\"},\"sameAs\":[\"https:\/\/www.facebook.com\/museuleopoldogotuzzo\/\",\"https:\/\/www.instagram.com\/malg.ufpel\/\",\"https:\/\/www.youtube.com\/@MALG_UFPel\"]},{\"@type\":\"Person\",\"@id\":\"https:\/\/wp.ufpel.edu.br\/malg\/#\/schema\/person\/a1040aeaac59ac32619bdb8d85c23c1c\",\"name\":\"malg\",\"image\":{\"@type\":\"ImageObject\",\"inLanguage\":\"pt-BR\",\"@id\":\"https:\/\/wp.ufpel.edu.br\/malg\/#\/schema\/person\/image\/\",\"url\":\"https:\/\/secure.gravatar.com\/avatar\/a17213c8134a200c433dc271b8064eb8031117f588e6557de1f0abd6b8954227?s=96&d=mm&r=g\",\"contentUrl\":\"https:\/\/secure.gravatar.com\/avatar\/a17213c8134a200c433dc271b8064eb8031117f588e6557de1f0abd6b8954227?s=96&d=mm&r=g\",\"caption\":\"malg\"},\"url\":\"https:\/\/wp.ufpel.edu.br\/malg\/author\/malg\/\"}]}<\/script>\n<!-- \/ Yoast SEO plugin. -->","yoast_head_json":{"title":"Arlinda Nunes: a trajet\u00f3ria de uma artista e sua atua\u00e7\u00e3o nas Artes Pl\u00e1sticas de Pelotas e Leopoldo Gotuzzo: \u201ccaricaturas de gente boa\u201d e obras do sul. &#8212; Museu de Arte Leopoldo Gotuzzo","robots":{"index":"index","follow":"follow","max-snippet":"max-snippet:-1","max-image-preview":"max-image-preview:large","max-video-preview":"max-video-preview:-1"},"canonical":"https:\/\/wp.ufpel.edu.br\/malg\/arlinda-nunes-a-trajetoria-de-uma-artista-e-sua-atuacao-nas-artes-plasticas-de-pelotas-e-leopoldo-gotuzzo-caricaturas-de-gente-boa-e-obras-do-sul\/","og_locale":"pt_BR","og_type":"article","og_title":"Arlinda Nunes: a trajet\u00f3ria de uma artista e sua atua\u00e7\u00e3o nas Artes Pl\u00e1sticas de Pelotas e Leopoldo Gotuzzo: \u201ccaricaturas de gente boa\u201d e obras do sul. &#8212; Museu de Arte Leopoldo Gotuzzo","og_description":"O Museu de Arte Leopoldo Gotuzzo inaugura no dia 1\u00ba de julho as exposi\u00e7\u00f5es\u00a0Arlinda Nunes: a trajet\u00f3ria de [&hellip;]","og_url":"https:\/\/wp.ufpel.edu.br\/malg\/arlinda-nunes-a-trajetoria-de-uma-artista-e-sua-atuacao-nas-artes-plasticas-de-pelotas-e-leopoldo-gotuzzo-caricaturas-de-gente-boa-e-obras-do-sul\/","og_site_name":"Museu de Arte Leopoldo Gotuzzo","article_publisher":"https:\/\/www.facebook.com\/museuleopoldogotuzzo\/","article_published_time":"2017-06-28T21:49:06+00:00","article_modified_time":"2019-05-15T14:52:35+00:00","og_image":[{"url":"https:\/\/wp.ufpel.edu.br\/malg\/files\/2017\/06\/Convite-virtual.png","type":"","width":"","height":""}],"author":"malg","twitter_card":"summary_large_image","twitter_misc":{"Escrito por":"malg","Est. tempo de leitura":"1 minuto"},"schema":{"@context":"https:\/\/schema.org","@graph":[{"@type":"Article","@id":"https:\/\/wp.ufpel.edu.br\/malg\/arlinda-nunes-a-trajetoria-de-uma-artista-e-sua-atuacao-nas-artes-plasticas-de-pelotas-e-leopoldo-gotuzzo-caricaturas-de-gente-boa-e-obras-do-sul\/#article","isPartOf":{"@id":"https:\/\/wp.ufpel.edu.br\/malg\/arlinda-nunes-a-trajetoria-de-uma-artista-e-sua-atuacao-nas-artes-plasticas-de-pelotas-e-leopoldo-gotuzzo-caricaturas-de-gente-boa-e-obras-do-sul\/"},"author":{"name":"malg","@id":"https:\/\/wp.ufpel.edu.br\/malg\/#\/schema\/person\/a1040aeaac59ac32619bdb8d85c23c1c"},"headline":"Arlinda Nunes: a trajet\u00f3ria de uma artista e sua atua\u00e7\u00e3o nas Artes Pl\u00e1sticas de Pelotas e Leopoldo Gotuzzo: \u201ccaricaturas de gente boa\u201d e obras do sul.","datePublished":"2017-06-28T21:49:06+00:00","dateModified":"2019-05-15T14:52:35+00:00","mainEntityOfPage":{"@id":"https:\/\/wp.ufpel.edu.br\/malg\/arlinda-nunes-a-trajetoria-de-uma-artista-e-sua-atuacao-nas-artes-plasticas-de-pelotas-e-leopoldo-gotuzzo-caricaturas-de-gente-boa-e-obras-do-sul\/"},"wordCount":229,"publisher":{"@id":"https:\/\/wp.ufpel.edu.br\/malg\/#organization"},"image":{"@id":"https:\/\/wp.ufpel.edu.br\/malg\/arlinda-nunes-a-trajetoria-de-uma-artista-e-sua-atuacao-nas-artes-plasticas-de-pelotas-e-leopoldo-gotuzzo-caricaturas-de-gente-boa-e-obras-do-sul\/#primaryimage"},"thumbnailUrl":"https:\/\/wp.ufpel.edu.br\/malg\/files\/2017\/06\/Convite-virtual.png","articleSection":["MALG"],"inLanguage":"pt-BR"},{"@type":"WebPage","@id":"https:\/\/wp.ufpel.edu.br\/malg\/arlinda-nunes-a-trajetoria-de-uma-artista-e-sua-atuacao-nas-artes-plasticas-de-pelotas-e-leopoldo-gotuzzo-caricaturas-de-gente-boa-e-obras-do-sul\/","url":"https:\/\/wp.ufpel.edu.br\/malg\/arlinda-nunes-a-trajetoria-de-uma-artista-e-sua-atuacao-nas-artes-plasticas-de-pelotas-e-leopoldo-gotuzzo-caricaturas-de-gente-boa-e-obras-do-sul\/","name":"Arlinda Nunes: a trajet\u00f3ria de uma artista e sua atua\u00e7\u00e3o nas Artes Pl\u00e1sticas de Pelotas e Leopoldo Gotuzzo: \u201ccaricaturas de gente boa\u201d e obras do sul. &#8212; Museu de Arte Leopoldo Gotuzzo","isPartOf":{"@id":"https:\/\/wp.ufpel.edu.br\/malg\/#website"},"primaryImageOfPage":{"@id":"https:\/\/wp.ufpel.edu.br\/malg\/arlinda-nunes-a-trajetoria-de-uma-artista-e-sua-atuacao-nas-artes-plasticas-de-pelotas-e-leopoldo-gotuzzo-caricaturas-de-gente-boa-e-obras-do-sul\/#primaryimage"},"image":{"@id":"https:\/\/wp.ufpel.edu.br\/malg\/arlinda-nunes-a-trajetoria-de-uma-artista-e-sua-atuacao-nas-artes-plasticas-de-pelotas-e-leopoldo-gotuzzo-caricaturas-de-gente-boa-e-obras-do-sul\/#primaryimage"},"thumbnailUrl":"https:\/\/wp.ufpel.edu.br\/malg\/files\/2017\/06\/Convite-virtual.png","datePublished":"2017-06-28T21:49:06+00:00","dateModified":"2019-05-15T14:52:35+00:00","breadcrumb":{"@id":"https:\/\/wp.ufpel.edu.br\/malg\/arlinda-nunes-a-trajetoria-de-uma-artista-e-sua-atuacao-nas-artes-plasticas-de-pelotas-e-leopoldo-gotuzzo-caricaturas-de-gente-boa-e-obras-do-sul\/#breadcrumb"},"inLanguage":"pt-BR","potentialAction":[{"@type":"ReadAction","target":["https:\/\/wp.ufpel.edu.br\/malg\/arlinda-nunes-a-trajetoria-de-uma-artista-e-sua-atuacao-nas-artes-plasticas-de-pelotas-e-leopoldo-gotuzzo-caricaturas-de-gente-boa-e-obras-do-sul\/"]}]},{"@type":"ImageObject","inLanguage":"pt-BR","@id":"https:\/\/wp.ufpel.edu.br\/malg\/arlinda-nunes-a-trajetoria-de-uma-artista-e-sua-atuacao-nas-artes-plasticas-de-pelotas-e-leopoldo-gotuzzo-caricaturas-de-gente-boa-e-obras-do-sul\/#primaryimage","url":"https:\/\/wp.ufpel.edu.br\/malg\/files\/2017\/06\/Convite-virtual.png","contentUrl":"https:\/\/wp.ufpel.edu.br\/malg\/files\/2017\/06\/Convite-virtual.png","width":914,"height":745},{"@type":"BreadcrumbList","@id":"https:\/\/wp.ufpel.edu.br\/malg\/arlinda-nunes-a-trajetoria-de-uma-artista-e-sua-atuacao-nas-artes-plasticas-de-pelotas-e-leopoldo-gotuzzo-caricaturas-de-gente-boa-e-obras-do-sul\/#breadcrumb","itemListElement":[{"@type":"ListItem","position":1,"name":"In\u00edcio","item":"https:\/\/wp.ufpel.edu.br\/malg\/"},{"@type":"ListItem","position":2,"name":"Arlinda Nunes: a trajet\u00f3ria de uma artista e sua atua\u00e7\u00e3o nas Artes Pl\u00e1sticas de Pelotas e Leopoldo Gotuzzo: \u201ccaricaturas de gente boa\u201d e obras do sul."}]},{"@type":"WebSite","@id":"https:\/\/wp.ufpel.edu.br\/malg\/#website","url":"https:\/\/wp.ufpel.edu.br\/malg\/","name":"Museu de Arte Leopoldo Gotuzzo","description":"","publisher":{"@id":"https:\/\/wp.ufpel.edu.br\/malg\/#organization"},"potentialAction":[{"@type":"SearchAction","target":{"@type":"EntryPoint","urlTemplate":"https:\/\/wp.ufpel.edu.br\/malg\/?s={search_term_string}"},"query-input":{"@type":"PropertyValueSpecification","valueRequired":true,"valueName":"search_term_string"}}],"inLanguage":"pt-BR"},{"@type":"Organization","@id":"https:\/\/wp.ufpel.edu.br\/malg\/#organization","name":"MALG _ Museu de Arte Leopoldo Gotuzzo","url":"https:\/\/wp.ufpel.edu.br\/malg\/","logo":{"@type":"ImageObject","inLanguage":"pt-BR","@id":"https:\/\/wp.ufpel.edu.br\/malg\/#\/schema\/logo\/image\/","url":"https:\/\/i0.wp.com\/wp.ufpel.edu.br\/malg\/files\/2020\/03\/01.png?fit=1240%2C476&ssl=1","contentUrl":"https:\/\/i0.wp.com\/wp.ufpel.edu.br\/malg\/files\/2020\/03\/01.png?fit=1240%2C476&ssl=1","width":1240,"height":476,"caption":"MALG _ Museu de Arte Leopoldo Gotuzzo"},"image":{"@id":"https:\/\/wp.ufpel.edu.br\/malg\/#\/schema\/logo\/image\/"},"sameAs":["https:\/\/www.facebook.com\/museuleopoldogotuzzo\/","https:\/\/www.instagram.com\/malg.ufpel\/","https:\/\/www.youtube.com\/@MALG_UFPel"]},{"@type":"Person","@id":"https:\/\/wp.ufpel.edu.br\/malg\/#\/schema\/person\/a1040aeaac59ac32619bdb8d85c23c1c","name":"malg","image":{"@type":"ImageObject","inLanguage":"pt-BR","@id":"https:\/\/wp.ufpel.edu.br\/malg\/#\/schema\/person\/image\/","url":"https:\/\/secure.gravatar.com\/avatar\/a17213c8134a200c433dc271b8064eb8031117f588e6557de1f0abd6b8954227?s=96&d=mm&r=g","contentUrl":"https:\/\/secure.gravatar.com\/avatar\/a17213c8134a200c433dc271b8064eb8031117f588e6557de1f0abd6b8954227?s=96&d=mm&r=g","caption":"malg"},"url":"https:\/\/wp.ufpel.edu.br\/malg\/author\/malg\/"}]}},"jetpack_publicize_connections":[],"jetpack_featured_media_url":"","jetpack_sharing_enabled":true,"jetpack_shortlink":"https:\/\/wp.me\/p89KnE-b6","_links":{"self":[{"href":"https:\/\/wp.ufpel.edu.br\/malg\/wp-json\/wp\/v2\/posts\/688","targetHints":{"allow":["GET"]}}],"collection":[{"href":"https:\/\/wp.ufpel.edu.br\/malg\/wp-json\/wp\/v2\/posts"}],"about":[{"href":"https:\/\/wp.ufpel.edu.br\/malg\/wp-json\/wp\/v2\/types\/post"}],"author":[{"embeddable":true,"href":"https:\/\/wp.ufpel.edu.br\/malg\/wp-json\/wp\/v2\/users\/401"}],"replies":[{"embeddable":true,"href":"https:\/\/wp.ufpel.edu.br\/malg\/wp-json\/wp\/v2\/comments?post=688"}],"version-history":[{"count":4,"href":"https:\/\/wp.ufpel.edu.br\/malg\/wp-json\/wp\/v2\/posts\/688\/revisions"}],"predecessor-version":[{"id":964,"href":"https:\/\/wp.ufpel.edu.br\/malg\/wp-json\/wp\/v2\/posts\/688\/revisions\/964"}],"wp:attachment":[{"href":"https:\/\/wp.ufpel.edu.br\/malg\/wp-json\/wp\/v2\/media?parent=688"}],"wp:term":[{"taxonomy":"category","embeddable":true,"href":"https:\/\/wp.ufpel.edu.br\/malg\/wp-json\/wp\/v2\/categories?post=688"},{"taxonomy":"post_tag","embeddable":true,"href":"https:\/\/wp.ufpel.edu.br\/malg\/wp-json\/wp\/v2\/tags?post=688"}],"curies":[{"name":"wp","href":"https:\/\/api.w.org\/{rel}","templated":true}]}}