{"id":301,"date":"2015-09-03T13:31:01","date_gmt":"2015-09-03T16:31:01","guid":{"rendered":"https:\/\/wp.ufpel.edu.br\/malg\/?p=301"},"modified":"2019-05-15T13:03:01","modified_gmt":"2019-05-15T16:03:01","slug":"proximas-exposicoes","status":"publish","type":"post","link":"https:\/\/wp.ufpel.edu.br\/malg\/proximas-exposicoes\/","title":{"rendered":"Pr\u00f3ximas exposi\u00e7\u00f5es"},"content":{"rendered":"<p><span style=\"font-family: helvetica, arial, sans-serif;font-size: 14pt\"><strong>Future Perfect<\/strong><\/span><br \/>\n<span style=\"font-family: helvetica, arial, sans-serif;font-size: 14pt\">Curadoria Angelika Stepken e Philipp Ziegler<\/span><\/p>\n<p><span style=\"font-family: helvetica, arial, sans-serif;font-size: 14pt\"><a href=\"https:\/\/wp.ufpel.edu.br\/malg\/files\/2015\/09\/convite-fb.jpg\"><img loading=\"lazy\" decoding=\"async\" class=\"alignleft size-full wp-image-303\" src=\"https:\/\/wp.ufpel.edu.br\/malg\/files\/2015\/09\/convite-fb.jpg\" alt=\"convite-fb\" width=\"1004\" height=\"1002\" \/><\/a><\/span><\/p>\n<p>&nbsp;<\/p>\n<p>&nbsp;<\/p>\n<p><span style=\"font-family: helvetica, arial, sans-serif;font-size: 14pt\"><strong>Paisagens de Leopoldo Gotuzzo no acervo do MALG: <\/strong><\/span><span style=\"font-family: helvetica, arial, sans-serif;font-size: 14pt\"><strong>Frente e Verso<\/strong><\/span><br \/>\n<span style=\"font-family: helvetica, arial, sans-serif;font-size: 14pt\">Curadoria Jose Luiz de Pellegrin<\/span><\/p>\n<p><a href=\"https:\/\/wp.ufpel.edu.br\/malg\/files\/2015\/09\/convite_Gotuzzo_setembro.jpg\"><img loading=\"lazy\" decoding=\"async\" data-attachment-id=\"302\" data-permalink=\"https:\/\/wp.ufpel.edu.br\/malg\/proximas-exposicoes\/convite_gotuzzo_setembro\/#main\" data-orig-file=\"https:\/\/wp.ufpel.edu.br\/malg\/files\/2015\/09\/convite_Gotuzzo_setembro.jpg\" data-orig-size=\"2928,1929\" data-comments-opened=\"0\" data-image-meta=\"{&quot;aperture&quot;:&quot;0&quot;,&quot;credit&quot;:&quot;&quot;,&quot;camera&quot;:&quot;&quot;,&quot;caption&quot;:&quot;&quot;,&quot;created_timestamp&quot;:&quot;0&quot;,&quot;copyright&quot;:&quot;&quot;,&quot;focal_length&quot;:&quot;0&quot;,&quot;iso&quot;:&quot;0&quot;,&quot;shutter_speed&quot;:&quot;0&quot;,&quot;title&quot;:&quot;convite_Gotuzzo_setembro&quot;,&quot;orientation&quot;:&quot;1&quot;}\" data-image-title=\"convite_Gotuzzo_setembro\" data-image-description=\"\" data-image-caption=\"\" data-medium-file=\"https:\/\/wp.ufpel.edu.br\/malg\/files\/2015\/09\/convite_Gotuzzo_setembro-424x279.jpg\" data-large-file=\"https:\/\/wp.ufpel.edu.br\/malg\/files\/2015\/09\/convite_Gotuzzo_setembro-984x220.jpg\" class=\"alignleft size-full wp-image-302\" src=\"https:\/\/wp.ufpel.edu.br\/malg\/files\/2015\/09\/convite_Gotuzzo_setembro.jpg\" alt=\"convite_Gotuzzo_setembro\" width=\"2928\" height=\"1929\" srcset=\"https:\/\/wp.ufpel.edu.br\/malg\/files\/2015\/09\/convite_Gotuzzo_setembro.jpg 2928w, https:\/\/wp.ufpel.edu.br\/malg\/files\/2015\/09\/convite_Gotuzzo_setembro-212x140.jpg 212w, https:\/\/wp.ufpel.edu.br\/malg\/files\/2015\/09\/convite_Gotuzzo_setembro-424x279.jpg 424w\" sizes=\"auto, (max-width: 2928px) 100vw, 2928px\" \/><\/a><\/p>\n","protected":false},"excerpt":{"rendered":"<p>Future Perfect Curadoria Angelika Stepken e Philipp Ziegler &nbsp; &nbsp; Paisagens de Leopoldo Gotuzzo no acervo do MALG: [&hellip;]<\/p>\n","protected":false},"author":401,"featured_media":0,"comment_status":"closed","ping_status":"closed","sticky":false,"template":"","format":"standard","meta":{"jetpack_post_was_ever_published":false,"_jetpack_newsletter_access":"","_jetpack_dont_email_post_to_subs":false,"_jetpack_newsletter_tier_id":0,"_jetpack_memberships_contains_paywalled_content":false,"_jetpack_memberships_contains_paid_content":false,"footnotes":"","jetpack_publicize_message":"","jetpack_publicize_feature_enabled":true,"jetpack_social_post_already_shared":false,"jetpack_social_options":{"image_generator_settings":{"template":"highway","default_image_id":0,"font":"","enabled":false},"version":2}},"categories":[18],"tags":[],"class_list":["post-301","post","type-post","status-publish","format-standard","hentry","category-malg"],"yoast_head":"<!-- This site is optimized with the Yoast SEO plugin v26.7 - https:\/\/yoast.com\/wordpress\/plugins\/seo\/ -->\n<title>Pr\u00f3ximas exposi\u00e7\u00f5es &#8212; Museu de Arte Leopoldo Gotuzzo<\/title>\n<meta name=\"robots\" content=\"index, follow, max-snippet:-1, max-image-preview:large, max-video-preview:-1\" \/>\n<link rel=\"canonical\" href=\"https:\/\/wp.ufpel.edu.br\/malg\/proximas-exposicoes\/\" \/>\n<meta property=\"og:locale\" content=\"pt_BR\" \/>\n<meta property=\"og:type\" content=\"article\" \/>\n<meta property=\"og:title\" content=\"Pr\u00f3ximas exposi\u00e7\u00f5es &#8212; Museu de Arte Leopoldo Gotuzzo\" \/>\n<meta property=\"og:description\" content=\"Future Perfect Curadoria Angelika Stepken e Philipp Ziegler &nbsp; &nbsp; Paisagens de Leopoldo Gotuzzo no acervo do MALG: [&hellip;]\" \/>\n<meta property=\"og:url\" content=\"https:\/\/wp.ufpel.edu.br\/malg\/proximas-exposicoes\/\" \/>\n<meta property=\"og:site_name\" content=\"Museu de Arte Leopoldo Gotuzzo\" \/>\n<meta property=\"article:publisher\" content=\"https:\/\/www.facebook.com\/museuleopoldogotuzzo\/\" \/>\n<meta property=\"article:published_time\" content=\"2015-09-03T16:31:01+00:00\" \/>\n<meta property=\"article:modified_time\" content=\"2019-05-15T16:03:01+00:00\" \/>\n<meta property=\"og:image\" content=\"https:\/\/wp.ufpel.edu.br\/malg\/files\/2015\/09\/convite-fb.jpg\" \/>\n<meta name=\"author\" content=\"malg\" \/>\n<meta name=\"twitter:card\" content=\"summary_large_image\" \/>\n<meta name=\"twitter:label1\" content=\"Escrito por\" \/>\n\t<meta name=\"twitter:data1\" content=\"malg\" \/>\n<script type=\"application\/ld+json\" class=\"yoast-schema-graph\">{\"@context\":\"https:\/\/schema.org\",\"@graph\":[{\"@type\":\"Article\",\"@id\":\"https:\/\/wp.ufpel.edu.br\/malg\/proximas-exposicoes\/#article\",\"isPartOf\":{\"@id\":\"https:\/\/wp.ufpel.edu.br\/malg\/proximas-exposicoes\/\"},\"author\":{\"name\":\"malg\",\"@id\":\"https:\/\/wp.ufpel.edu.br\/malg\/#\/schema\/person\/a1040aeaac59ac32619bdb8d85c23c1c\"},\"headline\":\"Pr\u00f3ximas exposi\u00e7\u00f5es\",\"datePublished\":\"2015-09-03T16:31:01+00:00\",\"dateModified\":\"2019-05-15T16:03:01+00:00\",\"mainEntityOfPage\":{\"@id\":\"https:\/\/wp.ufpel.edu.br\/malg\/proximas-exposicoes\/\"},\"wordCount\":30,\"publisher\":{\"@id\":\"https:\/\/wp.ufpel.edu.br\/malg\/#organization\"},\"image\":{\"@id\":\"https:\/\/wp.ufpel.edu.br\/malg\/proximas-exposicoes\/#primaryimage\"},\"thumbnailUrl\":\"https:\/\/wp.ufpel.edu.br\/malg\/files\/2015\/09\/convite-fb.jpg\",\"articleSection\":[\"MALG\"],\"inLanguage\":\"pt-BR\"},{\"@type\":\"WebPage\",\"@id\":\"https:\/\/wp.ufpel.edu.br\/malg\/proximas-exposicoes\/\",\"url\":\"https:\/\/wp.ufpel.edu.br\/malg\/proximas-exposicoes\/\",\"name\":\"Pr\u00f3ximas exposi\u00e7\u00f5es &#8212; Museu de Arte Leopoldo Gotuzzo\",\"isPartOf\":{\"@id\":\"https:\/\/wp.ufpel.edu.br\/malg\/#website\"},\"primaryImageOfPage\":{\"@id\":\"https:\/\/wp.ufpel.edu.br\/malg\/proximas-exposicoes\/#primaryimage\"},\"image\":{\"@id\":\"https:\/\/wp.ufpel.edu.br\/malg\/proximas-exposicoes\/#primaryimage\"},\"thumbnailUrl\":\"https:\/\/wp.ufpel.edu.br\/malg\/files\/2015\/09\/convite-fb.jpg\",\"datePublished\":\"2015-09-03T16:31:01+00:00\",\"dateModified\":\"2019-05-15T16:03:01+00:00\",\"breadcrumb\":{\"@id\":\"https:\/\/wp.ufpel.edu.br\/malg\/proximas-exposicoes\/#breadcrumb\"},\"inLanguage\":\"pt-BR\",\"potentialAction\":[{\"@type\":\"ReadAction\",\"target\":[\"https:\/\/wp.ufpel.edu.br\/malg\/proximas-exposicoes\/\"]}]},{\"@type\":\"ImageObject\",\"inLanguage\":\"pt-BR\",\"@id\":\"https:\/\/wp.ufpel.edu.br\/malg\/proximas-exposicoes\/#primaryimage\",\"url\":\"https:\/\/wp.ufpel.edu.br\/malg\/files\/2015\/09\/convite-fb.jpg\",\"contentUrl\":\"https:\/\/wp.ufpel.edu.br\/malg\/files\/2015\/09\/convite-fb.jpg\"},{\"@type\":\"BreadcrumbList\",\"@id\":\"https:\/\/wp.ufpel.edu.br\/malg\/proximas-exposicoes\/#breadcrumb\",\"itemListElement\":[{\"@type\":\"ListItem\",\"position\":1,\"name\":\"In\u00edcio\",\"item\":\"https:\/\/wp.ufpel.edu.br\/malg\/\"},{\"@type\":\"ListItem\",\"position\":2,\"name\":\"Pr\u00f3ximas exposi\u00e7\u00f5es\"}]},{\"@type\":\"WebSite\",\"@id\":\"https:\/\/wp.ufpel.edu.br\/malg\/#website\",\"url\":\"https:\/\/wp.ufpel.edu.br\/malg\/\",\"name\":\"Museu de Arte Leopoldo Gotuzzo\",\"description\":\"\",\"publisher\":{\"@id\":\"https:\/\/wp.ufpel.edu.br\/malg\/#organization\"},\"potentialAction\":[{\"@type\":\"SearchAction\",\"target\":{\"@type\":\"EntryPoint\",\"urlTemplate\":\"https:\/\/wp.ufpel.edu.br\/malg\/?s={search_term_string}\"},\"query-input\":{\"@type\":\"PropertyValueSpecification\",\"valueRequired\":true,\"valueName\":\"search_term_string\"}}],\"inLanguage\":\"pt-BR\"},{\"@type\":\"Organization\",\"@id\":\"https:\/\/wp.ufpel.edu.br\/malg\/#organization\",\"name\":\"MALG _ Museu de Arte Leopoldo Gotuzzo\",\"url\":\"https:\/\/wp.ufpel.edu.br\/malg\/\",\"logo\":{\"@type\":\"ImageObject\",\"inLanguage\":\"pt-BR\",\"@id\":\"https:\/\/wp.ufpel.edu.br\/malg\/#\/schema\/logo\/image\/\",\"url\":\"https:\/\/i0.wp.com\/wp.ufpel.edu.br\/malg\/files\/2020\/03\/01.png?fit=1240%2C476&ssl=1\",\"contentUrl\":\"https:\/\/i0.wp.com\/wp.ufpel.edu.br\/malg\/files\/2020\/03\/01.png?fit=1240%2C476&ssl=1\",\"width\":1240,\"height\":476,\"caption\":\"MALG _ Museu de Arte Leopoldo Gotuzzo\"},\"image\":{\"@id\":\"https:\/\/wp.ufpel.edu.br\/malg\/#\/schema\/logo\/image\/\"},\"sameAs\":[\"https:\/\/www.facebook.com\/museuleopoldogotuzzo\/\",\"https:\/\/www.instagram.com\/malg.ufpel\/\",\"https:\/\/www.youtube.com\/@MALG_UFPel\"]},{\"@type\":\"Person\",\"@id\":\"https:\/\/wp.ufpel.edu.br\/malg\/#\/schema\/person\/a1040aeaac59ac32619bdb8d85c23c1c\",\"name\":\"malg\",\"image\":{\"@type\":\"ImageObject\",\"inLanguage\":\"pt-BR\",\"@id\":\"https:\/\/wp.ufpel.edu.br\/malg\/#\/schema\/person\/image\/\",\"url\":\"https:\/\/secure.gravatar.com\/avatar\/a17213c8134a200c433dc271b8064eb8031117f588e6557de1f0abd6b8954227?s=96&d=mm&r=g\",\"contentUrl\":\"https:\/\/secure.gravatar.com\/avatar\/a17213c8134a200c433dc271b8064eb8031117f588e6557de1f0abd6b8954227?s=96&d=mm&r=g\",\"caption\":\"malg\"},\"url\":\"https:\/\/wp.ufpel.edu.br\/malg\/author\/malg\/\"}]}<\/script>\n<!-- \/ Yoast SEO plugin. -->","yoast_head_json":{"title":"Pr\u00f3ximas exposi\u00e7\u00f5es &#8212; Museu de Arte Leopoldo Gotuzzo","robots":{"index":"index","follow":"follow","max-snippet":"max-snippet:-1","max-image-preview":"max-image-preview:large","max-video-preview":"max-video-preview:-1"},"canonical":"https:\/\/wp.ufpel.edu.br\/malg\/proximas-exposicoes\/","og_locale":"pt_BR","og_type":"article","og_title":"Pr\u00f3ximas exposi\u00e7\u00f5es &#8212; Museu de Arte Leopoldo Gotuzzo","og_description":"Future Perfect Curadoria Angelika Stepken e Philipp Ziegler &nbsp; &nbsp; Paisagens de Leopoldo Gotuzzo no acervo do MALG: [&hellip;]","og_url":"https:\/\/wp.ufpel.edu.br\/malg\/proximas-exposicoes\/","og_site_name":"Museu de Arte Leopoldo Gotuzzo","article_publisher":"https:\/\/www.facebook.com\/museuleopoldogotuzzo\/","article_published_time":"2015-09-03T16:31:01+00:00","article_modified_time":"2019-05-15T16:03:01+00:00","og_image":[{"url":"https:\/\/wp.ufpel.edu.br\/malg\/files\/2015\/09\/convite-fb.jpg","type":"","width":"","height":""}],"author":"malg","twitter_card":"summary_large_image","twitter_misc":{"Escrito por":"malg"},"schema":{"@context":"https:\/\/schema.org","@graph":[{"@type":"Article","@id":"https:\/\/wp.ufpel.edu.br\/malg\/proximas-exposicoes\/#article","isPartOf":{"@id":"https:\/\/wp.ufpel.edu.br\/malg\/proximas-exposicoes\/"},"author":{"name":"malg","@id":"https:\/\/wp.ufpel.edu.br\/malg\/#\/schema\/person\/a1040aeaac59ac32619bdb8d85c23c1c"},"headline":"Pr\u00f3ximas exposi\u00e7\u00f5es","datePublished":"2015-09-03T16:31:01+00:00","dateModified":"2019-05-15T16:03:01+00:00","mainEntityOfPage":{"@id":"https:\/\/wp.ufpel.edu.br\/malg\/proximas-exposicoes\/"},"wordCount":30,"publisher":{"@id":"https:\/\/wp.ufpel.edu.br\/malg\/#organization"},"image":{"@id":"https:\/\/wp.ufpel.edu.br\/malg\/proximas-exposicoes\/#primaryimage"},"thumbnailUrl":"https:\/\/wp.ufpel.edu.br\/malg\/files\/2015\/09\/convite-fb.jpg","articleSection":["MALG"],"inLanguage":"pt-BR"},{"@type":"WebPage","@id":"https:\/\/wp.ufpel.edu.br\/malg\/proximas-exposicoes\/","url":"https:\/\/wp.ufpel.edu.br\/malg\/proximas-exposicoes\/","name":"Pr\u00f3ximas exposi\u00e7\u00f5es &#8212; Museu de Arte Leopoldo Gotuzzo","isPartOf":{"@id":"https:\/\/wp.ufpel.edu.br\/malg\/#website"},"primaryImageOfPage":{"@id":"https:\/\/wp.ufpel.edu.br\/malg\/proximas-exposicoes\/#primaryimage"},"image":{"@id":"https:\/\/wp.ufpel.edu.br\/malg\/proximas-exposicoes\/#primaryimage"},"thumbnailUrl":"https:\/\/wp.ufpel.edu.br\/malg\/files\/2015\/09\/convite-fb.jpg","datePublished":"2015-09-03T16:31:01+00:00","dateModified":"2019-05-15T16:03:01+00:00","breadcrumb":{"@id":"https:\/\/wp.ufpel.edu.br\/malg\/proximas-exposicoes\/#breadcrumb"},"inLanguage":"pt-BR","potentialAction":[{"@type":"ReadAction","target":["https:\/\/wp.ufpel.edu.br\/malg\/proximas-exposicoes\/"]}]},{"@type":"ImageObject","inLanguage":"pt-BR","@id":"https:\/\/wp.ufpel.edu.br\/malg\/proximas-exposicoes\/#primaryimage","url":"https:\/\/wp.ufpel.edu.br\/malg\/files\/2015\/09\/convite-fb.jpg","contentUrl":"https:\/\/wp.ufpel.edu.br\/malg\/files\/2015\/09\/convite-fb.jpg"},{"@type":"BreadcrumbList","@id":"https:\/\/wp.ufpel.edu.br\/malg\/proximas-exposicoes\/#breadcrumb","itemListElement":[{"@type":"ListItem","position":1,"name":"In\u00edcio","item":"https:\/\/wp.ufpel.edu.br\/malg\/"},{"@type":"ListItem","position":2,"name":"Pr\u00f3ximas exposi\u00e7\u00f5es"}]},{"@type":"WebSite","@id":"https:\/\/wp.ufpel.edu.br\/malg\/#website","url":"https:\/\/wp.ufpel.edu.br\/malg\/","name":"Museu de Arte Leopoldo Gotuzzo","description":"","publisher":{"@id":"https:\/\/wp.ufpel.edu.br\/malg\/#organization"},"potentialAction":[{"@type":"SearchAction","target":{"@type":"EntryPoint","urlTemplate":"https:\/\/wp.ufpel.edu.br\/malg\/?s={search_term_string}"},"query-input":{"@type":"PropertyValueSpecification","valueRequired":true,"valueName":"search_term_string"}}],"inLanguage":"pt-BR"},{"@type":"Organization","@id":"https:\/\/wp.ufpel.edu.br\/malg\/#organization","name":"MALG _ Museu de Arte Leopoldo Gotuzzo","url":"https:\/\/wp.ufpel.edu.br\/malg\/","logo":{"@type":"ImageObject","inLanguage":"pt-BR","@id":"https:\/\/wp.ufpel.edu.br\/malg\/#\/schema\/logo\/image\/","url":"https:\/\/i0.wp.com\/wp.ufpel.edu.br\/malg\/files\/2020\/03\/01.png?fit=1240%2C476&ssl=1","contentUrl":"https:\/\/i0.wp.com\/wp.ufpel.edu.br\/malg\/files\/2020\/03\/01.png?fit=1240%2C476&ssl=1","width":1240,"height":476,"caption":"MALG _ Museu de Arte Leopoldo Gotuzzo"},"image":{"@id":"https:\/\/wp.ufpel.edu.br\/malg\/#\/schema\/logo\/image\/"},"sameAs":["https:\/\/www.facebook.com\/museuleopoldogotuzzo\/","https:\/\/www.instagram.com\/malg.ufpel\/","https:\/\/www.youtube.com\/@MALG_UFPel"]},{"@type":"Person","@id":"https:\/\/wp.ufpel.edu.br\/malg\/#\/schema\/person\/a1040aeaac59ac32619bdb8d85c23c1c","name":"malg","image":{"@type":"ImageObject","inLanguage":"pt-BR","@id":"https:\/\/wp.ufpel.edu.br\/malg\/#\/schema\/person\/image\/","url":"https:\/\/secure.gravatar.com\/avatar\/a17213c8134a200c433dc271b8064eb8031117f588e6557de1f0abd6b8954227?s=96&d=mm&r=g","contentUrl":"https:\/\/secure.gravatar.com\/avatar\/a17213c8134a200c433dc271b8064eb8031117f588e6557de1f0abd6b8954227?s=96&d=mm&r=g","caption":"malg"},"url":"https:\/\/wp.ufpel.edu.br\/malg\/author\/malg\/"}]}},"jetpack_publicize_connections":[],"jetpack_featured_media_url":"","jetpack_sharing_enabled":true,"jetpack_shortlink":"https:\/\/wp.me\/p89KnE-4R","_links":{"self":[{"href":"https:\/\/wp.ufpel.edu.br\/malg\/wp-json\/wp\/v2\/posts\/301","targetHints":{"allow":["GET"]}}],"collection":[{"href":"https:\/\/wp.ufpel.edu.br\/malg\/wp-json\/wp\/v2\/posts"}],"about":[{"href":"https:\/\/wp.ufpel.edu.br\/malg\/wp-json\/wp\/v2\/types\/post"}],"author":[{"embeddable":true,"href":"https:\/\/wp.ufpel.edu.br\/malg\/wp-json\/wp\/v2\/users\/401"}],"replies":[{"embeddable":true,"href":"https:\/\/wp.ufpel.edu.br\/malg\/wp-json\/wp\/v2\/comments?post=301"}],"version-history":[{"count":4,"href":"https:\/\/wp.ufpel.edu.br\/malg\/wp-json\/wp\/v2\/posts\/301\/revisions"}],"predecessor-version":[{"id":980,"href":"https:\/\/wp.ufpel.edu.br\/malg\/wp-json\/wp\/v2\/posts\/301\/revisions\/980"}],"wp:attachment":[{"href":"https:\/\/wp.ufpel.edu.br\/malg\/wp-json\/wp\/v2\/media?parent=301"}],"wp:term":[{"taxonomy":"category","embeddable":true,"href":"https:\/\/wp.ufpel.edu.br\/malg\/wp-json\/wp\/v2\/categories?post=301"},{"taxonomy":"post_tag","embeddable":true,"href":"https:\/\/wp.ufpel.edu.br\/malg\/wp-json\/wp\/v2\/tags?post=301"}],"curies":[{"name":"wp","href":"https:\/\/api.w.org\/{rel}","templated":true}]}}