{"id":1967,"date":"2020-12-16T19:04:30","date_gmt":"2020-12-16T22:04:30","guid":{"rendered":"https:\/\/wp.ufpel.edu.br\/malg\/?p=1967"},"modified":"2021-10-25T16:40:47","modified_gmt":"2021-10-25T19:40:47","slug":"mulheres-no-acervo","status":"publish","type":"post","link":"https:\/\/wp.ufpel.edu.br\/malg\/mulheres-no-acervo\/","title":{"rendered":"A\u00e7\u00e3o curatorial: mulheres no acervo"},"content":{"rendered":"<div id=\"pl-gb1967-69f2113152035\"  class=\"panel-layout\" ><div id=\"pg-gb1967-69f2113152035-0\"  class=\"panel-grid panel-has-style\" ><div class=\"siteorigin-panels-stretch panel-row-style panel-row-style-for-gb1967-69f2113152035-0\" data-stretch-type=\"full\" ><div id=\"pgc-gb1967-69f2113152035-0-0\"  class=\"panel-grid-cell\" ><div id=\"panel-gb1967-69f2113152035-0-0-0\" class=\"so-panel widget widget_siteorigin-panels-builder panel-first-child panel-last-child\" data-index=\"0\" ><div id=\"pl-w5ffc49da4f659\"  class=\"panel-layout\" ><div id=\"pg-w5ffc49da4f659-0\"  class=\"panel-grid panel-has-style\" ><div class=\"siteorigin-panels-stretch panel-row-style panel-row-style-for-w5ffc49da4f659-0\" data-stretch-type=\"full\" ><div id=\"pgc-w5ffc49da4f659-0-0\"  class=\"panel-grid-cell\" ><div id=\"panel-w5ffc49da4f659-0-0-0\" class=\"so-panel widget widget_sow-image panel-first-child panel-last-child\" data-index=\"0\" ><div class=\"panel-widget-style panel-widget-style-for-w5ffc49da4f659-0-0-0\" ><div\n\t\t\t\n\t\t\tclass=\"so-widget-sow-image so-widget-sow-image-default-334eeca80698\"\n\t\t\t\n\t\t>\n<div class=\"sow-image-container\">\n\t\t<img \n\tsrc=\"https:\/\/wp.ufpel.edu.br\/malg\/files\/2020\/12\/logo-geral-branco.png\" width=\"1351\" height=\"244\" srcset=\"https:\/\/wp.ufpel.edu.br\/malg\/files\/2020\/12\/logo-geral-branco.png 1351w, https:\/\/wp.ufpel.edu.br\/malg\/files\/2020\/12\/logo-geral-branco-400x72.png 400w, https:\/\/wp.ufpel.edu.br\/malg\/files\/2020\/12\/logo-geral-branco-200x36.png 200w, https:\/\/wp.ufpel.edu.br\/malg\/files\/2020\/12\/logo-geral-branco-768x139.png 768w\" sizes=\"(max-width: 1351px) 100vw, 1351px\" title=\"logo geral &#8211; branco\" alt=\"\" \t\tclass=\"so-widget-image\"\/>\n\t<\/div>\n\n<\/div><\/div><\/div><\/div><\/div><\/div><div id=\"pg-w5ffc49da4f659-1\"  class=\"panel-grid panel-has-style\" ><div class=\"siteorigin-panels-stretch panel-row-style panel-row-style-for-w5ffc49da4f659-1\" data-stretch-type=\"full\" ><div id=\"pgc-w5ffc49da4f659-1-0\"  class=\"panel-grid-cell\" ><div id=\"panel-w5ffc49da4f659-1-0-0\" class=\"so-panel widget widget_sow-editor panel-first-child panel-last-child\" data-index=\"1\" ><div\n\t\t\t\n\t\t\tclass=\"so-widget-sow-editor so-widget-sow-editor-base\"\n\t\t\t\n\t\t>\n<div class=\"siteorigin-widget-tinymce textwidget\">\n\t<p style=\"text-align: justify\"><span style=\"color: #ffffff\">A presente a\u00e7\u00e3o \u00e9 parte de um projeto desenvolvido a partir das atividades de pesquisa do Laborat\u00f3rio de Curadoria do MALG. Em agosto de 2019 iniciou-se um levantamento, ainda em constru\u00e7\u00e3o, que objetiva identificar a presen\u00e7a de artistas mulheres nas cole\u00e7\u00f5es do Museu de Arte Leopoldo Gotuzzo. Por\u00e9m, entendemos que somente coletar os dados n\u00e3o seria o suficiente e, assim, identificamos possibilidades curatoriais pertinentes que se tornam poss\u00edveis com o incentivo da Lei Aldir Blanc.<\/span><\/p>\n<p style=\"text-align: justify\"><span style=\"color: #ffffff\">Compreendemos a relev\u00e2ncia das produ\u00e7\u00f5es das artistas inseridas no acervo da institui\u00e7\u00e3o e a necessidade de registros hist\u00f3ricos de suas atua\u00e7\u00f5es. Somamos a isso a efervescente produ\u00e7\u00e3o art\u00edstica contempor\u00e2nea de mulheres que trabalham, n\u00e3o s\u00f3 a partir de suas pr\u00f3prias viv\u00eancias, mas tamb\u00e9m, a partir do desenvolvimento da sociedade e seus movimentos. Com isso, entendemos as influ\u00eancias do contexto hist\u00f3rico nas din\u00e2micas relacionais e propomos, atrav\u00e9s da <em>A\u00e7\u00e3o Curatorial Mulheres no Acervo do MALG<\/em>, um di\u00e1logo entre as artistas do presente e as do S\u00e9culo XX.<\/span><\/p>\n<p style=\"text-align: justify\"><span style=\"color: #ffffff\">Atualmente, estamos em isolamento social devido \u00e0 pandemia da COVID-19. Diante disso, somos impulsionados\/as a criar novos modos de produzir cultura, muitas vezes, durante a execu\u00e7\u00e3o de projetos. A nossa proposta, assim, se constr\u00f3i em ambiente virtual: desde a sele\u00e7\u00e3o de artistas at\u00e9 a pr\u00f3pria exposi\u00e7\u00e3o, por considerarmos um meio seguro de promover a arte e dar acesso ao p\u00fablico.<\/span><\/p>\n<\/div>\n<\/div><\/div><\/div><div id=\"pgc-w5ffc49da4f659-1-1\"  class=\"panel-grid-cell\" ><div id=\"panel-w5ffc49da4f659-1-1-0\" class=\"so-panel widget widget_sow-editor panel-first-child panel-last-child\" data-index=\"2\" ><div\n\t\t\t\n\t\t\tclass=\"so-widget-sow-editor so-widget-sow-editor-base\"\n\t\t\t\n\t\t>\n<div class=\"siteorigin-widget-tinymce textwidget\">\n\t<p style=\"text-align: justify\"><span style=\"color: #ffffff\">Nesse momento, convidamos artistas contempor\u00e2neas para relacionar suas produ\u00e7\u00f5es com as de artistas inseridas na Cole\u00e7\u00e3o S\u00e9culo XX. Entre as selecionadas est\u00e1 P\u00e2mela Foga\u00e7a Lopes que integra a a\u00e7\u00e3o com \u201cBulbo, ou o que brota nas ruas\u201d estabelecendo um elo com \u201cBulbo\u201d (1988) da artista que comp\u00f5e o acervo MALG, T\u00e2nia Resmini. As produ\u00e7\u00f5es t\u00eam como ponto de encontro, al\u00e9m da organicidade da forma, a multiplicidade do termo \u201cra\u00edz\u201d e seus conceitos n\u00e3o s\u00f3 literais, como tamb\u00e9m figurativos. A seguir, Ana Tavares apresenta a obra \u201cM\u00e3e Gentil?\u201d (2020) que dialoga com a pintura \u201cV\u00ednculo\u201d (1988) de Arlinda Nunes. Ambas promovem o olhar de\/para mulheres e refletem uma poss\u00edvel rela\u00e7\u00e3o \u00edntima de prote\u00e7\u00e3o e cuidado m\u00fatuo. E ainda, Fernanda Fedrizzi prop\u00f5e com \u201cTecido Urbano\u201d (2020) uma conex\u00e3o entre si e \u201cRefer\u00eancias Internas\u201d (1989) de S\u00f4nia Moeller. As formas e os materiais org\u00e2nicos da obra de Moeller s\u00e3o disparadores para Fedrizzi que reflete os fluxos urbanos a partir da pr\u00f3pria pele, perpassando as intera\u00e7\u00f5es com a cidade e tudo o mais que a cerca.<\/span><\/p>\n<p style=\"text-align: justify\"><span style=\"color: #ffffff\">Conceitos contempor\u00e2neos se abriram diante da Cole\u00e7\u00e3o S\u00e9culo XX a partir da proposi\u00e7\u00e3o de <em>Mulheres no Acervo do MALG<\/em> que instiga a abordagem de temas pertinentes ao recorte de g\u00eanero. Esperamos que possam usufruir das pontes constru\u00eddas at\u00e9 aqui e nos acompanhem em novas a\u00e7\u00f5es que ir\u00e3o surgir como continuidade do <em>Projeto Mulheres nas Cole\u00e7\u00f5es do MALG<\/em>.<\/span><\/p>\n<p style=\"text-align: right\"><span style=\"color: #ffffff\">Dezembro de 2020<\/span><\/p>\n<p style=\"text-align: right\"><span style=\"color: #ffffff\"><strong>_<\/strong><\/span><\/p>\n<p style=\"text-align: right\"><span style=\"color: #ffffff;font-size: 12pt\"><strong>Amanda Machado Madruga<\/strong><\/span><br \/>\n<span style=\"color: #ffffff;font-size: 10pt\">Coordenadora do Projeto Mulheres no Acervo do MALG<br \/>\nPesquisadora no Laborat\u00f3rio de Curadoria do MALG<br \/>\n<\/span><\/p>\n<p>&nbsp;<\/p>\n<\/div>\n<\/div><\/div><\/div><\/div><\/div><div id=\"pg-w5ffc49da4f659-2\"  class=\"panel-grid panel-has-style\" ><div class=\"siteorigin-panels-stretch panel-row-style panel-row-style-for-w5ffc49da4f659-2\" data-stretch-type=\"full\" ><div id=\"pgc-w5ffc49da4f659-2-0\"  class=\"panel-grid-cell\" ><div id=\"panel-w5ffc49da4f659-2-0-0\" class=\"so-panel widget widget_sow-image panel-first-child\" data-index=\"3\" ><div\n\t\t\t\n\t\t\tclass=\"so-widget-sow-image so-widget-sow-image-default-334eeca80698\"\n\t\t\t\n\t\t>\n<div class=\"sow-image-container\">\n\t\t<img \n\tsrc=\"https:\/\/wp.ufpel.edu.br\/malg\/files\/2020\/12\/nomes-artistas-1.png\" width=\"918\" height=\"360\" srcset=\"https:\/\/wp.ufpel.edu.br\/malg\/files\/2020\/12\/nomes-artistas-1.png 918w, https:\/\/wp.ufpel.edu.br\/malg\/files\/2020\/12\/nomes-artistas-1-400x157.png 400w, https:\/\/wp.ufpel.edu.br\/malg\/files\/2020\/12\/nomes-artistas-1-200x78.png 200w, https:\/\/wp.ufpel.edu.br\/malg\/files\/2020\/12\/nomes-artistas-1-768x301.png 768w\" sizes=\"(max-width: 918px) 100vw, 918px\" title=\"nomes-artistas\" alt=\"\" \t\tclass=\"so-widget-image\"\/>\n\t<\/div>\n\n<\/div><\/div><div id=\"panel-w5ffc49da4f659-2-0-1\" class=\"so-panel widget widget_sow-editor panel-last-child\" data-index=\"4\" ><div\n\t\t\t\n\t\t\tclass=\"so-widget-sow-editor so-widget-sow-editor-base\"\n\t\t\t\n\t\t>\n<div class=\"siteorigin-widget-tinymce textwidget\">\n\t<p style=\"text-align: justify\"><span style=\"color: #ffffff\">&#8220;V\u00ednculo&#8221; \u00e9 o voc\u00e1bulo que d\u00e1 t\u00edtulo \u00e0 uma das obras que comp\u00f5em a Cole\u00e7\u00e3o S\u00e9culo XX do Museu de Arte Leopoldo Gotuzzo. De autoria da artista Arlinda Nunes e datada de 1988, a pintura traz duas figuras femininas com semblantes melanc\u00f3licos. A partir dos expressivos e marejados olhos das mulheres de Nunes, desenvolvi &#8220;M\u00e3e gentil?&#8221;, um bordado em tecido de algod\u00e3o em que referencio as faces presentes no quadro, acompanhadas de um breve trecho do Hino Nacional Brasileiro. V\u00ednculo, olhos, mulheres e melancolia: foram esses os vetores que guiaram meu processo de cria\u00e7\u00e3o a fim de fomentar uma reflex\u00e3o acerca das mais diversas formas de viol\u00eancia contra as mulheres e meninas em nosso pa\u00eds, viol\u00eancia est\u00e1 arraigada em uma cultura fortemente pautada em valores patriarcais. Nesse sentido, este bordado se caracteriza como um manifesto, parte de uma luta que interpela a n\u00f3s, mulheres, empatia e for\u00e7a. Por fim, nossa p\u00e1tria n\u00e3o \u00e9 m\u00e3e, mas um pai autorit\u00e1rio e mis\u00f3gino ao qual n\u00f3s n\u00e3o devemos obedi\u00eancia, mas podemos insurgirmo-nos, a come\u00e7ar por estabelecermos um v\u00ednculo de afeto e cuidado entre n\u00f3s mesmas.<\/span><\/p>\n<p style=\"text-align: right\">\n<p>&nbsp;<\/p>\n<p style=\"text-align: right\"><span style=\"font-size: 10pt;color: #ffffff\"><span style=\"font-size: 12pt\"><strong>M\u00e3e gentil?<\/strong><\/span>, 2020<\/span><br \/>\n<span style=\"font-size: 10pt;color: #ffffff\">Ana Tavares<\/span><br \/>\n<span style=\"font-size: 10pt;color: #ffffff\">Bordado em tecido de algod\u00e3o<\/span><\/p>\n<\/div>\n<\/div><\/div><\/div><div id=\"pgc-w5ffc49da4f659-2-1\"  class=\"panel-grid-cell\" ><div id=\"panel-w5ffc49da4f659-2-1-0\" class=\"so-panel widget widget_sow-slider panel-first-child panel-last-child\" data-index=\"5\" ><div\n\t\t\t\n\t\t\tclass=\"so-widget-sow-slider so-widget-sow-slider-default-6d39609536fd\"\n\t\t\t\n\t\t>\t\t\t\t<div class=\"sow-slider-base\" style=\"display: none\" tabindex=\"0\">\n\t\t\t\t\t<ul\n\t\t\t\t\tclass=\"sow-slider-images\"\n\t\t\t\t\tdata-settings=\"{&quot;pagination&quot;:true,&quot;speed&quot;:800,&quot;timeout&quot;:8000,&quot;paused&quot;:false,&quot;pause_on_hover&quot;:false,&quot;swipe&quot;:true,&quot;nav_always_show_desktop&quot;:&quot;&quot;,&quot;nav_always_show_mobile&quot;:&quot;&quot;,&quot;breakpoint&quot;:&quot;780px&quot;,&quot;unmute&quot;:false,&quot;anchor&quot;:null}\"\n\t\t\t\t\t\t\t\t\t\tdata-anchor-id=\"\"\n\t\t\t\t>\t\t<li class=\"sow-slider-image\" style=\"visibility: visible;;cursor: pointer;\" data-url=\"{&quot;url&quot;:&quot;https:\\\/\\\/wp.ufpel.edu.br\\\/malg\\\/files\\\/2020\\\/12\\\/imagens-obras01-completa.png&quot;,&quot;new_window&quot;:true}\" >\n\t\t\t\t\t\t\t\t\t\t<a href=\"https:\/\/wp.ufpel.edu.br\/malg\/files\/2020\/12\/imagens-obras01-completa.png\"\n\t\t\t\t\t\t\t\t\t\t\t\t\t\t\ttarget=\"_blank\" \t\t\t\t\t\t\t\t\t\t\t\t\t\t\t\t\t\t\t\trel=\"noopener noreferrer\" \t\t\t\t\t\t\t\t\t>\n\t\t\t<img loading=\"lazy\" decoding=\"async\" width=\"700\" height=\"840\" src=\"https:\/\/wp.ufpel.edu.br\/malg\/files\/2020\/12\/base-imagens-obras01-1.png\" class=\"sow-slider-background-image\" alt=\"\" style=\"\" srcset=\"https:\/\/wp.ufpel.edu.br\/malg\/files\/2020\/12\/base-imagens-obras01-1.png 700w, https:\/\/wp.ufpel.edu.br\/malg\/files\/2020\/12\/base-imagens-obras01-1-333x400.png 333w, https:\/\/wp.ufpel.edu.br\/malg\/files\/2020\/12\/base-imagens-obras01-1-167x200.png 167w\" sizes=\"auto, (max-width: 700px) 100vw, 700px\" data-attachment-id=\"2042\" data-permalink=\"https:\/\/wp.ufpel.edu.br\/malg\/mulheres-no-acervo\/base-imagens-obras01-2\/#main\" data-orig-file=\"https:\/\/wp.ufpel.edu.br\/malg\/files\/2020\/12\/base-imagens-obras01-1.png\" data-orig-size=\"700,840\" data-comments-opened=\"0\" data-image-meta=\"{&quot;aperture&quot;:&quot;0&quot;,&quot;credit&quot;:&quot;&quot;,&quot;camera&quot;:&quot;&quot;,&quot;caption&quot;:&quot;&quot;,&quot;created_timestamp&quot;:&quot;0&quot;,&quot;copyright&quot;:&quot;&quot;,&quot;focal_length&quot;:&quot;0&quot;,&quot;iso&quot;:&quot;0&quot;,&quot;shutter_speed&quot;:&quot;0&quot;,&quot;title&quot;:&quot;&quot;,&quot;orientation&quot;:&quot;0&quot;}\" data-image-title=\"base-imagens-obras01\" data-image-description=\"\" data-image-caption=\"\" data-medium-file=\"https:\/\/wp.ufpel.edu.br\/malg\/files\/2020\/12\/base-imagens-obras01-1-333x400.png\" data-large-file=\"https:\/\/wp.ufpel.edu.br\/malg\/files\/2020\/12\/base-imagens-obras01-1.png\" \/><\/a>\t\t<\/li>\n\t\t\t\t<li class=\"sow-slider-image\" style=\"visibility: hidden;;cursor: pointer;\" data-url=\"{&quot;url&quot;:&quot;https:\\\/\\\/wp.ufpel.edu.br\\\/malg\\\/files\\\/2020\\\/12\\\/imagens-obras02-completa.png&quot;,&quot;new_window&quot;:true}\" >\n\t\t\t\t\t\t\t\t\t\t<a href=\"https:\/\/wp.ufpel.edu.br\/malg\/files\/2020\/12\/imagens-obras02-completa.png\"\n\t\t\t\t\t\t\t\t\t\t\t\t\t\t\ttarget=\"_blank\" \t\t\t\t\t\t\t\t\t\t\t\t\t\t\t\t\t\t\t\trel=\"noopener noreferrer\" \t\t\t\t\t\t\t\t\t>\n\t\t\t<img loading=\"lazy\" decoding=\"async\" width=\"700\" height=\"840\" src=\"https:\/\/wp.ufpel.edu.br\/malg\/files\/2020\/12\/base-imagens-obras02-1.png\" class=\"sow-slider-background-image\" alt=\"\" style=\"\" srcset=\"https:\/\/wp.ufpel.edu.br\/malg\/files\/2020\/12\/base-imagens-obras02-1.png 700w, https:\/\/wp.ufpel.edu.br\/malg\/files\/2020\/12\/base-imagens-obras02-1-333x400.png 333w, https:\/\/wp.ufpel.edu.br\/malg\/files\/2020\/12\/base-imagens-obras02-1-167x200.png 167w\" sizes=\"auto, (max-width: 700px) 100vw, 700px\" data-attachment-id=\"2043\" data-permalink=\"https:\/\/wp.ufpel.edu.br\/malg\/mulheres-no-acervo\/base-imagens-obras02-2\/#main\" data-orig-file=\"https:\/\/wp.ufpel.edu.br\/malg\/files\/2020\/12\/base-imagens-obras02-1.png\" data-orig-size=\"700,840\" data-comments-opened=\"0\" data-image-meta=\"{&quot;aperture&quot;:&quot;0&quot;,&quot;credit&quot;:&quot;&quot;,&quot;camera&quot;:&quot;&quot;,&quot;caption&quot;:&quot;&quot;,&quot;created_timestamp&quot;:&quot;0&quot;,&quot;copyright&quot;:&quot;&quot;,&quot;focal_length&quot;:&quot;0&quot;,&quot;iso&quot;:&quot;0&quot;,&quot;shutter_speed&quot;:&quot;0&quot;,&quot;title&quot;:&quot;&quot;,&quot;orientation&quot;:&quot;0&quot;}\" data-image-title=\"base-imagens-obras02\" data-image-description=\"\" data-image-caption=\"\" data-medium-file=\"https:\/\/wp.ufpel.edu.br\/malg\/files\/2020\/12\/base-imagens-obras02-1-333x400.png\" data-large-file=\"https:\/\/wp.ufpel.edu.br\/malg\/files\/2020\/12\/base-imagens-obras02-1.png\" \/><\/a>\t\t<\/li>\n\t\t<\/ul>\t\t\t\t<ol class=\"sow-slider-pagination\">\n\t\t\t\t\t\t\t\t\t\t\t<li><a href=\"#\" data-goto=\"0\" aria-label=\"Display slide 1\"><\/a><\/li>\n\t\t\t\t\t\t\t\t\t\t\t<li><a href=\"#\" data-goto=\"1\" aria-label=\"Display slide 2\"><\/a><\/li>\n\t\t\t\t\t\t\t\t\t<\/ol>\n\n\t\t\t\t<div class=\"sow-slide-nav sow-slide-nav-next\">\n\t\t\t\t\t<a href=\"#\" data-goto=\"next\" aria-label=\"Next slide\" data-action=\"next\">\n\t\t\t\t\t\t<em class=\"sow-sld-icon-thin-right\"><\/em>\n\t\t\t\t\t<\/a>\n\t\t\t\t<\/div>\n\n\t\t\t\t<div class=\"sow-slide-nav sow-slide-nav-prev\">\n\t\t\t\t\t<a href=\"#\" data-goto=\"previous\" aria-label=\"Previous slide\" data-action=\"prev\">\n\t\t\t\t\t\t<em class=\"sow-sld-icon-thin-left\"><\/em>\n\t\t\t\t\t<\/a>\n\t\t\t\t<\/div>\n\t\t\t\t<\/div><\/div><\/div><\/div><\/div><\/div><div id=\"pg-w5ffc49da4f659-3\"  class=\"panel-grid panel-has-style\" ><div class=\"siteorigin-panels-stretch panel-row-style panel-row-style-for-w5ffc49da4f659-3\" data-stretch-type=\"full\" ><div id=\"pgc-w5ffc49da4f659-3-0\"  class=\"panel-grid-cell\" ><div id=\"panel-w5ffc49da4f659-3-0-0\" class=\"so-panel widget widget_sow-slider panel-first-child panel-last-child\" data-index=\"6\" ><div\n\t\t\t\n\t\t\tclass=\"so-widget-sow-slider so-widget-sow-slider-default-6d39609536fd\"\n\t\t\t\n\t\t>\t\t\t\t<div class=\"sow-slider-base\" style=\"display: none\" tabindex=\"0\">\n\t\t\t\t\t<ul\n\t\t\t\t\tclass=\"sow-slider-images\"\n\t\t\t\t\tdata-settings=\"{&quot;pagination&quot;:true,&quot;speed&quot;:800,&quot;timeout&quot;:8000,&quot;paused&quot;:false,&quot;pause_on_hover&quot;:false,&quot;swipe&quot;:true,&quot;nav_always_show_desktop&quot;:&quot;&quot;,&quot;nav_always_show_mobile&quot;:&quot;&quot;,&quot;breakpoint&quot;:&quot;780px&quot;,&quot;unmute&quot;:false,&quot;anchor&quot;:null}\"\n\t\t\t\t\t\t\t\t\t\tdata-anchor-id=\"\"\n\t\t\t\t>\t\t<li class=\"sow-slider-image\" style=\"visibility: visible;;cursor: pointer;\" data-url=\"{&quot;url&quot;:&quot;https:\\\/\\\/wp.ufpel.edu.br\\\/malg\\\/files\\\/2020\\\/12\\\/imagens-obras03-completa.png&quot;,&quot;new_window&quot;:true}\" >\n\t\t\t\t\t\t\t\t\t\t<a href=\"https:\/\/wp.ufpel.edu.br\/malg\/files\/2020\/12\/imagens-obras03-completa.png\"\n\t\t\t\t\t\t\t\t\t\t\t\t\t\t\ttarget=\"_blank\" \t\t\t\t\t\t\t\t\t\t\t\t\t\t\t\t\t\t\t\trel=\"noopener noreferrer\" \t\t\t\t\t\t\t\t\t>\n\t\t\t<img loading=\"lazy\" decoding=\"async\" width=\"610\" height=\"820\" src=\"https:\/\/wp.ufpel.edu.br\/malg\/files\/2020\/12\/base-imagens-obras03-1.png\" class=\"sow-slider-background-image\" alt=\"\" style=\"\" srcset=\"https:\/\/wp.ufpel.edu.br\/malg\/files\/2020\/12\/base-imagens-obras03-1.png 610w, https:\/\/wp.ufpel.edu.br\/malg\/files\/2020\/12\/base-imagens-obras03-1-298x400.png 298w, https:\/\/wp.ufpel.edu.br\/malg\/files\/2020\/12\/base-imagens-obras03-1-149x200.png 149w\" sizes=\"auto, (max-width: 610px) 100vw, 610px\" data-attachment-id=\"2065\" data-permalink=\"https:\/\/wp.ufpel.edu.br\/malg\/mulheres-no-acervo\/base-imagens-obras03-2\/#main\" data-orig-file=\"https:\/\/wp.ufpel.edu.br\/malg\/files\/2020\/12\/base-imagens-obras03-1.png\" data-orig-size=\"610,820\" data-comments-opened=\"0\" data-image-meta=\"{&quot;aperture&quot;:&quot;0&quot;,&quot;credit&quot;:&quot;&quot;,&quot;camera&quot;:&quot;&quot;,&quot;caption&quot;:&quot;&quot;,&quot;created_timestamp&quot;:&quot;0&quot;,&quot;copyright&quot;:&quot;&quot;,&quot;focal_length&quot;:&quot;0&quot;,&quot;iso&quot;:&quot;0&quot;,&quot;shutter_speed&quot;:&quot;0&quot;,&quot;title&quot;:&quot;&quot;,&quot;orientation&quot;:&quot;0&quot;}\" data-image-title=\"base-imagens-obras03\" data-image-description=\"\" data-image-caption=\"\" data-medium-file=\"https:\/\/wp.ufpel.edu.br\/malg\/files\/2020\/12\/base-imagens-obras03-1-298x400.png\" data-large-file=\"https:\/\/wp.ufpel.edu.br\/malg\/files\/2020\/12\/base-imagens-obras03-1.png\" \/><\/a>\t\t<\/li>\n\t\t\t\t<li class=\"sow-slider-image\" style=\"visibility: hidden;;cursor: pointer;\" data-url=\"{&quot;url&quot;:&quot;https:\\\/\\\/wp.ufpel.edu.br\\\/malg\\\/files\\\/2020\\\/12\\\/imagens-obras04-completa.png&quot;,&quot;new_window&quot;:true}\" >\n\t\t\t\t\t\t\t\t\t\t<a href=\"https:\/\/wp.ufpel.edu.br\/malg\/files\/2020\/12\/imagens-obras04-completa.png\"\n\t\t\t\t\t\t\t\t\t\t\t\t\t\t\ttarget=\"_blank\" \t\t\t\t\t\t\t\t\t\t\t\t\t\t\t\t\t\t\t\trel=\"noopener noreferrer\" \t\t\t\t\t\t\t\t\t>\n\t\t\t<img loading=\"lazy\" decoding=\"async\" width=\"610\" height=\"820\" src=\"https:\/\/wp.ufpel.edu.br\/malg\/files\/2020\/12\/base-imagens-obras04-1.png\" class=\"sow-slider-background-image\" alt=\"\" style=\"\" srcset=\"https:\/\/wp.ufpel.edu.br\/malg\/files\/2020\/12\/base-imagens-obras04-1.png 610w, https:\/\/wp.ufpel.edu.br\/malg\/files\/2020\/12\/base-imagens-obras04-1-298x400.png 298w, https:\/\/wp.ufpel.edu.br\/malg\/files\/2020\/12\/base-imagens-obras04-1-149x200.png 149w\" sizes=\"auto, (max-width: 610px) 100vw, 610px\" data-attachment-id=\"2066\" data-permalink=\"https:\/\/wp.ufpel.edu.br\/malg\/mulheres-no-acervo\/base-imagens-obras04-2\/#main\" data-orig-file=\"https:\/\/wp.ufpel.edu.br\/malg\/files\/2020\/12\/base-imagens-obras04-1.png\" data-orig-size=\"610,820\" data-comments-opened=\"0\" data-image-meta=\"{&quot;aperture&quot;:&quot;0&quot;,&quot;credit&quot;:&quot;&quot;,&quot;camera&quot;:&quot;&quot;,&quot;caption&quot;:&quot;&quot;,&quot;created_timestamp&quot;:&quot;0&quot;,&quot;copyright&quot;:&quot;&quot;,&quot;focal_length&quot;:&quot;0&quot;,&quot;iso&quot;:&quot;0&quot;,&quot;shutter_speed&quot;:&quot;0&quot;,&quot;title&quot;:&quot;&quot;,&quot;orientation&quot;:&quot;0&quot;}\" data-image-title=\"base-imagens-obras04\" data-image-description=\"\" data-image-caption=\"\" data-medium-file=\"https:\/\/wp.ufpel.edu.br\/malg\/files\/2020\/12\/base-imagens-obras04-1-298x400.png\" data-large-file=\"https:\/\/wp.ufpel.edu.br\/malg\/files\/2020\/12\/base-imagens-obras04-1.png\" \/><\/a>\t\t<\/li>\n\t\t<\/ul>\t\t\t\t<ol class=\"sow-slider-pagination\">\n\t\t\t\t\t\t\t\t\t\t\t<li><a href=\"#\" data-goto=\"0\" aria-label=\"Display slide 1\"><\/a><\/li>\n\t\t\t\t\t\t\t\t\t\t\t<li><a href=\"#\" data-goto=\"1\" aria-label=\"Display slide 2\"><\/a><\/li>\n\t\t\t\t\t\t\t\t\t<\/ol>\n\n\t\t\t\t<div class=\"sow-slide-nav sow-slide-nav-next\">\n\t\t\t\t\t<a href=\"#\" data-goto=\"next\" aria-label=\"Next slide\" data-action=\"next\">\n\t\t\t\t\t\t<em class=\"sow-sld-icon-thin-right\"><\/em>\n\t\t\t\t\t<\/a>\n\t\t\t\t<\/div>\n\n\t\t\t\t<div class=\"sow-slide-nav sow-slide-nav-prev\">\n\t\t\t\t\t<a href=\"#\" data-goto=\"previous\" aria-label=\"Previous slide\" data-action=\"prev\">\n\t\t\t\t\t\t<em class=\"sow-sld-icon-thin-left\"><\/em>\n\t\t\t\t\t<\/a>\n\t\t\t\t<\/div>\n\t\t\t\t<\/div><\/div><\/div><\/div><div id=\"pgc-w5ffc49da4f659-3-1\"  class=\"panel-grid-cell\" ><div id=\"panel-w5ffc49da4f659-3-1-0\" class=\"so-panel widget widget_sow-image panel-first-child\" data-index=\"7\" ><div class=\"panel-widget-style panel-widget-style-for-w5ffc49da4f659-3-1-0\" ><div\n\t\t\t\n\t\t\tclass=\"so-widget-sow-image so-widget-sow-image-default-a2b707aaa6ea\"\n\t\t\t\n\t\t>\n<div class=\"sow-image-container\">\n\t\t<img \n\tsrc=\"https:\/\/wp.ufpel.edu.br\/malg\/files\/2020\/12\/nomes-artistas01.png\" width=\"918\" height=\"360\" srcset=\"https:\/\/wp.ufpel.edu.br\/malg\/files\/2020\/12\/nomes-artistas01.png 918w, https:\/\/wp.ufpel.edu.br\/malg\/files\/2020\/12\/nomes-artistas01-400x157.png 400w, https:\/\/wp.ufpel.edu.br\/malg\/files\/2020\/12\/nomes-artistas01-200x78.png 200w, https:\/\/wp.ufpel.edu.br\/malg\/files\/2020\/12\/nomes-artistas01-768x301.png 768w\" sizes=\"(max-width: 918px) 100vw, 918px\" alt=\"\" \t\tclass=\"so-widget-image\"\/>\n\t<\/div>\n\n<\/div><\/div><\/div><div id=\"panel-w5ffc49da4f659-3-1-1\" class=\"so-panel widget widget_sow-editor panel-last-child\" data-index=\"8\" ><div\n\t\t\t\n\t\t\tclass=\"so-widget-sow-editor so-widget-sow-editor-base\"\n\t\t\t\n\t\t>\n<div class=\"siteorigin-widget-tinymce textwidget\">\n\t<p style=\"text-align: justify\"><span style=\"color: #ffffff\">Ao entrar em contato com o trabalho \u201cRefer\u00eancias internas\u201d (1989), de Sonia Moeller, imediatamente conectei a imagem aos mapas axiais. Estes mapas s\u00e3o utilizados para medir a intera\u00e7\u00e3o local e global de um tecido urbano, uma cidade, por meio de suas conex\u00f5es vi\u00e1rias. Comumente possuem um n\u00facleo com maior conectividade, com linhas mais agrupadas, e bordas mais difusas, assim como pode ser visto em \u201cRefer\u00eancias internas\u201d. Me surpreendi ao observar que Sonia Moeller utilizou pelo de cavalo e papel sobre madeira para desenvolver a obra, materiais org\u00e2nicos, imaginei que seriam tra\u00e7os de tinta. Pensando nisso, desenvolvi o trabalho \u201cTecido urbano\u201d: uma fotografia da sola do meu p\u00e9, como se encontrava no momento em que fazia algumas reflex\u00f5es e decidi registrar minha pele, ressecado e um pouco sujo, pois ando de p\u00e9s descal\u00e7os em casa. A pele humana \u00e9 repleta de mapas axiais, especialmente na palma das m\u00e3os e na sola dos p\u00e9s, tamb\u00e9m nas dobras, axilas, cotovelos, joelhos e nos rastros das mudan\u00e7as, estriais, marcas de express\u00e3o, tatuagens e, no meu caso, por todos os lugares onde a psor\u00edase se instalou. Os mapas axiais do corpo representam, de certo modo, nossas intera\u00e7\u00f5es locais e globais com aquilo que nos tece, atravessa e modifica. A rela\u00e7\u00e3o que percebo entre o trabalho de Sonia Moeller e o \u201cTecido urbano\u201d se d\u00e1 pelo material org\u00e2nico, pelo e pele, pela trama e pelo t\u00edtulo \u201cRefer\u00eancias internas\u201d que foi o que me permitiu ver um mapa axial na obra da artista e, construindo conex\u00f5es com meus referenciais, percebesse o tecido que desenha as intera\u00e7\u00f5es do meu corpo com aquilo que me cerca. <\/span><\/p>\n<p>&nbsp;<\/p>\n<p style=\"text-align: right\"><span style=\"font-size: 10pt;color: #ffffff\"><span style=\"font-size: 12pt\"><strong>Tecido urbano<\/strong><\/span>, 2020<\/span><br \/>\n<span style=\"font-size: 10pt;color: #ffffff\">Fernanda Fedrizzi Loureiro de Lima<\/span><br \/>\n<span style=\"font-size: 10pt;color: #ffffff\">Fotografia Digital<\/span><\/p>\n<\/div>\n<\/div><\/div><\/div><\/div><\/div><div id=\"pg-w5ffc49da4f659-4\"  class=\"panel-grid panel-has-style\" ><div class=\"siteorigin-panels-stretch panel-row-style panel-row-style-for-w5ffc49da4f659-4\" data-stretch-type=\"full\" ><div id=\"pgc-w5ffc49da4f659-4-0\"  class=\"panel-grid-cell\" ><div id=\"panel-w5ffc49da4f659-4-0-0\" class=\"so-panel widget widget_sow-image panel-first-child\" data-index=\"9\" ><div\n\t\t\t\n\t\t\tclass=\"so-widget-sow-image so-widget-sow-image-default-334eeca80698\"\n\t\t\t\n\t\t>\n<div class=\"sow-image-container\">\n\t\t<img \n\tsrc=\"https:\/\/wp.ufpel.edu.br\/malg\/files\/2020\/12\/nomes-artistas02.png\" width=\"918\" height=\"360\" srcset=\"https:\/\/wp.ufpel.edu.br\/malg\/files\/2020\/12\/nomes-artistas02.png 918w, https:\/\/wp.ufpel.edu.br\/malg\/files\/2020\/12\/nomes-artistas02-400x157.png 400w, https:\/\/wp.ufpel.edu.br\/malg\/files\/2020\/12\/nomes-artistas02-200x78.png 200w, https:\/\/wp.ufpel.edu.br\/malg\/files\/2020\/12\/nomes-artistas02-768x301.png 768w\" sizes=\"(max-width: 918px) 100vw, 918px\" alt=\"\" \t\tclass=\"so-widget-image\"\/>\n\t<\/div>\n\n<\/div><\/div><div id=\"panel-w5ffc49da4f659-4-0-1\" class=\"so-panel widget widget_sow-editor panel-last-child\" data-index=\"10\" ><div\n\t\t\t\n\t\t\tclass=\"so-widget-sow-editor so-widget-sow-editor-base\"\n\t\t\t\n\t\t>\n<div class=\"siteorigin-widget-tinymce textwidget\">\n\t<p style=\"text-align: justify\"><span style=\"color: #ffffff\">O trabalho &#8220;Bulbo, ou o que brota nas ruas&#8221; \u00e9 uma experimenta\u00e7\u00e3o em performance e colagem digital, a partir da obra Bulbo (1988), de Tania Resmini. A figura que aparece na imagem \u00e9 uma \u201ccapucha roja\u201d, personagem que nasce dentro dos movimentos feministas que eclodiram no Chile em 2018, e que para P\u00e2mela, a artista que prop\u00f5e esta nova obra, surge como uma possibilidade em sua pesquisa em performance, de encontro com um s\u00edmbolo de luta coletiva, mas tamb\u00e9m como uma m\u00e1scara que a leva para percep\u00e7\u00f5es \u00edntimas. A rela\u00e7\u00e3o com a obra \u201cBulbo\u201d se d\u00e1 na composi\u00e7\u00e3o figurativa dos chifres e na ideia de raiz, semente ou planta, que o nome sugere, e que nasce nessas manifesta\u00e7\u00f5es.<\/span><\/p>\n<p>&nbsp;<\/p>\n<p>&nbsp;<\/p>\n<p style=\"text-align: right\"><span style=\"color: #ffffff\"><span style=\"font-size: 12pt\"><strong>Bulbo, ou o que brota nas ruas<\/strong><\/span><span style=\"font-size: 10pt\">, 2020<\/span><\/span><br \/>\n<span style=\"font-size: 10pt;color: #ffffff\">P\u00e2mela Foga\u00e7a Lopes<\/span><br \/>\n<span style=\"font-size: 10pt;color: #ffffff\">Colagem digital a partir de registro de performance<\/span><\/p>\n<\/div>\n<\/div><\/div><\/div><div id=\"pgc-w5ffc49da4f659-4-1\"  class=\"panel-grid-cell\" ><div id=\"panel-w5ffc49da4f659-4-1-0\" class=\"so-panel widget widget_sow-slider panel-first-child panel-last-child\" data-index=\"11\" ><div\n\t\t\t\n\t\t\tclass=\"so-widget-sow-slider so-widget-sow-slider-default-6d39609536fd\"\n\t\t\t\n\t\t>\t\t\t\t<div class=\"sow-slider-base\" style=\"display: none\" tabindex=\"0\">\n\t\t\t\t\t<ul\n\t\t\t\t\tclass=\"sow-slider-images\"\n\t\t\t\t\tdata-settings=\"{&quot;pagination&quot;:true,&quot;speed&quot;:800,&quot;timeout&quot;:8000,&quot;paused&quot;:false,&quot;pause_on_hover&quot;:false,&quot;swipe&quot;:true,&quot;nav_always_show_desktop&quot;:&quot;&quot;,&quot;nav_always_show_mobile&quot;:&quot;&quot;,&quot;breakpoint&quot;:&quot;780px&quot;,&quot;unmute&quot;:false,&quot;anchor&quot;:null}\"\n\t\t\t\t\t\t\t\t\t\tdata-anchor-id=\"\"\n\t\t\t\t>\t\t<li class=\"sow-slider-image\" style=\"visibility: visible;;cursor: pointer;\" data-url=\"{&quot;url&quot;:&quot;https:\\\/\\\/wp.ufpel.edu.br\\\/malg\\\/files\\\/2020\\\/12\\\/imagens-obras05-completa.png&quot;,&quot;new_window&quot;:true}\" >\n\t\t\t\t\t\t\t\t\t\t<a href=\"https:\/\/wp.ufpel.edu.br\/malg\/files\/2020\/12\/imagens-obras05-completa.png\"\n\t\t\t\t\t\t\t\t\t\t\t\t\t\t\ttarget=\"_blank\" \t\t\t\t\t\t\t\t\t\t\t\t\t\t\t\t\t\t\t\trel=\"noopener noreferrer\" \t\t\t\t\t\t\t\t\t>\n\t\t\t<img loading=\"lazy\" decoding=\"async\" width=\"700\" height=\"840\" src=\"https:\/\/wp.ufpel.edu.br\/malg\/files\/2020\/12\/base-imagens-obras05.png\" class=\"sow-slider-background-image\" alt=\"\" style=\"\" srcset=\"https:\/\/wp.ufpel.edu.br\/malg\/files\/2020\/12\/base-imagens-obras05.png 700w, https:\/\/wp.ufpel.edu.br\/malg\/files\/2020\/12\/base-imagens-obras05-333x400.png 333w, https:\/\/wp.ufpel.edu.br\/malg\/files\/2020\/12\/base-imagens-obras05-167x200.png 167w\" sizes=\"auto, (max-width: 700px) 100vw, 700px\" data-attachment-id=\"2054\" data-permalink=\"https:\/\/wp.ufpel.edu.br\/malg\/mulheres-no-acervo\/base-imagens-obras05\/#main\" data-orig-file=\"https:\/\/wp.ufpel.edu.br\/malg\/files\/2020\/12\/base-imagens-obras05.png\" data-orig-size=\"700,840\" data-comments-opened=\"0\" data-image-meta=\"{&quot;aperture&quot;:&quot;0&quot;,&quot;credit&quot;:&quot;&quot;,&quot;camera&quot;:&quot;&quot;,&quot;caption&quot;:&quot;&quot;,&quot;created_timestamp&quot;:&quot;0&quot;,&quot;copyright&quot;:&quot;&quot;,&quot;focal_length&quot;:&quot;0&quot;,&quot;iso&quot;:&quot;0&quot;,&quot;shutter_speed&quot;:&quot;0&quot;,&quot;title&quot;:&quot;&quot;,&quot;orientation&quot;:&quot;0&quot;}\" data-image-title=\"base-imagens-obras05\" data-image-description=\"\" data-image-caption=\"\" data-medium-file=\"https:\/\/wp.ufpel.edu.br\/malg\/files\/2020\/12\/base-imagens-obras05-333x400.png\" data-large-file=\"https:\/\/wp.ufpel.edu.br\/malg\/files\/2020\/12\/base-imagens-obras05.png\" \/><\/a>\t\t<\/li>\n\t\t\t\t<li class=\"sow-slider-image\" style=\"visibility: hidden;;cursor: pointer;\" data-url=\"{&quot;url&quot;:&quot;https:\\\/\\\/wp.ufpel.edu.br\\\/malg\\\/files\\\/2020\\\/12\\\/imagens-obras06-completa.png&quot;,&quot;new_window&quot;:true}\" >\n\t\t\t\t\t\t\t\t\t\t<a href=\"https:\/\/wp.ufpel.edu.br\/malg\/files\/2020\/12\/imagens-obras06-completa.png\"\n\t\t\t\t\t\t\t\t\t\t\t\t\t\t\ttarget=\"_blank\" \t\t\t\t\t\t\t\t\t\t\t\t\t\t\t\t\t\t\t\trel=\"noopener noreferrer\" \t\t\t\t\t\t\t\t\t>\n\t\t\t<img loading=\"lazy\" decoding=\"async\" width=\"700\" height=\"840\" src=\"https:\/\/wp.ufpel.edu.br\/malg\/files\/2020\/12\/base-imagens-obras06.png\" class=\"sow-slider-background-image\" alt=\"\" style=\"\" srcset=\"https:\/\/wp.ufpel.edu.br\/malg\/files\/2020\/12\/base-imagens-obras06.png 700w, https:\/\/wp.ufpel.edu.br\/malg\/files\/2020\/12\/base-imagens-obras06-333x400.png 333w, https:\/\/wp.ufpel.edu.br\/malg\/files\/2020\/12\/base-imagens-obras06-167x200.png 167w\" sizes=\"auto, (max-width: 700px) 100vw, 700px\" data-attachment-id=\"2055\" data-permalink=\"https:\/\/wp.ufpel.edu.br\/malg\/mulheres-no-acervo\/base-imagens-obras06\/#main\" data-orig-file=\"https:\/\/wp.ufpel.edu.br\/malg\/files\/2020\/12\/base-imagens-obras06.png\" data-orig-size=\"700,840\" data-comments-opened=\"0\" data-image-meta=\"{&quot;aperture&quot;:&quot;0&quot;,&quot;credit&quot;:&quot;&quot;,&quot;camera&quot;:&quot;&quot;,&quot;caption&quot;:&quot;&quot;,&quot;created_timestamp&quot;:&quot;0&quot;,&quot;copyright&quot;:&quot;&quot;,&quot;focal_length&quot;:&quot;0&quot;,&quot;iso&quot;:&quot;0&quot;,&quot;shutter_speed&quot;:&quot;0&quot;,&quot;title&quot;:&quot;&quot;,&quot;orientation&quot;:&quot;0&quot;}\" data-image-title=\"base-imagens-obras06\" data-image-description=\"\" data-image-caption=\"\" data-medium-file=\"https:\/\/wp.ufpel.edu.br\/malg\/files\/2020\/12\/base-imagens-obras06-333x400.png\" data-large-file=\"https:\/\/wp.ufpel.edu.br\/malg\/files\/2020\/12\/base-imagens-obras06.png\" \/><\/a>\t\t<\/li>\n\t\t<\/ul>\t\t\t\t<ol class=\"sow-slider-pagination\">\n\t\t\t\t\t\t\t\t\t\t\t<li><a href=\"#\" data-goto=\"0\" aria-label=\"Display slide 1\"><\/a><\/li>\n\t\t\t\t\t\t\t\t\t\t\t<li><a href=\"#\" data-goto=\"1\" aria-label=\"Display slide 2\"><\/a><\/li>\n\t\t\t\t\t\t\t\t\t<\/ol>\n\n\t\t\t\t<div class=\"sow-slide-nav sow-slide-nav-next\">\n\t\t\t\t\t<a href=\"#\" data-goto=\"next\" aria-label=\"Next slide\" data-action=\"next\">\n\t\t\t\t\t\t<em class=\"sow-sld-icon-thin-right\"><\/em>\n\t\t\t\t\t<\/a>\n\t\t\t\t<\/div>\n\n\t\t\t\t<div class=\"sow-slide-nav sow-slide-nav-prev\">\n\t\t\t\t\t<a href=\"#\" data-goto=\"previous\" aria-label=\"Previous slide\" data-action=\"prev\">\n\t\t\t\t\t\t<em class=\"sow-sld-icon-thin-left\"><\/em>\n\t\t\t\t\t<\/a>\n\t\t\t\t<\/div>\n\t\t\t\t<\/div><\/div><\/div><\/div><\/div><\/div><div id=\"pg-w5ffc49da4f659-5\"  class=\"panel-grid panel-has-style\" ><div class=\"siteorigin-panels-stretch panel-row-style panel-row-style-for-w5ffc49da4f659-5\" data-stretch-type=\"full\" ><div id=\"pgc-w5ffc49da4f659-5-0\"  class=\"panel-grid-cell\" ><div id=\"panel-w5ffc49da4f659-5-0-0\" class=\"so-panel widget widget_sow-editor panel-first-child panel-last-child\" data-index=\"12\" ><div\n\t\t\t\n\t\t\tclass=\"so-widget-sow-editor so-widget-sow-editor-base\"\n\t\t\t\n\t\t>\n<div class=\"siteorigin-widget-tinymce textwidget\">\n\t<p><span style=\"font-size: 14pt;color: #ffffff\"><strong>ARLINDA NUNES<\/strong><\/span><\/p>\n<p style=\"text-align: justify\"><span style=\"color: #ffffff\">Arlinda Nunes \u00e9 artista pelotense e professora de artes, formou-se na Escola de Belas Artes de Pelotas em 1954. Atuante no campo art\u00edstico por quase setenta anos atrav\u00e9s de sua obra com vi\u00e9s modernista, expondo no Brasil e no exterior. Foi aluna de Inah D\u2019\u00c1vila Costa em um momento de intensa produ\u00e7\u00e3o colaborando significativamente em sua forma\u00e7\u00e3o. Al\u00e9m disso, integrou o Movimento Art\u00edstico Pelotense (MAP) e auxiliou na promo\u00e7\u00e3o de eventos como Sal\u00f5es de Arte e exposi\u00e7\u00f5es em galerias na cidade de Pelotas.<\/span><\/p>\n<p>&nbsp;<\/p>\n<p><span style=\"font-size: 14pt;color: #ffffff\"><strong>T\u00c2NIA RESMINI<\/strong><\/span><\/p>\n<p style=\"text-align: justify\"><span style=\"color: #ffffff\">T\u00e2nia Resmini nasceu em Santana do Livramento\/RS em 1950, mas ainda jovem mudou-se para Porto Alegre\/RS. Sua vida profissional come\u00e7ou a partir da enfermagem at\u00e9 que os meios art\u00edsticos despertaram o seu interesse e com a cer\u00e2mica decidiu mudar o campo de atua\u00e7\u00e3o. Foi aluna de Francesca Ducceschi onde desenvolveu suas habilidades t\u00e9cnicas. Na sequ\u00eancia, manteve uma constante produ\u00e7\u00e3o que resultou em uma fase de esculturas denominadas <em>bulbos<\/em>. Suas formas org\u00e2nicas foram aceitas e expostas em diversos lugares do Brasil e do mundo, abordando a tem\u00e1tica da natureza atrav\u00e9s das formas tuberculares.<\/span><\/p>\n<p>&nbsp;<\/p>\n<p><span style=\"font-size: 14pt;color: #ffffff\"><strong>S\u00d4NIA MOELLER<\/strong><\/span><\/p>\n<p style=\"text-align: justify\"><span style=\"color: #ffffff\">S\u00f4nia Moeller, artista e professora de artes, nasceu em Porto Alegre\/RS em 1942. Desenvolveu sua produ\u00e7\u00e3o em arte t\u00eaxtil com t\u00e9cnicas em tape\u00e7aria incluindo o uso de materiais naturais como crina de cavalo e fios vegetais. Foi integrante do Centro Brasileiro de Tape\u00e7aria Contempor\u00e2nea (CBTC), atuando tamb\u00e9m em sua funda\u00e7\u00e3o. Participou de diversas exposi\u00e7\u00f5es incluindo a recente \u201cA mem\u00f3ria que se tece\u201d na Pinacoteca Bar\u00e3o de Santo \u00c2ngelo (Porto Alegre\/RS) em 2019.<\/span><\/p>\n<\/div>\n<\/div><\/div><\/div><div id=\"pgc-w5ffc49da4f659-5-1\"  class=\"panel-grid-cell\" ><div id=\"panel-w5ffc49da4f659-5-1-0\" class=\"so-panel widget widget_sow-image panel-first-child panel-last-child\" data-index=\"13\" ><div\n\t\t\t\n\t\t\tclass=\"so-widget-sow-image so-widget-sow-image-default-334eeca80698\"\n\t\t\t\n\t\t>\n<div class=\"sow-image-container\">\n\t\t<img \n\tsrc=\"https:\/\/wp.ufpel.edu.br\/malg\/files\/2020\/12\/nomes-artistas-templete01-1.png\" width=\"918\" height=\"360\" srcset=\"https:\/\/wp.ufpel.edu.br\/malg\/files\/2020\/12\/nomes-artistas-templete01-1.png 918w, https:\/\/wp.ufpel.edu.br\/malg\/files\/2020\/12\/nomes-artistas-templete01-1-400x157.png 400w, https:\/\/wp.ufpel.edu.br\/malg\/files\/2020\/12\/nomes-artistas-templete01-1-200x78.png 200w, https:\/\/wp.ufpel.edu.br\/malg\/files\/2020\/12\/nomes-artistas-templete01-1-768x301.png 768w\" sizes=\"(max-width: 918px) 100vw, 918px\" title=\"nomes-artistas-templete01\" alt=\"\" \t\tclass=\"so-widget-image\"\/>\n\t<\/div>\n\n<\/div><\/div><\/div><\/div><\/div><div id=\"pg-w5ffc49da4f659-6\"  class=\"panel-grid panel-has-style\" ><div class=\"siteorigin-panels-stretch panel-row-style panel-row-style-for-w5ffc49da4f659-6\" data-stretch-type=\"full\" ><div id=\"pgc-w5ffc49da4f659-6-0\"  class=\"panel-grid-cell\" ><div id=\"panel-w5ffc49da4f659-6-0-0\" class=\"so-panel widget widget_sow-image panel-first-child\" data-index=\"14\" ><div\n\t\t\t\n\t\t\tclass=\"so-widget-sow-image so-widget-sow-image-default-334eeca80698\"\n\t\t\t\n\t\t>\n<div class=\"sow-image-container\">\n\t\t<img \n\tsrc=\"https:\/\/wp.ufpel.edu.br\/malg\/files\/2020\/12\/nomes-artistas-templete02-1.png\" width=\"918\" height=\"360\" srcset=\"https:\/\/wp.ufpel.edu.br\/malg\/files\/2020\/12\/nomes-artistas-templete02-1.png 918w, https:\/\/wp.ufpel.edu.br\/malg\/files\/2020\/12\/nomes-artistas-templete02-1-400x157.png 400w, https:\/\/wp.ufpel.edu.br\/malg\/files\/2020\/12\/nomes-artistas-templete02-1-200x78.png 200w, https:\/\/wp.ufpel.edu.br\/malg\/files\/2020\/12\/nomes-artistas-templete02-1-768x301.png 768w\" sizes=\"(max-width: 918px) 100vw, 918px\" title=\"nomes-artistas-templete02\" alt=\"\" \t\tclass=\"so-widget-image\"\/>\n\t<\/div>\n\n<\/div><\/div><\/div><div id=\"pgc-w5ffc49da4f659-6-1\"  class=\"panel-grid-cell\" ><div id=\"panel-w5ffc49da4f659-6-1-0\" class=\"so-panel widget widget_sow-editor panel-first-child panel-last-child\" data-index=\"16\" ><div\n\t\t\t\n\t\t\tclass=\"so-widget-sow-editor so-widget-sow-editor-base\"\n\t\t\t\n\t\t>\n<div class=\"siteorigin-widget-tinymce textwidget\">\n\t<p><span style=\"font-size: 14pt;color: #ffffff\"><strong>ANA CAROLINA TAVARES SOUSA<\/strong><\/span><\/p>\n<p style=\"text-align: justify\"><span style=\"color: #ffffff\">Mestre em Artes Visuais pelo Programa de P\u00f3s-Gradua\u00e7\u00e3o em Artes Visuais da Universidade Federal de Pelotas (UFPel) e graduada em Artes Visuais da Universidade Federal do Rio Grande (FURG). Realiza investiga\u00e7\u00f5es que orbitam os seguintes temas: g\u00eanero e sa\u00fade mental, narrativas imagin\u00e1rias textuais e visuais, e a atua\u00e7\u00e3o de mulheres artistas. Em torno das tem\u00e1ticas de interesse, desenvolve trabalhos po\u00e9ticos que envolvem a apropria\u00e7\u00e3o e a interven\u00e7\u00e3o manual e digital de imagens, a fotografia e o audiovisual.<\/span><\/p>\n<p>&nbsp;<\/p>\n<p><span style=\"font-size: 14pt;color: #ffffff\"><strong>FERNANDA FEDRIZZI LOUREIRO DE LIMA<\/strong><\/span><\/p>\n<p style=\"text-align: justify\"><span style=\"color: #ffffff\">Mestra em processos de cria\u00e7\u00e3o e po\u00e9ticas do cotidiano pelo programa de p\u00f3s-gradua\u00e7\u00e3o em artes visuais (PPGAVI\/UFPEL), bacharela em arquitetura e urbanismo (UNISINOS) e bacharelanda em hist\u00f3ria da arte (UFRGS). Desenvolve po\u00e9ticas que se d\u00e3o entre palavra e cidade e as coloco no mundo por meio de publica\u00e7\u00f5es e impressos. Integrante da Corp\u00f3rea, uma organiza\u00e7\u00e3o art\u00edstica voltada para a produ\u00e7\u00e3o cultural; e se interessa pela imers\u00e3o interior, pela poesia, pelos neologismos e pelas pol\u00edticas urbanas.<\/span><\/p>\n<p>&nbsp;<\/p>\n<p><span style=\"font-size: 14pt;color: #ffffff\"><strong>P\u00c2MELA FOGA\u00c7A LOPES<br \/>\n<\/strong><\/span><\/p>\n<p style=\"text-align: justify\"><span style=\"color: #ffffff\">Arte Educadora, Atuadora e Performer. Mestranda no Programa de P\u00f3s-Gradua\u00e7\u00e3o em Artes Visuais (PPGAVI), na linha de pesquisa Processos de Cria\u00e7\u00e3o e Po\u00e9ticas do Cotidiano, da Universidade Federal de Pelotas (UFPel, 2019). Desenvolvendo a Pesquisa \u201cMulheres Latino Americanas em Atos Performativos \u2013 Insurg\u00eancias nos Espa\u00e7os P\u00fablicos\u201d (Bolsista CAPES\/2020), com investiga\u00e7\u00e3o acerca de a\u00e7\u00f5es performativas realizadas por mulheres em espa\u00e7os p\u00fablicos, no territ\u00f3rio Latino Americano. Licenciada em Teatro pela Universidade Estadual do Rio Grande do Sul (2017). Participante do Grupo de Pesquisa &#8220;Caixa de Pandora: estudos em G\u00eanero, Arte e Mem\u00f3ria&#8221; (UFPel\/CNPq), desde 2018 e do Projeto de Pesquisa &#8220;Visualidades Tecidas Pelos Corpos Po\u00e9ticos na Contemporaneidade&#8221; (UFPel\/CNPq), desde 2019. Atuadora do Grupo Treta Teatro desde 2014. Recentemente participou da exposi\u00e7\u00e3o Pandora no VI Simp\u00f3sio Internacional de G\u00eanero, Arte e Mem\u00f3ria (UFPel\/2019) e da convocat\u00f3ria Gira em Casa, Festival de Performances em Rede do grupo Perform\u00eddia (2020).<\/span><\/p>\n<\/div>\n<\/div><\/div><\/div><\/div><\/div><div id=\"pg-w5ffc49da4f659-7\"  class=\"panel-grid panel-has-style\" ><div class=\"siteorigin-panels-stretch panel-row-style panel-row-style-for-w5ffc49da4f659-7\" data-stretch-type=\"full\" ><div id=\"pgc-w5ffc49da4f659-7-0\"  class=\"panel-grid-cell\" ><div id=\"panel-w5ffc49da4f659-7-0-0\" class=\"so-panel widget widget_sow-editor panel-first-child panel-last-child\" data-index=\"17\" ><div\n\t\t\t\n\t\t\tclass=\"so-widget-sow-editor so-widget-sow-editor-base\"\n\t\t\t\n\t\t>\n<div class=\"siteorigin-widget-tinymce textwidget\">\n\t<p style=\"text-align: justify\"><span style=\"color: #ffffff;font-size: 14pt\"><strong>FICHA T\u00c9CNICA<\/strong><\/span><\/p>\n<hr \/>\n<p style=\"text-align: justify\">\n<\/div>\n<\/div><\/div><\/div><\/div><\/div><div id=\"pg-w5ffc49da4f659-8\"  class=\"panel-grid panel-has-style\" ><div class=\"siteorigin-panels-stretch panel-row-style panel-row-style-for-w5ffc49da4f659-8\" data-stretch-type=\"full\" ><div id=\"pgc-w5ffc49da4f659-8-0\"  class=\"panel-grid-cell\" ><div id=\"panel-w5ffc49da4f659-8-0-0\" class=\"so-panel widget widget_sow-editor panel-first-child panel-last-child\" data-index=\"18\" ><div\n\t\t\t\n\t\t\tclass=\"so-widget-sow-editor so-widget-sow-editor-base\"\n\t\t\t\n\t\t>\n<div class=\"siteorigin-widget-tinymce textwidget\">\n\t<p style=\"text-align: justify\"><span style=\"color: #999999;font-size: 10pt\"><strong data-rich-text-format-boundary=\"true\"><span style=\"color: #ffffff\">Reitor da Universidade Federal de Pelotas<\/span><br data-rich-text-line-break=\"true\" \/><\/strong><span style=\"color: #e6e6e6\">Pedro Rodrigues Curi Hallal<\/span><\/span><br data-rich-text-line-break=\"true\" \/><span style=\"color: #ffffff;font-size: 10pt\"><strong>Presidente da Rede de Museus da UFPEL<\/strong><\/span><br data-rich-text-line-break=\"true\" \/><span style=\"color: #e6e6e6;font-size: 10pt\">Silvana Bojaoski<\/span><br data-rich-text-line-break=\"true\" \/><span style=\"color: #ffffff;font-size: 10pt\"><strong>Diretora do Centro de Artes<\/strong><\/span><br data-rich-text-line-break=\"true\" \/><span style=\"color: #e6e6e6;font-size: 10pt\">Ursula Rosa da Silva<\/span><br data-rich-text-line-break=\"true\" \/><span style=\"color: #ffffff;font-size: 10pt\"><strong>Diretor do Museu de Arte Leopoldo Gotuzzo<\/strong><\/span><br data-rich-text-line-break=\"true\" \/><span style=\"color: #e6e6e6;font-size: 10pt\">Lauer Alves Nunes dos Santos<\/span><br data-rich-text-line-break=\"true\" \/><span style=\"color: #ffffff;font-size: 10pt\"><strong>Presidente da SaMALG<\/strong><\/span><br data-rich-text-line-break=\"true\" \/><span style=\"color: #e6e6e6;font-size: 10pt\">Luciana Dias da Costa Vianna<\/span><\/p>\n<\/div>\n<\/div><\/div><\/div><div id=\"pgc-w5ffc49da4f659-8-1\"  class=\"panel-grid-cell\" ><div id=\"panel-w5ffc49da4f659-8-1-0\" class=\"so-panel widget widget_sow-editor panel-first-child panel-last-child\" data-index=\"19\" ><div\n\t\t\t\n\t\t\tclass=\"so-widget-sow-editor so-widget-sow-editor-base\"\n\t\t\t\n\t\t>\n<div class=\"siteorigin-widget-tinymce textwidget\">\n\t<p style=\"text-align: justify\"><span style=\"font-size: 10pt;color: #ffffff\"><strong data-rich-text-format-boundary=\"true\">Equipe do Museu de Arte Leopoldo Gotuzzo<\/strong><\/span><br data-rich-text-line-break=\"true\" \/><span style=\"font-size: 10pt;color: #e6e6e6\">F\u00e1bio Galli Alves \u2013 Conserva\u00e7\u00e3o e Restauro<\/span><br data-rich-text-line-break=\"true\" \/><span style=\"font-size: 10pt;color: #e6e6e6\">Joana Soster Lizott \u2013 Museologia<\/span><br data-rich-text-line-break=\"true\" \/><span style=\"font-size: 10pt;color: #e6e6e6\">Roberta Trierweiler \u2013 Secretaria, Documenta\u00e7\u00e3o e Pesquisa<\/span><br data-rich-text-line-break=\"true\" \/><span style=\"font-size: 10pt;color: #f5f5f5\"><strong><span style=\"color: #ffffff\">Bolsista<\/span><br data-rich-text-line-break=\"true\" \/><\/strong><span style=\"color: #e6e6e6\">Daniel Moura<\/span><\/span><br data-rich-text-line-break=\"true\" \/><span style=\"font-size: 10pt;color: #f5f5f5\"><strong><span style=\"color: #ffffff\">Design e expografia virtual<\/span><br data-rich-text-line-break=\"true\" \/><\/strong><span style=\"color: #e6e6e6\">Amanda Machado Madruga<\/span><br \/>\n<span style=\"color: #e6e6e6\">Renan Espirito Santo<\/span><br \/>\n<\/span><\/p>\n<div id=\"gtx-trans\">\n<div class=\"gtx-trans-icon\"><\/div>\n<\/div>\n<\/div>\n<\/div><\/div><\/div><div id=\"pgc-w5ffc49da4f659-8-2\"  class=\"panel-grid-cell\" ><div id=\"panel-w5ffc49da4f659-8-2-0\" class=\"so-panel widget widget_sow-editor panel-first-child panel-last-child\" data-index=\"20\" ><div\n\t\t\t\n\t\t\tclass=\"so-widget-sow-editor so-widget-sow-editor-base\"\n\t\t\t\n\t\t>\n<div class=\"siteorigin-widget-tinymce textwidget\">\n\t<p style=\"text-align: justify\"><span style=\"font-size: 10pt;color: #ffffff\"><strong><span style=\"color: #ffffff\">Coordenador do LACMALG<\/span><br data-rich-text-line-break=\"true\" \/><\/strong><span style=\"font-size: 10pt;color: #e6e6e6\">Lauer Alves Nunes dos Santos<\/span><strong><br \/>\nCoordenadora do Projeto Mulheres no Acervo do MALG<\/strong><\/span><br data-rich-text-line-break=\"true\" \/><span style=\"font-size: 10pt;color: #e6e6e6\">Amanda Machado Madruga<\/span><br data-rich-text-line-break=\"true\" \/><span style=\"font-size: 10pt;color: #999999\"><strong><span style=\"color: #ffffff\">Comiss\u00e3o de Sele\u00e7\u00e3o<\/span><br data-rich-text-line-break=\"true\" \/><\/strong><span style=\"color: #e6e6e6\">Amanda Machado Madruga<\/span><br \/>\n<span style=\"color: #e6e6e6\">Joana Lizott<\/span><br \/>\n<span style=\"color: #e6e6e6\">Juliana Angeli<br \/>\n<span style=\"font-size: 10pt;color: #f5f5f5\"><span style=\"color: #ffffff\"><strong data-rich-text-format-boundary=\"true\">Cat\u00e1logo &#8211; vers\u00e3o digital<\/strong><\/span><br data-rich-text-line-break=\"true\" \/><span style=\"color: #e6e6e6\">Renan Espirito Santo<\/span><\/span><\/span><br \/>\n<\/span><\/p>\n<\/div>\n<\/div><\/div><\/div><\/div><\/div><div id=\"pg-w5ffc49da4f659-9\"  class=\"panel-grid panel-has-style\" ><div class=\"siteorigin-panels-stretch panel-row-style panel-row-style-for-w5ffc49da4f659-9\" data-stretch-type=\"full\" ><div id=\"pgc-w5ffc49da4f659-9-0\"  class=\"panel-grid-cell\" ><div id=\"panel-w5ffc49da4f659-9-0-0\" class=\"so-panel widget widget_sow-editor panel-first-child panel-last-child\" data-index=\"21\" ><div\n\t\t\t\n\t\t\tclass=\"so-widget-sow-editor so-widget-sow-editor-base\"\n\t\t\t\n\t\t>\n<div class=\"siteorigin-widget-tinymce textwidget\">\n\t<p style=\"text-align: justify\"><span style=\"font-size: 10pt;color: #ffffff\"><strong>REALIZA\u00c7\u00c3O<\/strong><\/span><\/p>\n<hr \/>\n<p style=\"text-align: justify\">\n<\/div>\n<\/div><\/div><\/div><div id=\"pgc-w5ffc49da4f659-9-1\"  class=\"panel-grid-cell\" ><div id=\"panel-w5ffc49da4f659-9-1-0\" class=\"so-panel widget widget_sow-image panel-first-child panel-last-child\" data-index=\"22\" ><div\n\t\t\t\n\t\t\tclass=\"so-widget-sow-image so-widget-sow-image-default-334eeca80698\"\n\t\t\t\n\t\t>\n<div class=\"sow-image-container\">\n\t\t\t<a href=\"https:\/\/www.instagram.com\/ufpeloficial\/\"\n\t\t\t\t\t>\n\t\t\t<img \n\tsrc=\"https:\/\/wp.ufpel.edu.br\/malg\/files\/2020\/12\/UFPEL-200x200.png\" width=\"200\" height=\"200\" srcset=\"https:\/\/wp.ufpel.edu.br\/malg\/files\/2020\/12\/UFPEL-200x200.png 200w, https:\/\/wp.ufpel.edu.br\/malg\/files\/2020\/12\/UFPEL-400x400.png 400w, https:\/\/wp.ufpel.edu.br\/malg\/files\/2020\/12\/UFPEL-900x900.png 900w, https:\/\/wp.ufpel.edu.br\/malg\/files\/2020\/12\/UFPEL-768x768.png 768w, https:\/\/wp.ufpel.edu.br\/malg\/files\/2020\/12\/UFPEL.png 1064w\" sizes=\"(max-width: 200px) 100vw, 200px\" alt=\"\" \t\tclass=\"so-widget-image\"\/>\n\t\t\t<\/a><\/div>\n\n<\/div><\/div><\/div><div id=\"pgc-w5ffc49da4f659-9-2\"  class=\"panel-grid-cell\" ><div id=\"panel-w5ffc49da4f659-9-2-0\" class=\"so-panel widget widget_sow-image panel-first-child panel-last-child\" data-index=\"23\" ><div\n\t\t\t\n\t\t\tclass=\"so-widget-sow-image so-widget-sow-image-default-334eeca80698\"\n\t\t\t\n\t\t>\n<div class=\"sow-image-container\">\n\t\t\t<a href=\"https:\/\/www.instagram.com\/ca_ufpel\/\"\n\t\t\t\t\t>\n\t\t\t<img \n\tsrc=\"https:\/\/wp.ufpel.edu.br\/malg\/files\/2020\/12\/CA-200x69.png\" width=\"200\" height=\"69\" srcset=\"https:\/\/wp.ufpel.edu.br\/malg\/files\/2020\/12\/CA-200x69.png 200w, https:\/\/wp.ufpel.edu.br\/malg\/files\/2020\/12\/CA.png 363w\" sizes=\"(max-width: 200px) 100vw, 200px\" alt=\"\" \t\tclass=\"so-widget-image\"\/>\n\t\t\t<\/a><\/div>\n\n<\/div><\/div><\/div><div id=\"pgc-w5ffc49da4f659-9-3\"  class=\"panel-grid-cell\" ><div id=\"panel-w5ffc49da4f659-9-3-0\" class=\"so-panel widget widget_sow-image panel-first-child panel-last-child\" data-index=\"24\" ><div\n\t\t\t\n\t\t\tclass=\"so-widget-sow-image so-widget-sow-image-default-334eeca80698\"\n\t\t\t\n\t\t>\n<div class=\"sow-image-container\">\n\t\t\t<a href=\"https:\/\/www.instagram.com\/malg.ufpel\/\"\n\t\t\t\t\t>\n\t\t\t<img \n\tsrc=\"https:\/\/wp.ufpel.edu.br\/malg\/files\/2020\/12\/Ativo-3_b-200x200.png\" width=\"200\" height=\"200\" srcset=\"https:\/\/wp.ufpel.edu.br\/malg\/files\/2020\/12\/Ativo-3_b-200x200.png 200w, https:\/\/wp.ufpel.edu.br\/malg\/files\/2020\/12\/Ativo-3_b-400x400.png 400w, https:\/\/wp.ufpel.edu.br\/malg\/files\/2020\/12\/Ativo-3_b-900x900.png 900w, https:\/\/wp.ufpel.edu.br\/malg\/files\/2020\/12\/Ativo-3_b-768x768.png 768w, https:\/\/wp.ufpel.edu.br\/malg\/files\/2020\/12\/Ativo-3_b.png 1476w\" sizes=\"(max-width: 200px) 100vw, 200px\" title=\"Ativo 3_b\" alt=\"\" \t\tclass=\"so-widget-image\"\/>\n\t\t\t<\/a><\/div>\n\n<\/div><\/div><\/div><div id=\"pgc-w5ffc49da4f659-9-4\"  class=\"panel-grid-cell panel-grid-cell-mobile-last\" ><div id=\"panel-w5ffc49da4f659-9-4-0\" class=\"so-panel widget widget_sow-image panel-first-child panel-last-child\" data-index=\"25\" ><div\n\t\t\t\n\t\t\tclass=\"so-widget-sow-image so-widget-sow-image-default-334eeca80698\"\n\t\t\t\n\t\t>\n<div class=\"sow-image-container\">\n\t\t\t<a href=\"https:\/\/www.instagram.com\/lacmalg\/\"\n\t\t\t\t\t>\n\t\t\t<img \n\tsrc=\"https:\/\/wp.ufpel.edu.br\/malg\/files\/2020\/12\/LACMALG-200x39.png\" width=\"200\" height=\"39\" srcset=\"https:\/\/wp.ufpel.edu.br\/malg\/files\/2020\/12\/LACMALG-200x39.png 200w, https:\/\/wp.ufpel.edu.br\/malg\/files\/2020\/12\/LACMALG-400x78.png 400w, https:\/\/wp.ufpel.edu.br\/malg\/files\/2020\/12\/LACMALG.png 534w\" sizes=\"(max-width: 200px) 100vw, 200px\" alt=\"\" \t\tclass=\"so-widget-image\"\/>\n\t\t\t<\/a><\/div>\n\n<\/div><\/div><\/div><div id=\"pgc-w5ffc49da4f659-9-5\"  class=\"panel-grid-cell panel-grid-cell-empty\" ><\/div><\/div><\/div><div id=\"pg-w5ffc49da4f659-10\"  class=\"panel-grid panel-has-style\" ><div class=\"siteorigin-panels-stretch panel-row-style panel-row-style-for-w5ffc49da4f659-10\" data-stretch-type=\"full\" ><div id=\"pgc-w5ffc49da4f659-10-0\"  class=\"panel-grid-cell\" ><div id=\"panel-w5ffc49da4f659-10-0-0\" class=\"so-panel widget widget_sow-editor panel-first-child panel-last-child\" data-index=\"26\" ><div\n\t\t\t\n\t\t\tclass=\"so-widget-sow-editor so-widget-sow-editor-base\"\n\t\t\t\n\t\t>\n<div class=\"siteorigin-widget-tinymce textwidget\">\n\t<p style=\"text-align: justify\"><span style=\"font-size: 10pt;color: #ffffff\"><strong>PATROC\u00cdNIO<\/strong><\/span><\/p>\n<hr \/>\n<p style=\"text-align: justify\">\n<div id=\"gtx-trans\">\n<div class=\"gtx-trans-icon\"><\/div>\n<\/div>\n<\/div>\n<\/div><\/div><\/div><div id=\"pgc-w5ffc49da4f659-10-1\"  class=\"panel-grid-cell\" ><div id=\"panel-w5ffc49da4f659-10-1-0\" class=\"so-panel widget widget_sow-image panel-first-child panel-last-child\" data-index=\"27\" ><div\n\t\t\t\n\t\t\tclass=\"so-widget-sow-image so-widget-sow-image-default-334eeca80698\"\n\t\t\t\n\t\t>\n<div class=\"sow-image-container\">\n\t\t\t<a href=\"https:\/\/www.pelotas.com.br\/\"\n\t\t\t\t\t>\n\t\t\t<img \n\tsrc=\"https:\/\/wp.ufpel.edu.br\/malg\/files\/2020\/12\/Brasao-Prefeitura-162x200.png\" width=\"162\" height=\"200\" srcset=\"https:\/\/wp.ufpel.edu.br\/malg\/files\/2020\/12\/Brasao-Prefeitura-162x200.png 162w, https:\/\/wp.ufpel.edu.br\/malg\/files\/2020\/12\/Brasao-Prefeitura-324x400.png 324w, https:\/\/wp.ufpel.edu.br\/malg\/files\/2020\/12\/Brasao-Prefeitura-768x949.png 768w, https:\/\/wp.ufpel.edu.br\/malg\/files\/2020\/12\/Brasao-Prefeitura-1243x1536.png 1243w, https:\/\/wp.ufpel.edu.br\/malg\/files\/2020\/12\/Brasao-Prefeitura.png 1249w\" sizes=\"(max-width: 162px) 100vw, 162px\" title=\"Bras\u00e3o-Prefeitura\" alt=\"\" \t\tclass=\"so-widget-image\"\/>\n\t\t\t<\/a><\/div>\n\n<\/div><\/div><\/div><div id=\"pgc-w5ffc49da4f659-10-2\"  class=\"panel-grid-cell\" ><div id=\"panel-w5ffc49da4f659-10-2-0\" class=\"so-panel widget widget_sow-image panel-first-child panel-last-child\" data-index=\"28\" ><div\n\t\t\t\n\t\t\tclass=\"so-widget-sow-image so-widget-sow-image-default-334eeca80698\"\n\t\t\t\n\t\t>\n<div class=\"sow-image-container\">\n\t\t<img \n\tsrc=\"https:\/\/wp.ufpel.edu.br\/malg\/files\/2020\/12\/Premio-Movimento-200x198.png\" width=\"200\" height=\"198\" srcset=\"https:\/\/wp.ufpel.edu.br\/malg\/files\/2020\/12\/Premio-Movimento-200x198.png 200w, https:\/\/wp.ufpel.edu.br\/malg\/files\/2020\/12\/Premio-Movimento-400x395.png 400w, https:\/\/wp.ufpel.edu.br\/malg\/files\/2020\/12\/Premio-Movimento-768x759.png 768w, https:\/\/wp.ufpel.edu.br\/malg\/files\/2020\/12\/Premio-Movimento.png 1159w\" sizes=\"(max-width: 200px) 100vw, 200px\" title=\"Pr\u00eamio-Movimento\" alt=\"\" \t\tclass=\"so-widget-image\"\/>\n\t<\/div>\n\n<\/div><\/div><\/div><div id=\"pgc-w5ffc49da4f659-10-3\"  class=\"panel-grid-cell\" ><div id=\"panel-w5ffc49da4f659-10-3-0\" class=\"so-panel widget widget_sow-image panel-first-child panel-last-child\" data-index=\"29\" ><div\n\t\t\t\n\t\t\tclass=\"so-widget-sow-image so-widget-sow-image-default-334eeca80698\"\n\t\t\t\n\t\t>\n<div class=\"sow-image-container\">\n\t\t\t<a href=\"http:\/\/www.pelotas.com.br\/cultura\/lei-aldir-blanc\"\n\t\t\t\t\t>\n\t\t\t<img \n\tsrc=\"https:\/\/wp.ufpel.edu.br\/malg\/files\/2020\/12\/LOGO-ALDIR-185x200.png\" width=\"185\" height=\"200\" srcset=\"https:\/\/wp.ufpel.edu.br\/malg\/files\/2020\/12\/LOGO-ALDIR-185x200.png 185w, https:\/\/wp.ufpel.edu.br\/malg\/files\/2020\/12\/LOGO-ALDIR-371x400.png 371w, https:\/\/wp.ufpel.edu.br\/malg\/files\/2020\/12\/LOGO-ALDIR-768x829.png 768w, https:\/\/wp.ufpel.edu.br\/malg\/files\/2020\/12\/LOGO-ALDIR.png 1084w\" sizes=\"(max-width: 185px) 100vw, 185px\" alt=\"\" \t\tclass=\"so-widget-image\"\/>\n\t\t\t<\/a><\/div>\n\n<\/div><\/div><\/div><div id=\"pgc-w5ffc49da4f659-10-4\"  class=\"panel-grid-cell panel-grid-cell-empty panel-grid-cell-mobile-last\" ><\/div><div id=\"pgc-w5ffc49da4f659-10-5\"  class=\"panel-grid-cell panel-grid-cell-empty\" ><\/div><\/div><\/div><div id=\"pg-w5ffc49da4f659-11\"  class=\"panel-grid panel-has-style\" ><div class=\"siteorigin-panels-stretch panel-row-style panel-row-style-for-w5ffc49da4f659-11\" data-stretch-type=\"full\" ><div id=\"pgc-w5ffc49da4f659-11-0\"  class=\"panel-grid-cell\" ><div id=\"panel-w5ffc49da4f659-11-0-0\" class=\"so-panel widget widget_sow-editor panel-first-child panel-last-child\" data-index=\"30\" ><div\n\t\t\t\n\t\t\tclass=\"so-widget-sow-editor so-widget-sow-editor-base\"\n\t\t\t\n\t\t>\n<div class=\"siteorigin-widget-tinymce textwidget\">\n\t<p style=\"text-align: justify\"><span style=\"font-size: 10pt;color: #ffffff\"><strong>APOIO<\/strong><\/span><\/p>\n<hr \/>\n<p style=\"text-align: justify\">\n<div id=\"gtx-trans\">\n<div class=\"gtx-trans-icon\"><\/div>\n<\/div>\n<\/div>\n<\/div><\/div><\/div><div id=\"pgc-w5ffc49da4f659-11-1\"  class=\"panel-grid-cell\" ><div id=\"panel-w5ffc49da4f659-11-1-0\" class=\"so-panel widget widget_sow-image panel-first-child panel-last-child\" data-index=\"31\" ><div\n\t\t\t\n\t\t\tclass=\"so-widget-sow-image so-widget-sow-image-default-334eeca80698\"\n\t\t\t\n\t\t>\n<div class=\"sow-image-container\">\n\t\t\t<a href=\"https:\/\/www.instagram.com\/prec.ufpel\/\"\n\t\t\t\t\t>\n\t\t\t<img \n\tsrc=\"https:\/\/wp.ufpel.edu.br\/malg\/files\/2020\/12\/PREC-200x79.png\" width=\"200\" height=\"79\" srcset=\"https:\/\/wp.ufpel.edu.br\/malg\/files\/2020\/12\/PREC-200x79.png 200w, https:\/\/wp.ufpel.edu.br\/malg\/files\/2020\/12\/PREC.png 377w\" sizes=\"(max-width: 200px) 100vw, 200px\" alt=\"\" \t\tclass=\"so-widget-image\"\/>\n\t\t\t<\/a><\/div>\n\n<\/div><\/div><\/div><div id=\"pgc-w5ffc49da4f659-11-2\"  class=\"panel-grid-cell\" ><div id=\"panel-w5ffc49da4f659-11-2-0\" class=\"so-panel widget widget_sow-image panel-first-child panel-last-child\" data-index=\"32\" ><div\n\t\t\t\n\t\t\tclass=\"so-widget-sow-image so-widget-sow-image-default-334eeca80698\"\n\t\t\t\n\t\t>\n<div class=\"sow-image-container\">\n\t\t\t<a href=\"https:\/\/www.instagram.com\/rededemuseusdaufpel\/\"\n\t\t\t\t\t>\n\t\t\t<img \n\tsrc=\"https:\/\/wp.ufpel.edu.br\/malg\/files\/2020\/12\/REDE-200x80.png\" width=\"200\" height=\"80\" srcset=\"https:\/\/wp.ufpel.edu.br\/malg\/files\/2020\/12\/REDE-200x80.png 200w, https:\/\/wp.ufpel.edu.br\/malg\/files\/2020\/12\/REDE.png 314w\" sizes=\"(max-width: 200px) 100vw, 200px\" alt=\"\" \t\tclass=\"so-widget-image\"\/>\n\t\t\t<\/a><\/div>\n\n<\/div><\/div><\/div><div id=\"pgc-w5ffc49da4f659-11-3\"  class=\"panel-grid-cell\" ><div id=\"panel-w5ffc49da4f659-11-3-0\" class=\"so-panel widget widget_sow-image panel-first-child panel-last-child\" data-index=\"33\" ><div\n\t\t\t\n\t\t\tclass=\"so-widget-sow-image so-widget-sow-image-default-334eeca80698\"\n\t\t\t\n\t\t>\n<div class=\"sow-image-container\">\n\t\t\t<a href=\"https:\/\/www.instagram.com\/samalg_museu\/\"\n\t\t\t\t\t>\n\t\t\t<img \n\tsrc=\"https:\/\/wp.ufpel.edu.br\/malg\/files\/2020\/12\/SAMALG-200x58.png\" width=\"200\" height=\"58\" srcset=\"https:\/\/wp.ufpel.edu.br\/malg\/files\/2020\/12\/SAMALG-200x58.png 200w, https:\/\/wp.ufpel.edu.br\/malg\/files\/2020\/12\/SAMALG.png 353w\" sizes=\"(max-width: 200px) 100vw, 200px\" alt=\"\" \t\tclass=\"so-widget-image\"\/>\n\t\t\t<\/a><\/div>\n\n<\/div><\/div><\/div><div id=\"pgc-w5ffc49da4f659-11-4\"  class=\"panel-grid-cell panel-grid-cell-mobile-last\" ><div id=\"panel-w5ffc49da4f659-11-4-0\" class=\"so-panel widget widget_sow-image panel-first-child panel-last-child\" data-index=\"34\" ><div\n\t\t\t\n\t\t\tclass=\"so-widget-sow-image so-widget-sow-image-default-334eeca80698\"\n\t\t\t\n\t\t>\n<div class=\"sow-image-container\">\n\t\t\t<a href=\"https:\/\/www.instagram.com\/suldesign\/\"\n\t\t\t\t\t>\n\t\t\t<img \n\tsrc=\"https:\/\/wp.ufpel.edu.br\/malg\/files\/2020\/12\/SULDESIGN-200x60.png\" width=\"200\" height=\"60\" srcset=\"https:\/\/wp.ufpel.edu.br\/malg\/files\/2020\/12\/SULDESIGN-200x60.png 200w, https:\/\/wp.ufpel.edu.br\/malg\/files\/2020\/12\/SULDESIGN-400x120.png 400w, https:\/\/wp.ufpel.edu.br\/malg\/files\/2020\/12\/SULDESIGN.png 412w\" sizes=\"(max-width: 200px) 100vw, 200px\" alt=\"\" \t\tclass=\"so-widget-image\"\/>\n\t\t\t<\/a><\/div>\n\n<\/div><\/div><\/div><div id=\"pgc-w5ffc49da4f659-11-5\"  class=\"panel-grid-cell panel-grid-cell-empty\" ><\/div><\/div><\/div><div id=\"pg-w5ffc49da4f659-12\"  class=\"panel-grid panel-has-style\" ><div class=\"siteorigin-panels-stretch panel-row-style panel-row-style-for-w5ffc49da4f659-12\" data-stretch-type=\"full-stretched\" ><div id=\"pgc-w5ffc49da4f659-12-0\"  class=\"panel-grid-cell\" ><div class=\"panel-cell-style panel-cell-style-for-w5ffc49da4f659-12-0\" ><div id=\"panel-w5ffc49da4f659-12-0-0\" class=\"so-panel widget widget_sow-social-media-buttons panel-first-child panel-last-child\" data-index=\"35\" ><div class=\"panel-widget-style panel-widget-style-for-w5ffc49da4f659-12-0-0\" ><div\n\t\t\t\n\t\t\tclass=\"so-widget-sow-social-media-buttons so-widget-sow-social-media-buttons-flat-b522cf5df00d\"\n\t\t\t\n\t\t>\n\n<div class=\"social-media-button-container\">\n\t\n\t\t<a \n\t\tclass=\"ow-button-hover sow-social-media-button-facebook-0 sow-social-media-button\" title=\"Museu de Arte Leopoldo Gotuzzo em Facebook\" aria-label=\"Museu de Arte Leopoldo Gotuzzo em Facebook\" target=\"_blank\" rel=\"noopener noreferrer\" href=\"https:\/\/www.facebook.com\/museuleopoldogotuzzo\" \t\t>\n\t\t\t<span>\n\t\t\t\t\t\t\t\t<span class=\"sow-icon-fontawesome sow-fab\" data-sow-icon=\"&#xf39e;\"\n\t\t \n\t\taria-hidden=\"true\"><\/span>\t\t\t\t\t\t\t<\/span>\n\t\t<\/a>\n\t\n\t\t<a \n\t\tclass=\"ow-button-hover sow-social-media-button-instagram-0 sow-social-media-button\" title=\"Museu de Arte Leopoldo Gotuzzo em Instagram\" aria-label=\"Museu de Arte Leopoldo Gotuzzo em Instagram\" target=\"_blank\" rel=\"noopener noreferrer\" href=\"https:\/\/www.instagram.com\/malg.ufpel\/\" \t\t>\n\t\t\t<span>\n\t\t\t\t\t\t\t\t<span class=\"sow-icon-fontawesome sow-fab\" data-sow-icon=\"&#xf16d;\"\n\t\t \n\t\taria-hidden=\"true\"><\/span>\t\t\t\t\t\t\t<\/span>\n\t\t<\/a>\n\t<\/div>\n<\/div><\/div><\/div><\/div><\/div><\/div><\/div><\/div><\/div><\/div><\/div><\/div><\/div>\n\n\n<div style=\"height:20px\" aria-hidden=\"true\" class=\"wp-block-spacer\"><\/div>\n\n\n\n<p class=\"has-medium-font-size\"><strong>Postagens anteriores<\/strong><\/p>\n\n\n\n<hr class=\"wp-block-separator\"\/>\n\n\n\n<div style=\"height:45px\" aria-hidden=\"true\" class=\"wp-block-spacer\"><\/div>\n\n\n<div id=\"pl-gb1967-69f211315cfff\"  class=\"panel-layout\" ><div id=\"pg-gb1967-69f211315cfff-0\"  class=\"panel-grid panel-no-style\" ><div id=\"pgc-gb1967-69f211315cfff-0-0\"  class=\"panel-grid-cell\" ><div id=\"panel-gb1967-69f211315cfff-0-0-0\" class=\"so-panel widget widget_sow-button panel-first-child\" data-index=\"0\" ><div\n\t\t\t\n\t\t\tclass=\"so-widget-sow-button so-widget-sow-button-atom-165e830ea474-1967\"\n\t\t\t\n\t\t><div class=\"ow-button-base ow-button-align-center\"\n>\n\t\t\t<a\n\t\t\t\t\thref=\"https:\/\/wp.ufpel.edu.br\/malg\/files\/2020\/12\/RESULTADO-FINAL-MnA-MALG.pdf\"\n\t\t\t\t\tclass=\"sowb-button ow-icon-placement-left ow-button-hover\" target=\"_blank\" rel=\"noopener noreferrer\" \t>\n\t\t<span>\n\t\t\t<span class=\"sow-icon-fontawesome sow-far\" data-sow-icon=\"&#xf022;\"\n\t\tstyle=\"\" \n\t\taria-hidden=\"true\"><\/span>\n\t\t\tRESULTADO\t\t<\/span>\n\t\t\t<\/a>\n\t<\/div>\n<\/div><\/div><div id=\"panel-gb1967-69f211315cfff-0-0-1\" class=\"so-panel widget widget_sow-button panel-last-child\" data-index=\"1\" ><div\n\t\t\t\n\t\t\tclass=\"so-widget-sow-button so-widget-sow-button-atom-165e830ea474-1967\"\n\t\t\t\n\t\t><div class=\"ow-button-base ow-button-align-center\"\n>\n\t\t\t<a\n\t\t\t\t\thref=\"https:\/\/wp.ufpel.edu.br\/malg\/files\/2020\/12\/ANEXO_-colecao-sXX.pdf\"\n\t\t\t\t\tclass=\"sowb-button ow-icon-placement-left ow-button-hover\" target=\"_blank\" rel=\"noopener noreferrer\" \t>\n\t\t<span>\n\t\t\t<span class=\"sow-icon-fontawesome sow-far\" data-sow-icon=\"&#xf2b9;\"\n\t\tstyle=\"\" \n\t\taria-hidden=\"true\"><\/span>\n\t\t\tCAT\u00c1LOGO\t\t<\/span>\n\t\t\t<\/a>\n\t<\/div>\n<\/div><\/div><\/div><div id=\"pgc-gb1967-69f211315cfff-0-1\"  class=\"panel-grid-cell\" ><div id=\"panel-gb1967-69f211315cfff-0-1-0\" class=\"so-panel widget widget_sow-editor panel-first-child panel-last-child\" data-index=\"2\" ><div\n\t\t\t\n\t\t\tclass=\"so-widget-sow-editor so-widget-sow-editor-base\"\n\t\t\t\n\t\t><h3 class=\"widget-title\">RESULTADO EDITAL<\/h3>\n<div class=\"siteorigin-widget-tinymce textwidget\">\n\t<div>A Comiss\u00e3o de Sele\u00e7\u00e3o da A\u00e7\u00e3o Curatorial Mulheres no Acervo do MALG divulga a lista de artistas selecionadas para Exposi\u00e7\u00e3o Virtual que acontecer\u00e1 a seguir nas redes sociais e site do Museu de Arte Leopoldo Gotuzzo. Aproveitamos para parabenizar a todas pela qualidade dos trabalhos e agradecer a participa\u00e7\u00e3o das proponentes. Entraremos em contato com as mesmas para divulga\u00e7\u00e3o dos resultados atrav\u00e9s do e-mail cadastrado na inscri\u00e7\u00e3o.<\/div>\n<div><\/div>\n<div>Confira a lista clicando no bot\u00e3o ao lado.<\/div>\n<div><\/div>\n<div style=\"text-align: right\">_<\/div>\n<div style=\"text-align: right\"><strong>Comiss\u00e3o de Sele\u00e7\u00e3o &#8211; A\u00e7\u00e3o Curatorial Mulheres no Acervo do MALG:<\/strong><\/div>\n<div style=\"text-align: right\"><i>Amanda Machado Madruga<\/i><\/div>\n<div style=\"text-align: right\"><i>Joana Lizott<\/i><\/div>\n<div style=\"text-align: right\"><i>Juliana Angeli<\/i><\/div>\n<\/div>\n<\/div><\/div><\/div><\/div><\/div>\n\n\n<div style=\"height:75px\" aria-hidden=\"true\" class=\"wp-block-spacer\"><\/div>\n\n\n<div id=\"pl-gb1967-69f211315dbfb\"  class=\"panel-layout\" ><div id=\"pg-gb1967-69f211315dbfb-0\"  class=\"panel-grid panel-no-style\" ><div id=\"pgc-gb1967-69f211315dbfb-0-0\"  class=\"panel-grid-cell\" ><div id=\"panel-gb1967-69f211315dbfb-0-0-0\" class=\"so-panel widget widget_sow-editor panel-first-child panel-last-child\" data-index=\"0\" ><div\n\t\t\t\n\t\t\tclass=\"so-widget-sow-editor so-widget-sow-editor-base\"\n\t\t\t\n\t\t>\n<div class=\"siteorigin-widget-tinymce textwidget\">\n\t<p><span style=\"font-size: 24pt\"><strong>A\u00e7\u00e3o curatorial: Mulheres no acervo do MALG<\/strong><\/span><\/p>\n<\/div>\n<\/div><\/div><\/div><div id=\"pgc-gb1967-69f211315dbfb-0-1\"  class=\"panel-grid-cell\" ><div id=\"panel-gb1967-69f211315dbfb-0-1-0\" class=\"so-panel widget widget_sow-editor panel-first-child panel-last-child\" data-index=\"1\" ><div\n\t\t\t\n\t\t\tclass=\"so-widget-sow-editor so-widget-sow-editor-base\"\n\t\t\t\n\t\t>\n<div class=\"siteorigin-widget-tinymce textwidget\">\n\t<p style=\"text-align: right\"><span style=\"font-family: helvetica, arial, sans-serif;font-size: 10pt\">Convite padr\u00e3o\u00a0 |\u00a0\u00a0Convite completo\u00a0 |\u00a0\u00a0Folder<\/span><\/p>\n<\/div>\n<\/div><\/div><\/div><\/div><div id=\"pg-gb1967-69f211315dbfb-1\"  class=\"panel-grid panel-no-style\" ><div id=\"pgc-gb1967-69f211315dbfb-1-0\"  class=\"panel-grid-cell\" ><div id=\"panel-gb1967-69f211315dbfb-1-0-0\" class=\"so-panel widget widget_sow-editor panel-first-child panel-last-child\" data-index=\"2\" ><div\n\t\t\t\n\t\t\tclass=\"so-widget-sow-editor so-widget-sow-editor-base\"\n\t\t\t\n\t\t>\n<div class=\"siteorigin-widget-tinymce textwidget\">\n\t<hr \/>\n<p>&nbsp;<\/p>\n<\/div>\n<\/div><\/div><\/div><\/div><div id=\"pg-gb1967-69f211315dbfb-2\"  class=\"panel-grid panel-has-style\" ><div class=\"siteorigin-panels-stretch panel-row-style panel-row-style-for-gb1967-69f211315dbfb-2\" data-stretch-type=\"full\" ><div id=\"pgc-gb1967-69f211315dbfb-2-0\"  class=\"panel-grid-cell\" ><div id=\"panel-gb1967-69f211315dbfb-2-0-0\" class=\"so-panel widget widget_sow-editor panel-first-child\" data-index=\"3\" ><div\n\t\t\t\n\t\t\tclass=\"so-widget-sow-editor so-widget-sow-editor-base\"\n\t\t\t\n\t\t>\n<div class=\"siteorigin-widget-tinymce textwidget\">\n\t<p style=\"text-align: right\"><span style=\"font-size: 14pt\"><strong><span style=\"font-family: helvetica, arial, sans-serif\">16 a 23 _ dez\/2020<\/span><\/strong><\/span><\/p>\n<\/div>\n<\/div><\/div><\/div><div id=\"pgc-gb1967-69f211315dbfb-2-1\"  class=\"panel-grid-cell\" ><div id=\"panel-gb1967-69f211315dbfb-2-1-0\" class=\"so-panel widget widget_sow-editor panel-first-child panel-last-child\" data-index=\"5\" ><div\n\t\t\t\n\t\t\tclass=\"so-widget-sow-editor so-widget-sow-editor-base\"\n\t\t\t\n\t\t>\n<div class=\"siteorigin-widget-tinymce textwidget\">\n\t<p style=\"text-align: justify\">A A\u00e7\u00e3o Curatorial Mulheres no Acervo do MALG \u00e9 um projeto desenvolvido a partir das atividades de pesquisa do Laborat\u00f3rio de Curadoria do MALG. Em agosto de 2019 iniciou-se um levantamento, ainda em constru\u00e7\u00e3o, que objetiva identificar a presen\u00e7a de artistas mulheres nas cole\u00e7\u00f5es do Museu de Arte Leopoldo Gotuzzo. Por\u00e9m, entendemos que somente coletar os dados n\u00e3o seria o suficiente e, assim, identificamos possibilidades curatoriais pertinentes que se tornam poss\u00edveis com o incentivo da Lei Aldir Blanc.<\/p>\n<p style=\"text-align: justify\">Compreendemos a relev\u00e2ncia das produ\u00e7\u00f5es das artistas inseridas no acervo da institui\u00e7\u00e3o e a necessidade de registros hist\u00f3ricos de suas atua\u00e7\u00f5es. Somamos a isso a efervescente produ\u00e7\u00e3o art\u00edstica contempor\u00e2nea de mulheres que trabalham, n\u00e3o s\u00f3 a partir de suas pr\u00f3prias viv\u00eancias, mas tamb\u00e9m, a partir do desenvolvimento da sociedade e seus movimentos. Com isso, entendemos as influ\u00eancias do contexto hist\u00f3rico nas din\u00e2micas relacionais e propomos, atrav\u00e9s da A\u00e7\u00e3o Curatorial Mulheres no Acervo do MALG, um di\u00e1logo entre as artistas do presente e as do S\u00e9culo XX.<\/p>\n<p style=\"text-align: justify\">Nessa primeira etapa, as convidamos para que produzam ou relacionem a sua produ\u00e7\u00e3o \u00e0 uma ou mais obras inclusas no presente cat\u00e1logo, referente \u00e0s artistas mulheres da Cole\u00e7\u00e3o S\u00e9culo XX do MALG. Conceitos contempor\u00e2neos se abrem diante de uma proposta que visa conex\u00f5es, construir v\u00ednculos com a ancestralidade, empoderamento, sexualidade, entre tantos outros termos atuais e revisitados. Esperamos que todas as artistas se sintam acolhidas nessa a\u00e7\u00e3o e enviem seus trabalhos marcando o in\u00edcio das pr\u00e1ticas do Projeto Mulheres no Acervo do MALG.<\/p>\n<p style=\"text-align: right\">Dezembro de 2020<\/p>\n<p style=\"text-align: right\"><strong>\u00a0Amanda Machado Madruga<\/strong><br \/>\n<span style=\"font-size: 10pt\">Coordenadora do Projeto Mulheres no Acervo do MALG<br \/>\nMestranda do Programa de P\u00f3s-Gradua\u00e7\u00e3o em Artes Visuais\/UFPEL<br \/>\nPesquisadora no Laborat\u00f3rio de Curadoria do MALG<br \/>\n<\/span><\/p>\n<p>&nbsp;<\/p>\n<p style=\"text-align: right\"><span style=\"font-family: helvetica, arial, sans-serif\">realiza\u00e7\u00e3o<a href=\"https:\/\/wp.ufpel.edu.br\/curadoria\/\" target=\"_blank\" rel=\"noopener noreferrer\"><strong> _ LACMALG | Laborat\u00f3rio de curadoria do Museu de Arte Leopoldo Gotuzzo<\/strong><\/a><\/span><\/p>\n<p>&nbsp;<\/p>\n<\/div>\n<\/div><\/div><\/div><\/div><\/div><\/div>\n\n\n<p><\/p>\n","protected":false},"excerpt":{"rendered":"<p>Exposi\u00e7\u00e3o virtual _ A\u00e7\u00e3o Curatorial [ 2020 ]<\/p>\n","protected":false},"author":401,"featured_media":2007,"comment_status":"closed","ping_status":"closed","sticky":false,"template":"","format":"gallery","meta":{"jetpack_post_was_ever_published":false,"_jetpack_newsletter_access":"","_jetpack_dont_email_post_to_subs":false,"_jetpack_newsletter_tier_id":0,"_jetpack_memberships_contains_paywalled_content":false,"_jetpack_memberships_contains_paid_content":false,"footnotes":"","jetpack_publicize_message":"","jetpack_publicize_feature_enabled":true,"jetpack_social_post_already_shared":true,"jetpack_social_options":{"image_generator_settings":{"template":"highway","default_image_id":0,"font":"","enabled":false},"version":2}},"categories":[18],"tags":[],"class_list":{"0":"post-1967","1":"post","2":"type-post","3":"status-publish","4":"format-gallery","5":"has-post-thumbnail","6":"hentry","7":"category-malg","8":"post_format-post-format-gallery","10":"post-with-thumbnail","11":"post-with-thumbnail-large"},"yoast_head":"<!-- This site is optimized with the Yoast SEO plugin v26.7 - https:\/\/yoast.com\/wordpress\/plugins\/seo\/ -->\n<title>A\u00e7\u00e3o curatorial: mulheres no acervo &#8212; Museu de Arte Leopoldo Gotuzzo<\/title>\n<meta name=\"robots\" content=\"index, follow, max-snippet:-1, max-image-preview:large, max-video-preview:-1\" \/>\n<link rel=\"canonical\" href=\"https:\/\/wp.ufpel.edu.br\/malg\/mulheres-no-acervo\/\" \/>\n<meta property=\"og:locale\" content=\"pt_BR\" \/>\n<meta property=\"og:type\" content=\"article\" \/>\n<meta property=\"og:title\" content=\"A\u00e7\u00e3o curatorial: mulheres no acervo &#8212; Museu de Arte Leopoldo Gotuzzo\" \/>\n<meta property=\"og:description\" content=\"Exposi\u00e7\u00e3o virtual _ A\u00e7\u00e3o Curatorial [ 2020 ]\" \/>\n<meta property=\"og:url\" content=\"https:\/\/wp.ufpel.edu.br\/malg\/mulheres-no-acervo\/\" \/>\n<meta property=\"og:site_name\" content=\"Museu de Arte Leopoldo Gotuzzo\" \/>\n<meta property=\"article:publisher\" content=\"https:\/\/www.facebook.com\/museuleopoldogotuzzo\/\" \/>\n<meta property=\"article:published_time\" content=\"2020-12-16T22:04:30+00:00\" \/>\n<meta property=\"article:modified_time\" content=\"2021-10-25T19:40:47+00:00\" \/>\n<meta property=\"og:image\" content=\"https:\/\/i1.wp.com\/wp.ufpel.edu.br\/malg\/files\/2020\/12\/site_-capa-destaque.png?fit=1615%2C1015&ssl=1\" \/>\n\t<meta property=\"og:image:width\" content=\"1615\" \/>\n\t<meta property=\"og:image:height\" content=\"1015\" \/>\n\t<meta property=\"og:image:type\" content=\"image\/png\" \/>\n<meta name=\"author\" content=\"malg\" \/>\n<meta name=\"twitter:card\" content=\"summary_large_image\" \/>\n<meta name=\"twitter:label1\" content=\"Escrito por\" \/>\n\t<meta name=\"twitter:data1\" content=\"malg\" \/>\n\t<meta name=\"twitter:label2\" content=\"Est. tempo de leitura\" \/>\n\t<meta name=\"twitter:data2\" content=\"25 minutos\" \/>\n<script type=\"application\/ld+json\" class=\"yoast-schema-graph\">{\"@context\":\"https:\/\/schema.org\",\"@graph\":[{\"@type\":\"Article\",\"@id\":\"https:\/\/wp.ufpel.edu.br\/malg\/mulheres-no-acervo\/#article\",\"isPartOf\":{\"@id\":\"https:\/\/wp.ufpel.edu.br\/malg\/mulheres-no-acervo\/\"},\"author\":{\"name\":\"malg\",\"@id\":\"https:\/\/wp.ufpel.edu.br\/malg\/#\/schema\/person\/a1040aeaac59ac32619bdb8d85c23c1c\"},\"headline\":\"A\u00e7\u00e3o curatorial: mulheres no acervo\",\"datePublished\":\"2020-12-16T22:04:30+00:00\",\"dateModified\":\"2021-10-25T19:40:47+00:00\",\"mainEntityOfPage\":{\"@id\":\"https:\/\/wp.ufpel.edu.br\/malg\/mulheres-no-acervo\/\"},\"wordCount\":5949,\"publisher\":{\"@id\":\"https:\/\/wp.ufpel.edu.br\/malg\/#organization\"},\"image\":{\"@id\":\"https:\/\/wp.ufpel.edu.br\/malg\/mulheres-no-acervo\/#primaryimage\"},\"thumbnailUrl\":\"https:\/\/wp.ufpel.edu.br\/malg\/files\/2020\/12\/site_-capa-destaque.png\",\"articleSection\":[\"MALG\"],\"inLanguage\":\"pt-BR\"},{\"@type\":\"WebPage\",\"@id\":\"https:\/\/wp.ufpel.edu.br\/malg\/mulheres-no-acervo\/\",\"url\":\"https:\/\/wp.ufpel.edu.br\/malg\/mulheres-no-acervo\/\",\"name\":\"A\u00e7\u00e3o curatorial: mulheres no acervo &#8212; Museu de Arte Leopoldo Gotuzzo\",\"isPartOf\":{\"@id\":\"https:\/\/wp.ufpel.edu.br\/malg\/#website\"},\"primaryImageOfPage\":{\"@id\":\"https:\/\/wp.ufpel.edu.br\/malg\/mulheres-no-acervo\/#primaryimage\"},\"image\":{\"@id\":\"https:\/\/wp.ufpel.edu.br\/malg\/mulheres-no-acervo\/#primaryimage\"},\"thumbnailUrl\":\"https:\/\/wp.ufpel.edu.br\/malg\/files\/2020\/12\/site_-capa-destaque.png\",\"datePublished\":\"2020-12-16T22:04:30+00:00\",\"dateModified\":\"2021-10-25T19:40:47+00:00\",\"breadcrumb\":{\"@id\":\"https:\/\/wp.ufpel.edu.br\/malg\/mulheres-no-acervo\/#breadcrumb\"},\"inLanguage\":\"pt-BR\",\"potentialAction\":[{\"@type\":\"ReadAction\",\"target\":[\"https:\/\/wp.ufpel.edu.br\/malg\/mulheres-no-acervo\/\"]}]},{\"@type\":\"ImageObject\",\"inLanguage\":\"pt-BR\",\"@id\":\"https:\/\/wp.ufpel.edu.br\/malg\/mulheres-no-acervo\/#primaryimage\",\"url\":\"https:\/\/wp.ufpel.edu.br\/malg\/files\/2020\/12\/site_-capa-destaque.png\",\"contentUrl\":\"https:\/\/wp.ufpel.edu.br\/malg\/files\/2020\/12\/site_-capa-destaque.png\",\"width\":1615,\"height\":1015},{\"@type\":\"BreadcrumbList\",\"@id\":\"https:\/\/wp.ufpel.edu.br\/malg\/mulheres-no-acervo\/#breadcrumb\",\"itemListElement\":[{\"@type\":\"ListItem\",\"position\":1,\"name\":\"In\u00edcio\",\"item\":\"https:\/\/wp.ufpel.edu.br\/malg\/\"},{\"@type\":\"ListItem\",\"position\":2,\"name\":\"A\u00e7\u00e3o curatorial: mulheres no acervo\"}]},{\"@type\":\"WebSite\",\"@id\":\"https:\/\/wp.ufpel.edu.br\/malg\/#website\",\"url\":\"https:\/\/wp.ufpel.edu.br\/malg\/\",\"name\":\"Museu de Arte Leopoldo Gotuzzo\",\"description\":\"\",\"publisher\":{\"@id\":\"https:\/\/wp.ufpel.edu.br\/malg\/#organization\"},\"potentialAction\":[{\"@type\":\"SearchAction\",\"target\":{\"@type\":\"EntryPoint\",\"urlTemplate\":\"https:\/\/wp.ufpel.edu.br\/malg\/?s={search_term_string}\"},\"query-input\":{\"@type\":\"PropertyValueSpecification\",\"valueRequired\":true,\"valueName\":\"search_term_string\"}}],\"inLanguage\":\"pt-BR\"},{\"@type\":\"Organization\",\"@id\":\"https:\/\/wp.ufpel.edu.br\/malg\/#organization\",\"name\":\"MALG _ Museu de Arte Leopoldo Gotuzzo\",\"url\":\"https:\/\/wp.ufpel.edu.br\/malg\/\",\"logo\":{\"@type\":\"ImageObject\",\"inLanguage\":\"pt-BR\",\"@id\":\"https:\/\/wp.ufpel.edu.br\/malg\/#\/schema\/logo\/image\/\",\"url\":\"https:\/\/i0.wp.com\/wp.ufpel.edu.br\/malg\/files\/2020\/03\/01.png?fit=1240%2C476&ssl=1\",\"contentUrl\":\"https:\/\/i0.wp.com\/wp.ufpel.edu.br\/malg\/files\/2020\/03\/01.png?fit=1240%2C476&ssl=1\",\"width\":1240,\"height\":476,\"caption\":\"MALG _ Museu de Arte Leopoldo Gotuzzo\"},\"image\":{\"@id\":\"https:\/\/wp.ufpel.edu.br\/malg\/#\/schema\/logo\/image\/\"},\"sameAs\":[\"https:\/\/www.facebook.com\/museuleopoldogotuzzo\/\",\"https:\/\/www.instagram.com\/malg.ufpel\/\",\"https:\/\/www.youtube.com\/@MALG_UFPel\"]},{\"@type\":\"Person\",\"@id\":\"https:\/\/wp.ufpel.edu.br\/malg\/#\/schema\/person\/a1040aeaac59ac32619bdb8d85c23c1c\",\"name\":\"malg\",\"image\":{\"@type\":\"ImageObject\",\"inLanguage\":\"pt-BR\",\"@id\":\"https:\/\/wp.ufpel.edu.br\/malg\/#\/schema\/person\/image\/\",\"url\":\"https:\/\/secure.gravatar.com\/avatar\/a17213c8134a200c433dc271b8064eb8031117f588e6557de1f0abd6b8954227?s=96&d=mm&r=g\",\"contentUrl\":\"https:\/\/secure.gravatar.com\/avatar\/a17213c8134a200c433dc271b8064eb8031117f588e6557de1f0abd6b8954227?s=96&d=mm&r=g\",\"caption\":\"malg\"},\"url\":\"https:\/\/wp.ufpel.edu.br\/malg\/author\/malg\/\"}]}<\/script>\n<!-- \/ Yoast SEO plugin. -->","yoast_head_json":{"title":"A\u00e7\u00e3o curatorial: mulheres no acervo &#8212; Museu de Arte Leopoldo Gotuzzo","robots":{"index":"index","follow":"follow","max-snippet":"max-snippet:-1","max-image-preview":"max-image-preview:large","max-video-preview":"max-video-preview:-1"},"canonical":"https:\/\/wp.ufpel.edu.br\/malg\/mulheres-no-acervo\/","og_locale":"pt_BR","og_type":"article","og_title":"A\u00e7\u00e3o curatorial: mulheres no acervo &#8212; Museu de Arte Leopoldo Gotuzzo","og_description":"Exposi\u00e7\u00e3o virtual _ A\u00e7\u00e3o Curatorial [ 2020 ]","og_url":"https:\/\/wp.ufpel.edu.br\/malg\/mulheres-no-acervo\/","og_site_name":"Museu de Arte Leopoldo Gotuzzo","article_publisher":"https:\/\/www.facebook.com\/museuleopoldogotuzzo\/","article_published_time":"2020-12-16T22:04:30+00:00","article_modified_time":"2021-10-25T19:40:47+00:00","og_image":[{"width":1615,"height":1015,"url":"https:\/\/i1.wp.com\/wp.ufpel.edu.br\/malg\/files\/2020\/12\/site_-capa-destaque.png?fit=1615%2C1015&ssl=1","type":"image\/png"}],"author":"malg","twitter_card":"summary_large_image","twitter_misc":{"Escrito por":"malg","Est. tempo de leitura":"25 minutos"},"schema":{"@context":"https:\/\/schema.org","@graph":[{"@type":"Article","@id":"https:\/\/wp.ufpel.edu.br\/malg\/mulheres-no-acervo\/#article","isPartOf":{"@id":"https:\/\/wp.ufpel.edu.br\/malg\/mulheres-no-acervo\/"},"author":{"name":"malg","@id":"https:\/\/wp.ufpel.edu.br\/malg\/#\/schema\/person\/a1040aeaac59ac32619bdb8d85c23c1c"},"headline":"A\u00e7\u00e3o curatorial: mulheres no acervo","datePublished":"2020-12-16T22:04:30+00:00","dateModified":"2021-10-25T19:40:47+00:00","mainEntityOfPage":{"@id":"https:\/\/wp.ufpel.edu.br\/malg\/mulheres-no-acervo\/"},"wordCount":5949,"publisher":{"@id":"https:\/\/wp.ufpel.edu.br\/malg\/#organization"},"image":{"@id":"https:\/\/wp.ufpel.edu.br\/malg\/mulheres-no-acervo\/#primaryimage"},"thumbnailUrl":"https:\/\/wp.ufpel.edu.br\/malg\/files\/2020\/12\/site_-capa-destaque.png","articleSection":["MALG"],"inLanguage":"pt-BR"},{"@type":"WebPage","@id":"https:\/\/wp.ufpel.edu.br\/malg\/mulheres-no-acervo\/","url":"https:\/\/wp.ufpel.edu.br\/malg\/mulheres-no-acervo\/","name":"A\u00e7\u00e3o curatorial: mulheres no acervo &#8212; Museu de Arte Leopoldo Gotuzzo","isPartOf":{"@id":"https:\/\/wp.ufpel.edu.br\/malg\/#website"},"primaryImageOfPage":{"@id":"https:\/\/wp.ufpel.edu.br\/malg\/mulheres-no-acervo\/#primaryimage"},"image":{"@id":"https:\/\/wp.ufpel.edu.br\/malg\/mulheres-no-acervo\/#primaryimage"},"thumbnailUrl":"https:\/\/wp.ufpel.edu.br\/malg\/files\/2020\/12\/site_-capa-destaque.png","datePublished":"2020-12-16T22:04:30+00:00","dateModified":"2021-10-25T19:40:47+00:00","breadcrumb":{"@id":"https:\/\/wp.ufpel.edu.br\/malg\/mulheres-no-acervo\/#breadcrumb"},"inLanguage":"pt-BR","potentialAction":[{"@type":"ReadAction","target":["https:\/\/wp.ufpel.edu.br\/malg\/mulheres-no-acervo\/"]}]},{"@type":"ImageObject","inLanguage":"pt-BR","@id":"https:\/\/wp.ufpel.edu.br\/malg\/mulheres-no-acervo\/#primaryimage","url":"https:\/\/wp.ufpel.edu.br\/malg\/files\/2020\/12\/site_-capa-destaque.png","contentUrl":"https:\/\/wp.ufpel.edu.br\/malg\/files\/2020\/12\/site_-capa-destaque.png","width":1615,"height":1015},{"@type":"BreadcrumbList","@id":"https:\/\/wp.ufpel.edu.br\/malg\/mulheres-no-acervo\/#breadcrumb","itemListElement":[{"@type":"ListItem","position":1,"name":"In\u00edcio","item":"https:\/\/wp.ufpel.edu.br\/malg\/"},{"@type":"ListItem","position":2,"name":"A\u00e7\u00e3o curatorial: mulheres no acervo"}]},{"@type":"WebSite","@id":"https:\/\/wp.ufpel.edu.br\/malg\/#website","url":"https:\/\/wp.ufpel.edu.br\/malg\/","name":"Museu de Arte Leopoldo Gotuzzo","description":"","publisher":{"@id":"https:\/\/wp.ufpel.edu.br\/malg\/#organization"},"potentialAction":[{"@type":"SearchAction","target":{"@type":"EntryPoint","urlTemplate":"https:\/\/wp.ufpel.edu.br\/malg\/?s={search_term_string}"},"query-input":{"@type":"PropertyValueSpecification","valueRequired":true,"valueName":"search_term_string"}}],"inLanguage":"pt-BR"},{"@type":"Organization","@id":"https:\/\/wp.ufpel.edu.br\/malg\/#organization","name":"MALG _ Museu de Arte Leopoldo Gotuzzo","url":"https:\/\/wp.ufpel.edu.br\/malg\/","logo":{"@type":"ImageObject","inLanguage":"pt-BR","@id":"https:\/\/wp.ufpel.edu.br\/malg\/#\/schema\/logo\/image\/","url":"https:\/\/i0.wp.com\/wp.ufpel.edu.br\/malg\/files\/2020\/03\/01.png?fit=1240%2C476&ssl=1","contentUrl":"https:\/\/i0.wp.com\/wp.ufpel.edu.br\/malg\/files\/2020\/03\/01.png?fit=1240%2C476&ssl=1","width":1240,"height":476,"caption":"MALG _ Museu de Arte Leopoldo Gotuzzo"},"image":{"@id":"https:\/\/wp.ufpel.edu.br\/malg\/#\/schema\/logo\/image\/"},"sameAs":["https:\/\/www.facebook.com\/museuleopoldogotuzzo\/","https:\/\/www.instagram.com\/malg.ufpel\/","https:\/\/www.youtube.com\/@MALG_UFPel"]},{"@type":"Person","@id":"https:\/\/wp.ufpel.edu.br\/malg\/#\/schema\/person\/a1040aeaac59ac32619bdb8d85c23c1c","name":"malg","image":{"@type":"ImageObject","inLanguage":"pt-BR","@id":"https:\/\/wp.ufpel.edu.br\/malg\/#\/schema\/person\/image\/","url":"https:\/\/secure.gravatar.com\/avatar\/a17213c8134a200c433dc271b8064eb8031117f588e6557de1f0abd6b8954227?s=96&d=mm&r=g","contentUrl":"https:\/\/secure.gravatar.com\/avatar\/a17213c8134a200c433dc271b8064eb8031117f588e6557de1f0abd6b8954227?s=96&d=mm&r=g","caption":"malg"},"url":"https:\/\/wp.ufpel.edu.br\/malg\/author\/malg\/"}]}},"jetpack_publicize_connections":[],"jetpack_featured_media_url":"https:\/\/wp.ufpel.edu.br\/malg\/files\/2020\/12\/site_-capa-destaque.png","jetpack_sharing_enabled":true,"jetpack_shortlink":"https:\/\/wp.me\/p89KnE-vJ","_links":{"self":[{"href":"https:\/\/wp.ufpel.edu.br\/malg\/wp-json\/wp\/v2\/posts\/1967","targetHints":{"allow":["GET"]}}],"collection":[{"href":"https:\/\/wp.ufpel.edu.br\/malg\/wp-json\/wp\/v2\/posts"}],"about":[{"href":"https:\/\/wp.ufpel.edu.br\/malg\/wp-json\/wp\/v2\/types\/post"}],"author":[{"embeddable":true,"href":"https:\/\/wp.ufpel.edu.br\/malg\/wp-json\/wp\/v2\/users\/401"}],"replies":[{"embeddable":true,"href":"https:\/\/wp.ufpel.edu.br\/malg\/wp-json\/wp\/v2\/comments?post=1967"}],"version-history":[{"count":58,"href":"https:\/\/wp.ufpel.edu.br\/malg\/wp-json\/wp\/v2\/posts\/1967\/revisions"}],"predecessor-version":[{"id":3237,"href":"https:\/\/wp.ufpel.edu.br\/malg\/wp-json\/wp\/v2\/posts\/1967\/revisions\/3237"}],"wp:featuredmedia":[{"embeddable":true,"href":"https:\/\/wp.ufpel.edu.br\/malg\/wp-json\/wp\/v2\/media\/2007"}],"wp:attachment":[{"href":"https:\/\/wp.ufpel.edu.br\/malg\/wp-json\/wp\/v2\/media?parent=1967"}],"wp:term":[{"taxonomy":"category","embeddable":true,"href":"https:\/\/wp.ufpel.edu.br\/malg\/wp-json\/wp\/v2\/categories?post=1967"},{"taxonomy":"post_tag","embeddable":true,"href":"https:\/\/wp.ufpel.edu.br\/malg\/wp-json\/wp\/v2\/tags?post=1967"}],"curies":[{"name":"wp","href":"https:\/\/api.w.org\/{rel}","templated":true}]}}