{"id":1142,"date":"2019-11-06T14:13:58","date_gmt":"2019-11-06T17:13:58","guid":{"rendered":"https:\/\/wp.ufpel.edu.br\/malg\/?p=1142"},"modified":"2021-09-24T19:33:29","modified_gmt":"2021-09-24T22:33:29","slug":"claudio-martins-costa-instantes-de-permanencia","status":"publish","type":"post","link":"https:\/\/wp.ufpel.edu.br\/malg\/claudio-martins-costa-instantes-de-permanencia\/","title":{"rendered":"CL\u00c1UDIO MARTINS COSTA: Instantes de Perman\u00eancia"},"content":{"rendered":"<div id=\"pl-gb1142-69f33b9e59d01\"  class=\"panel-layout\" ><div id=\"pg-gb1142-69f33b9e59d01-0\"  class=\"panel-grid panel-no-style\" ><div id=\"pgc-gb1142-69f33b9e59d01-0-0\"  class=\"panel-grid-cell\" ><div id=\"panel-gb1142-69f33b9e59d01-0-0-0\" class=\"so-panel widget widget_sow-editor panel-first-child panel-last-child\" data-index=\"0\" ><div\n\t\t\t\n\t\t\tclass=\"so-widget-sow-editor so-widget-sow-editor-base\"\n\t\t\t\n\t\t>\n<div class=\"siteorigin-widget-tinymce textwidget\">\n\t<p><strong><span style=\"font-family: helvetica, arial, sans-serif;font-size: 24pt\">CL\u00c1UDIO MARTINS COSTA:<span style=\"font-size: 18pt\"> Instantes de Perman\u00eancia<\/span><\/span><\/strong><\/p>\n<\/div>\n<\/div><\/div><\/div><div id=\"pgc-gb1142-69f33b9e59d01-0-1\"  class=\"panel-grid-cell\" ><div id=\"panel-gb1142-69f33b9e59d01-0-1-0\" class=\"so-panel widget widget_sow-editor panel-first-child panel-last-child\" data-index=\"1\" ><div\n\t\t\t\n\t\t\tclass=\"so-widget-sow-editor so-widget-sow-editor-base\"\n\t\t\t\n\t\t>\n<div class=\"siteorigin-widget-tinymce textwidget\">\n\t<p style=\"text-align: right\"><span style=\"font-family: helvetica, arial, sans-serif;font-size: 10pt\">Convite padr\u00e3o\u00a0 |\u00a0\u00a0Convite completo\u00a0 |\u00a0\u00a0Folder<\/span><\/p>\n<\/div>\n<\/div><\/div><\/div><\/div><div id=\"pg-gb1142-69f33b9e59d01-1\"  class=\"panel-grid panel-no-style\" ><div id=\"pgc-gb1142-69f33b9e59d01-1-0\"  class=\"panel-grid-cell\" ><div id=\"panel-gb1142-69f33b9e59d01-1-0-0\" class=\"so-panel widget widget_sow-editor panel-first-child panel-last-child\" data-index=\"2\" ><div\n\t\t\t\n\t\t\tclass=\"so-widget-sow-editor so-widget-sow-editor-base\"\n\t\t\t\n\t\t>\n<div class=\"siteorigin-widget-tinymce textwidget\">\n\t<hr \/>\n<p>&nbsp;<\/p>\n<\/div>\n<\/div><\/div><\/div><\/div><div id=\"pg-gb1142-69f33b9e59d01-2\"  class=\"panel-grid panel-no-style\" ><div id=\"pgc-gb1142-69f33b9e59d01-2-0\"  class=\"panel-grid-cell\" ><div id=\"panel-gb1142-69f33b9e59d01-2-0-0\" class=\"so-panel widget widget_sow-editor panel-first-child\" data-index=\"3\" ><div\n\t\t\t\n\t\t\tclass=\"so-widget-sow-editor so-widget-sow-editor-base\"\n\t\t\t\n\t\t>\n<div class=\"siteorigin-widget-tinymce textwidget\">\n\t<p style=\"text-align: right\"><span style=\"font-size: 14pt\"><strong><span style=\"font-family: helvetica, arial, sans-serif\">09\/nov _ 15\/dez\/2019<\/span><\/strong><\/span><\/p>\n<\/div>\n<\/div><\/div><div id=\"panel-gb1142-69f33b9e59d01-2-0-1\" class=\"so-panel widget widget_media_image panel-last-child\" data-index=\"4\" ><img loading=\"lazy\" decoding=\"async\" data-attachment-id=\"1642\" data-permalink=\"https:\/\/wp.ufpel.edu.br\/malg\/claudio-martins-costa-instantes-de-permanencia\/convite_quadrado-3\/#main\" data-orig-file=\"https:\/\/wp.ufpel.edu.br\/malg\/files\/2019\/11\/convite_QUADRADO.png\" data-orig-size=\"1919,1919\" data-comments-opened=\"0\" data-image-meta=\"{&quot;aperture&quot;:&quot;0&quot;,&quot;credit&quot;:&quot;&quot;,&quot;camera&quot;:&quot;&quot;,&quot;caption&quot;:&quot;&quot;,&quot;created_timestamp&quot;:&quot;0&quot;,&quot;copyright&quot;:&quot;&quot;,&quot;focal_length&quot;:&quot;0&quot;,&quot;iso&quot;:&quot;0&quot;,&quot;shutter_speed&quot;:&quot;0&quot;,&quot;title&quot;:&quot;&quot;,&quot;orientation&quot;:&quot;0&quot;}\" data-image-title=\"convite_QUADRADO\" data-image-description=\"\" data-image-caption=\"\" data-medium-file=\"https:\/\/wp.ufpel.edu.br\/malg\/files\/2019\/11\/convite_QUADRADO-400x400.png\" data-large-file=\"https:\/\/wp.ufpel.edu.br\/malg\/files\/2019\/11\/convite_QUADRADO-900x900.png\" width=\"400\" height=\"400\" src=\"https:\/\/wp.ufpel.edu.br\/malg\/files\/2019\/11\/convite_QUADRADO-400x400.png\" class=\"image wp-image-1642  attachment-medium size-medium\" alt=\"\" style=\"max-width: 100%; height: auto;\" srcset=\"https:\/\/wp.ufpel.edu.br\/malg\/files\/2019\/11\/convite_QUADRADO-400x400.png 400w, https:\/\/wp.ufpel.edu.br\/malg\/files\/2019\/11\/convite_QUADRADO-900x900.png 900w, https:\/\/wp.ufpel.edu.br\/malg\/files\/2019\/11\/convite_QUADRADO-200x200.png 200w, https:\/\/wp.ufpel.edu.br\/malg\/files\/2019\/11\/convite_QUADRADO-768x768.png 768w, https:\/\/wp.ufpel.edu.br\/malg\/files\/2019\/11\/convite_QUADRADO-1536x1536.png 1536w, https:\/\/wp.ufpel.edu.br\/malg\/files\/2019\/11\/convite_QUADRADO.png 1919w\" sizes=\"auto, (max-width: 400px) 100vw, 400px\" data-attachment-id=\"1642\" data-permalink=\"https:\/\/wp.ufpel.edu.br\/malg\/claudio-martins-costa-instantes-de-permanencia\/convite_quadrado-3\/#main\" data-orig-file=\"https:\/\/wp.ufpel.edu.br\/malg\/files\/2019\/11\/convite_QUADRADO.png\" data-orig-size=\"1919,1919\" data-comments-opened=\"0\" data-image-meta=\"{&quot;aperture&quot;:&quot;0&quot;,&quot;credit&quot;:&quot;&quot;,&quot;camera&quot;:&quot;&quot;,&quot;caption&quot;:&quot;&quot;,&quot;created_timestamp&quot;:&quot;0&quot;,&quot;copyright&quot;:&quot;&quot;,&quot;focal_length&quot;:&quot;0&quot;,&quot;iso&quot;:&quot;0&quot;,&quot;shutter_speed&quot;:&quot;0&quot;,&quot;title&quot;:&quot;&quot;,&quot;orientation&quot;:&quot;0&quot;}\" data-image-title=\"convite_QUADRADO\" data-image-description=\"\" data-image-caption=\"\" data-medium-file=\"https:\/\/wp.ufpel.edu.br\/malg\/files\/2019\/11\/convite_QUADRADO-400x400.png\" data-large-file=\"https:\/\/wp.ufpel.edu.br\/malg\/files\/2019\/11\/convite_QUADRADO-900x900.png\" \/><\/div><\/div><div id=\"pgc-gb1142-69f33b9e59d01-2-1\"  class=\"panel-grid-cell\" ><div id=\"panel-gb1142-69f33b9e59d01-2-1-0\" class=\"so-panel widget widget_sow-editor panel-first-child panel-last-child\" data-index=\"5\" ><div\n\t\t\t\n\t\t\tclass=\"so-widget-sow-editor so-widget-sow-editor-base\"\n\t\t\t\n\t\t>\n<div class=\"siteorigin-widget-tinymce textwidget\">\n\t<p style=\"text-align: justify\"><span style=\"font-family: helvetica, arial, sans-serif\">O conjunto de trabalhos selecionados para esta mostra evidencia os aportes de Cl\u00e1udio Martins Costa (1932 &#8211; 2008) em sua investida sobre a bidimensionalidade, sem perder de vista a obra escult\u00f3rica atrav\u00e9s da qual se notabilizou. Desenhos, sobretudo, que atestam o olhar do escultor sobre seus temas centrais: a figura humana, com \u00eanfase nos povos ind\u00edgenas, maternidades e santos, os bichos da fauna brasileira, cavalos, touros e estudos para esculturas onde a volumetria, atrav\u00e9s do pensamento gr\u00e1fico, ultrapassa seu car\u00e1ter projetual e afirma-se como escopo de sua pesquisa.<\/span><\/p>\n<p style=\"text-align: justify\"><span style=\"font-family: helvetica, arial, sans-serif\">Para o artista\/educador, a escultura deveria se realizar enquanto emo\u00e7\u00e3o em volume. Em sua empreitada de concilia\u00e7\u00e3o da doc\u00eancia com a cria\u00e7\u00e3o art\u00edstica, dedicou seu tempo para o ensino em diversas institui\u00e7\u00f5es, tais como o Instituto de Artes da UFRGS, o Atelier Livre da Prefeitura de Porto Alegre e a Escola Superior de Artes Santa Cec\u00edlia, em Cachoeira do Sul. Cl\u00e1udio deixou um lastro de afetos, projetos, documentos de trabalho e ferramentas que indicam uma vida entrela\u00e7ada com o fazer e o ensino da arte. Agora, pela primeira vez, a cidade de Pelotas, por meio do Centro de Artes da Ufpel e do Museu Leopoldo Gotuzzo, encontra-se com a obra de Cl\u00e1udio Martins Costa e participa desta a\u00e7\u00e3o que visa recuperar sua mem\u00f3ria e legado.<\/span><\/p>\n<p style=\"text-align: justify\"><span style=\"font-family: helvetica, arial, sans-serif\">Em sua terceira edi\u00e7\u00e3o, Cl\u00e1udio Martins Costa: Instantes de Perman\u00eancia conclui o ciclo de exposi\u00e7\u00f5es previsto e referido no cat\u00e1logo hom\u00f4nimo, fruto de intensa pesquisa e documenta\u00e7\u00e3o sobre a vida e a obra desta figura exponencial na hist\u00f3ria da arte do Rio Grande do Sul.<\/span><\/p>\n<p style=\"text-align: right\"><span style=\"font-family: helvetica, arial, sans-serif\">curadoria\u00a0 <strong>_ <\/strong><\/span><strong>Cl\u00f3vis Martins Costa e Tet\u00ea Barachini<\/strong><\/p>\n<\/div>\n<\/div><\/div><\/div><\/div><\/div>","protected":false},"excerpt":{"rendered":"<p>CL\u00c1UDIO MARTINS COSTA: Instantes de Perman\u00eancia Convite padr\u00e3o\u00a0 |\u00a0\u00a0Convite completo\u00a0 |\u00a0\u00a0Folder &nbsp;<\/p>\n","protected":false},"author":401,"featured_media":1512,"comment_status":"closed","ping_status":"closed","sticky":false,"template":"","format":"standard","meta":{"jetpack_post_was_ever_published":false,"_jetpack_newsletter_access":"","_jetpack_dont_email_post_to_subs":false,"_jetpack_newsletter_tier_id":0,"_jetpack_memberships_contains_paywalled_content":false,"_jetpack_memberships_contains_paid_content":false,"footnotes":"","jetpack_publicize_message":"","jetpack_publicize_feature_enabled":true,"jetpack_social_post_already_shared":true,"jetpack_social_options":{"image_generator_settings":{"template":"highway","default_image_id":0,"font":"","enabled":false},"version":2}},"categories":[18],"tags":[],"class_list":{"0":"post-1142","1":"post","2":"type-post","3":"status-publish","4":"format-standard","5":"has-post-thumbnail","6":"hentry","7":"category-malg","9":"post-with-thumbnail","10":"post-with-thumbnail-large"},"yoast_head":"<!-- This site is optimized with the Yoast SEO plugin v26.7 - https:\/\/yoast.com\/wordpress\/plugins\/seo\/ -->\n<title>CL\u00c1UDIO MARTINS COSTA: Instantes de Perman\u00eancia &#8212; Museu de Arte Leopoldo Gotuzzo<\/title>\n<meta name=\"robots\" content=\"index, follow, max-snippet:-1, max-image-preview:large, max-video-preview:-1\" \/>\n<link rel=\"canonical\" href=\"https:\/\/wp.ufpel.edu.br\/malg\/claudio-martins-costa-instantes-de-permanencia\/\" \/>\n<meta property=\"og:locale\" content=\"pt_BR\" \/>\n<meta property=\"og:type\" content=\"article\" \/>\n<meta property=\"og:title\" content=\"CL\u00c1UDIO MARTINS COSTA: Instantes de Perman\u00eancia &#8212; Museu de Arte Leopoldo Gotuzzo\" \/>\n<meta property=\"og:description\" content=\"CL\u00c1UDIO MARTINS COSTA: Instantes de Perman\u00eancia Convite padr\u00e3o\u00a0 |\u00a0\u00a0Convite completo\u00a0 |\u00a0\u00a0Folder &nbsp;\" \/>\n<meta property=\"og:url\" content=\"https:\/\/wp.ufpel.edu.br\/malg\/claudio-martins-costa-instantes-de-permanencia\/\" \/>\n<meta property=\"og:site_name\" content=\"Museu de Arte Leopoldo Gotuzzo\" \/>\n<meta property=\"article:publisher\" content=\"https:\/\/www.facebook.com\/museuleopoldogotuzzo\/\" \/>\n<meta property=\"article:published_time\" content=\"2019-11-06T17:13:58+00:00\" \/>\n<meta property=\"article:modified_time\" content=\"2021-09-24T22:33:29+00:00\" \/>\n<meta property=\"og:image\" content=\"https:\/\/i1.wp.com\/wp.ufpel.edu.br\/malg\/files\/2019\/11\/img_destaque_instantes-de-permanencia.png?fit=1615%2C1015&ssl=1\" \/>\n\t<meta property=\"og:image:width\" content=\"1615\" \/>\n\t<meta property=\"og:image:height\" content=\"1015\" \/>\n\t<meta property=\"og:image:type\" content=\"image\/png\" \/>\n<meta name=\"author\" content=\"malg\" \/>\n<meta name=\"twitter:card\" content=\"summary_large_image\" \/>\n<meta name=\"twitter:label1\" content=\"Escrito por\" \/>\n\t<meta name=\"twitter:data1\" content=\"malg\" \/>\n\t<meta name=\"twitter:label2\" content=\"Est. tempo de leitura\" \/>\n\t<meta name=\"twitter:data2\" content=\"2 minutos\" \/>\n<script type=\"application\/ld+json\" class=\"yoast-schema-graph\">{\"@context\":\"https:\/\/schema.org\",\"@graph\":[{\"@type\":\"Article\",\"@id\":\"https:\/\/wp.ufpel.edu.br\/malg\/claudio-martins-costa-instantes-de-permanencia\/#article\",\"isPartOf\":{\"@id\":\"https:\/\/wp.ufpel.edu.br\/malg\/claudio-martins-costa-instantes-de-permanencia\/\"},\"author\":{\"name\":\"malg\",\"@id\":\"https:\/\/wp.ufpel.edu.br\/malg\/#\/schema\/person\/a1040aeaac59ac32619bdb8d85c23c1c\"},\"headline\":\"CL\u00c1UDIO MARTINS COSTA: Instantes de Perman\u00eancia\",\"datePublished\":\"2019-11-06T17:13:58+00:00\",\"dateModified\":\"2021-09-24T22:33:29+00:00\",\"mainEntityOfPage\":{\"@id\":\"https:\/\/wp.ufpel.edu.br\/malg\/claudio-martins-costa-instantes-de-permanencia\/\"},\"wordCount\":317,\"publisher\":{\"@id\":\"https:\/\/wp.ufpel.edu.br\/malg\/#organization\"},\"image\":{\"@id\":\"https:\/\/wp.ufpel.edu.br\/malg\/claudio-martins-costa-instantes-de-permanencia\/#primaryimage\"},\"thumbnailUrl\":\"https:\/\/wp.ufpel.edu.br\/malg\/files\/2019\/11\/img_destaque_instantes-de-permanencia.png\",\"articleSection\":[\"MALG\"],\"inLanguage\":\"pt-BR\"},{\"@type\":\"WebPage\",\"@id\":\"https:\/\/wp.ufpel.edu.br\/malg\/claudio-martins-costa-instantes-de-permanencia\/\",\"url\":\"https:\/\/wp.ufpel.edu.br\/malg\/claudio-martins-costa-instantes-de-permanencia\/\",\"name\":\"CL\u00c1UDIO MARTINS COSTA: Instantes de Perman\u00eancia &#8212; Museu de Arte Leopoldo Gotuzzo\",\"isPartOf\":{\"@id\":\"https:\/\/wp.ufpel.edu.br\/malg\/#website\"},\"primaryImageOfPage\":{\"@id\":\"https:\/\/wp.ufpel.edu.br\/malg\/claudio-martins-costa-instantes-de-permanencia\/#primaryimage\"},\"image\":{\"@id\":\"https:\/\/wp.ufpel.edu.br\/malg\/claudio-martins-costa-instantes-de-permanencia\/#primaryimage\"},\"thumbnailUrl\":\"https:\/\/wp.ufpel.edu.br\/malg\/files\/2019\/11\/img_destaque_instantes-de-permanencia.png\",\"datePublished\":\"2019-11-06T17:13:58+00:00\",\"dateModified\":\"2021-09-24T22:33:29+00:00\",\"breadcrumb\":{\"@id\":\"https:\/\/wp.ufpel.edu.br\/malg\/claudio-martins-costa-instantes-de-permanencia\/#breadcrumb\"},\"inLanguage\":\"pt-BR\",\"potentialAction\":[{\"@type\":\"ReadAction\",\"target\":[\"https:\/\/wp.ufpel.edu.br\/malg\/claudio-martins-costa-instantes-de-permanencia\/\"]}]},{\"@type\":\"ImageObject\",\"inLanguage\":\"pt-BR\",\"@id\":\"https:\/\/wp.ufpel.edu.br\/malg\/claudio-martins-costa-instantes-de-permanencia\/#primaryimage\",\"url\":\"https:\/\/wp.ufpel.edu.br\/malg\/files\/2019\/11\/img_destaque_instantes-de-permanencia.png\",\"contentUrl\":\"https:\/\/wp.ufpel.edu.br\/malg\/files\/2019\/11\/img_destaque_instantes-de-permanencia.png\",\"width\":1615,\"height\":1015},{\"@type\":\"BreadcrumbList\",\"@id\":\"https:\/\/wp.ufpel.edu.br\/malg\/claudio-martins-costa-instantes-de-permanencia\/#breadcrumb\",\"itemListElement\":[{\"@type\":\"ListItem\",\"position\":1,\"name\":\"In\u00edcio\",\"item\":\"https:\/\/wp.ufpel.edu.br\/malg\/\"},{\"@type\":\"ListItem\",\"position\":2,\"name\":\"CL\u00c1UDIO MARTINS COSTA: Instantes de Perman\u00eancia\"}]},{\"@type\":\"WebSite\",\"@id\":\"https:\/\/wp.ufpel.edu.br\/malg\/#website\",\"url\":\"https:\/\/wp.ufpel.edu.br\/malg\/\",\"name\":\"Museu de Arte Leopoldo Gotuzzo\",\"description\":\"\",\"publisher\":{\"@id\":\"https:\/\/wp.ufpel.edu.br\/malg\/#organization\"},\"potentialAction\":[{\"@type\":\"SearchAction\",\"target\":{\"@type\":\"EntryPoint\",\"urlTemplate\":\"https:\/\/wp.ufpel.edu.br\/malg\/?s={search_term_string}\"},\"query-input\":{\"@type\":\"PropertyValueSpecification\",\"valueRequired\":true,\"valueName\":\"search_term_string\"}}],\"inLanguage\":\"pt-BR\"},{\"@type\":\"Organization\",\"@id\":\"https:\/\/wp.ufpel.edu.br\/malg\/#organization\",\"name\":\"MALG _ Museu de Arte Leopoldo Gotuzzo\",\"url\":\"https:\/\/wp.ufpel.edu.br\/malg\/\",\"logo\":{\"@type\":\"ImageObject\",\"inLanguage\":\"pt-BR\",\"@id\":\"https:\/\/wp.ufpel.edu.br\/malg\/#\/schema\/logo\/image\/\",\"url\":\"https:\/\/i0.wp.com\/wp.ufpel.edu.br\/malg\/files\/2020\/03\/01.png?fit=1240%2C476&ssl=1\",\"contentUrl\":\"https:\/\/i0.wp.com\/wp.ufpel.edu.br\/malg\/files\/2020\/03\/01.png?fit=1240%2C476&ssl=1\",\"width\":1240,\"height\":476,\"caption\":\"MALG _ Museu de Arte Leopoldo Gotuzzo\"},\"image\":{\"@id\":\"https:\/\/wp.ufpel.edu.br\/malg\/#\/schema\/logo\/image\/\"},\"sameAs\":[\"https:\/\/www.facebook.com\/museuleopoldogotuzzo\/\",\"https:\/\/www.instagram.com\/malg.ufpel\/\",\"https:\/\/www.youtube.com\/@MALG_UFPel\"]},{\"@type\":\"Person\",\"@id\":\"https:\/\/wp.ufpel.edu.br\/malg\/#\/schema\/person\/a1040aeaac59ac32619bdb8d85c23c1c\",\"name\":\"malg\",\"image\":{\"@type\":\"ImageObject\",\"inLanguage\":\"pt-BR\",\"@id\":\"https:\/\/wp.ufpel.edu.br\/malg\/#\/schema\/person\/image\/\",\"url\":\"https:\/\/secure.gravatar.com\/avatar\/a17213c8134a200c433dc271b8064eb8031117f588e6557de1f0abd6b8954227?s=96&d=mm&r=g\",\"contentUrl\":\"https:\/\/secure.gravatar.com\/avatar\/a17213c8134a200c433dc271b8064eb8031117f588e6557de1f0abd6b8954227?s=96&d=mm&r=g\",\"caption\":\"malg\"},\"url\":\"https:\/\/wp.ufpel.edu.br\/malg\/author\/malg\/\"}]}<\/script>\n<!-- \/ Yoast SEO plugin. -->","yoast_head_json":{"title":"CL\u00c1UDIO MARTINS COSTA: Instantes de Perman\u00eancia &#8212; Museu de Arte Leopoldo Gotuzzo","robots":{"index":"index","follow":"follow","max-snippet":"max-snippet:-1","max-image-preview":"max-image-preview:large","max-video-preview":"max-video-preview:-1"},"canonical":"https:\/\/wp.ufpel.edu.br\/malg\/claudio-martins-costa-instantes-de-permanencia\/","og_locale":"pt_BR","og_type":"article","og_title":"CL\u00c1UDIO MARTINS COSTA: Instantes de Perman\u00eancia &#8212; Museu de Arte Leopoldo Gotuzzo","og_description":"CL\u00c1UDIO MARTINS COSTA: Instantes de Perman\u00eancia Convite padr\u00e3o\u00a0 |\u00a0\u00a0Convite completo\u00a0 |\u00a0\u00a0Folder &nbsp;","og_url":"https:\/\/wp.ufpel.edu.br\/malg\/claudio-martins-costa-instantes-de-permanencia\/","og_site_name":"Museu de Arte Leopoldo Gotuzzo","article_publisher":"https:\/\/www.facebook.com\/museuleopoldogotuzzo\/","article_published_time":"2019-11-06T17:13:58+00:00","article_modified_time":"2021-09-24T22:33:29+00:00","og_image":[{"width":1615,"height":1015,"url":"https:\/\/i1.wp.com\/wp.ufpel.edu.br\/malg\/files\/2019\/11\/img_destaque_instantes-de-permanencia.png?fit=1615%2C1015&ssl=1","type":"image\/png"}],"author":"malg","twitter_card":"summary_large_image","twitter_misc":{"Escrito por":"malg","Est. tempo de leitura":"2 minutos"},"schema":{"@context":"https:\/\/schema.org","@graph":[{"@type":"Article","@id":"https:\/\/wp.ufpel.edu.br\/malg\/claudio-martins-costa-instantes-de-permanencia\/#article","isPartOf":{"@id":"https:\/\/wp.ufpel.edu.br\/malg\/claudio-martins-costa-instantes-de-permanencia\/"},"author":{"name":"malg","@id":"https:\/\/wp.ufpel.edu.br\/malg\/#\/schema\/person\/a1040aeaac59ac32619bdb8d85c23c1c"},"headline":"CL\u00c1UDIO MARTINS COSTA: Instantes de Perman\u00eancia","datePublished":"2019-11-06T17:13:58+00:00","dateModified":"2021-09-24T22:33:29+00:00","mainEntityOfPage":{"@id":"https:\/\/wp.ufpel.edu.br\/malg\/claudio-martins-costa-instantes-de-permanencia\/"},"wordCount":317,"publisher":{"@id":"https:\/\/wp.ufpel.edu.br\/malg\/#organization"},"image":{"@id":"https:\/\/wp.ufpel.edu.br\/malg\/claudio-martins-costa-instantes-de-permanencia\/#primaryimage"},"thumbnailUrl":"https:\/\/wp.ufpel.edu.br\/malg\/files\/2019\/11\/img_destaque_instantes-de-permanencia.png","articleSection":["MALG"],"inLanguage":"pt-BR"},{"@type":"WebPage","@id":"https:\/\/wp.ufpel.edu.br\/malg\/claudio-martins-costa-instantes-de-permanencia\/","url":"https:\/\/wp.ufpel.edu.br\/malg\/claudio-martins-costa-instantes-de-permanencia\/","name":"CL\u00c1UDIO MARTINS COSTA: Instantes de Perman\u00eancia &#8212; Museu de Arte Leopoldo Gotuzzo","isPartOf":{"@id":"https:\/\/wp.ufpel.edu.br\/malg\/#website"},"primaryImageOfPage":{"@id":"https:\/\/wp.ufpel.edu.br\/malg\/claudio-martins-costa-instantes-de-permanencia\/#primaryimage"},"image":{"@id":"https:\/\/wp.ufpel.edu.br\/malg\/claudio-martins-costa-instantes-de-permanencia\/#primaryimage"},"thumbnailUrl":"https:\/\/wp.ufpel.edu.br\/malg\/files\/2019\/11\/img_destaque_instantes-de-permanencia.png","datePublished":"2019-11-06T17:13:58+00:00","dateModified":"2021-09-24T22:33:29+00:00","breadcrumb":{"@id":"https:\/\/wp.ufpel.edu.br\/malg\/claudio-martins-costa-instantes-de-permanencia\/#breadcrumb"},"inLanguage":"pt-BR","potentialAction":[{"@type":"ReadAction","target":["https:\/\/wp.ufpel.edu.br\/malg\/claudio-martins-costa-instantes-de-permanencia\/"]}]},{"@type":"ImageObject","inLanguage":"pt-BR","@id":"https:\/\/wp.ufpel.edu.br\/malg\/claudio-martins-costa-instantes-de-permanencia\/#primaryimage","url":"https:\/\/wp.ufpel.edu.br\/malg\/files\/2019\/11\/img_destaque_instantes-de-permanencia.png","contentUrl":"https:\/\/wp.ufpel.edu.br\/malg\/files\/2019\/11\/img_destaque_instantes-de-permanencia.png","width":1615,"height":1015},{"@type":"BreadcrumbList","@id":"https:\/\/wp.ufpel.edu.br\/malg\/claudio-martins-costa-instantes-de-permanencia\/#breadcrumb","itemListElement":[{"@type":"ListItem","position":1,"name":"In\u00edcio","item":"https:\/\/wp.ufpel.edu.br\/malg\/"},{"@type":"ListItem","position":2,"name":"CL\u00c1UDIO MARTINS COSTA: Instantes de Perman\u00eancia"}]},{"@type":"WebSite","@id":"https:\/\/wp.ufpel.edu.br\/malg\/#website","url":"https:\/\/wp.ufpel.edu.br\/malg\/","name":"Museu de Arte Leopoldo Gotuzzo","description":"","publisher":{"@id":"https:\/\/wp.ufpel.edu.br\/malg\/#organization"},"potentialAction":[{"@type":"SearchAction","target":{"@type":"EntryPoint","urlTemplate":"https:\/\/wp.ufpel.edu.br\/malg\/?s={search_term_string}"},"query-input":{"@type":"PropertyValueSpecification","valueRequired":true,"valueName":"search_term_string"}}],"inLanguage":"pt-BR"},{"@type":"Organization","@id":"https:\/\/wp.ufpel.edu.br\/malg\/#organization","name":"MALG _ Museu de Arte Leopoldo Gotuzzo","url":"https:\/\/wp.ufpel.edu.br\/malg\/","logo":{"@type":"ImageObject","inLanguage":"pt-BR","@id":"https:\/\/wp.ufpel.edu.br\/malg\/#\/schema\/logo\/image\/","url":"https:\/\/i0.wp.com\/wp.ufpel.edu.br\/malg\/files\/2020\/03\/01.png?fit=1240%2C476&ssl=1","contentUrl":"https:\/\/i0.wp.com\/wp.ufpel.edu.br\/malg\/files\/2020\/03\/01.png?fit=1240%2C476&ssl=1","width":1240,"height":476,"caption":"MALG _ Museu de Arte Leopoldo Gotuzzo"},"image":{"@id":"https:\/\/wp.ufpel.edu.br\/malg\/#\/schema\/logo\/image\/"},"sameAs":["https:\/\/www.facebook.com\/museuleopoldogotuzzo\/","https:\/\/www.instagram.com\/malg.ufpel\/","https:\/\/www.youtube.com\/@MALG_UFPel"]},{"@type":"Person","@id":"https:\/\/wp.ufpel.edu.br\/malg\/#\/schema\/person\/a1040aeaac59ac32619bdb8d85c23c1c","name":"malg","image":{"@type":"ImageObject","inLanguage":"pt-BR","@id":"https:\/\/wp.ufpel.edu.br\/malg\/#\/schema\/person\/image\/","url":"https:\/\/secure.gravatar.com\/avatar\/a17213c8134a200c433dc271b8064eb8031117f588e6557de1f0abd6b8954227?s=96&d=mm&r=g","contentUrl":"https:\/\/secure.gravatar.com\/avatar\/a17213c8134a200c433dc271b8064eb8031117f588e6557de1f0abd6b8954227?s=96&d=mm&r=g","caption":"malg"},"url":"https:\/\/wp.ufpel.edu.br\/malg\/author\/malg\/"}]}},"jetpack_publicize_connections":[],"jetpack_featured_media_url":"https:\/\/wp.ufpel.edu.br\/malg\/files\/2019\/11\/img_destaque_instantes-de-permanencia.png","jetpack_sharing_enabled":true,"jetpack_shortlink":"https:\/\/wp.me\/p89KnE-iq","_links":{"self":[{"href":"https:\/\/wp.ufpel.edu.br\/malg\/wp-json\/wp\/v2\/posts\/1142","targetHints":{"allow":["GET"]}}],"collection":[{"href":"https:\/\/wp.ufpel.edu.br\/malg\/wp-json\/wp\/v2\/posts"}],"about":[{"href":"https:\/\/wp.ufpel.edu.br\/malg\/wp-json\/wp\/v2\/types\/post"}],"author":[{"embeddable":true,"href":"https:\/\/wp.ufpel.edu.br\/malg\/wp-json\/wp\/v2\/users\/401"}],"replies":[{"embeddable":true,"href":"https:\/\/wp.ufpel.edu.br\/malg\/wp-json\/wp\/v2\/comments?post=1142"}],"version-history":[{"count":11,"href":"https:\/\/wp.ufpel.edu.br\/malg\/wp-json\/wp\/v2\/posts\/1142\/revisions"}],"predecessor-version":[{"id":2776,"href":"https:\/\/wp.ufpel.edu.br\/malg\/wp-json\/wp\/v2\/posts\/1142\/revisions\/2776"}],"wp:featuredmedia":[{"embeddable":true,"href":"https:\/\/wp.ufpel.edu.br\/malg\/wp-json\/wp\/v2\/media\/1512"}],"wp:attachment":[{"href":"https:\/\/wp.ufpel.edu.br\/malg\/wp-json\/wp\/v2\/media?parent=1142"}],"wp:term":[{"taxonomy":"category","embeddable":true,"href":"https:\/\/wp.ufpel.edu.br\/malg\/wp-json\/wp\/v2\/categories?post=1142"},{"taxonomy":"post_tag","embeddable":true,"href":"https:\/\/wp.ufpel.edu.br\/malg\/wp-json\/wp\/v2\/tags?post=1142"}],"curies":[{"name":"wp","href":"https:\/\/api.w.org\/{rel}","templated":true}]}}