{"id":941,"date":"2018-08-21T17:26:13","date_gmt":"2018-08-21T20:26:13","guid":{"rendered":"https:\/\/wp.ufpel.edu.br\/lvm\/?p=941"},"modified":"2018-08-21T17:26:13","modified_gmt":"2018-08-21T20:26:13","slug":"confirmacao-dos-inscritos-na-oficina-o-trabalho-com-folclore-2","status":"publish","type":"post","link":"https:\/\/wp.ufpel.edu.br\/lvm\/confirmacao-dos-inscritos-na-oficina-o-trabalho-com-folclore-2\/","title":{"rendered":"Confirma\u00e7\u00e3o dos inscritos na oficina o trabalho com Folclore"},"content":{"rendered":"<p><span style=\"font-family: tahoma, arial, helvetica, sans-serif;color: #000000\">Os nomes da lista abaixo s\u00e3o dos que est\u00e3o com a inscri\u00e7\u00e3o confirmada na nossa oficina do dia 23 de agosto, \u00e0s 18:00,\u00a0na sala A do andar t\u00e9rreo do ICH. Os participantes precisam levar: l\u00e1pis de cor (ou giz de cera), tesoura, cola e uma garrafa PET pequena com a tampa.<\/span><\/p>\n<p><span style=\"font-family: tahoma, arial, helvetica, sans-serif;color: #000000\">Jennifer Xavier dos Passos<\/span><\/p>\n<p><span style=\"font-family: tahoma, arial, helvetica, sans-serif;color: #000000\">Bruna Cardoso Acunha<\/span><\/p>\n<p><span style=\"font-family: tahoma, arial, helvetica, sans-serif;color: #000000\">Mayara Brasil<\/span><\/p>\n<p><span style=\"font-family: tahoma, arial, helvetica, sans-serif;color: #000000\">Ariele Madruga<\/span><\/p>\n<p><span style=\"font-family: tahoma, arial, helvetica, sans-serif;color: #000000\">C\u00e2ndida Brasil<\/span><\/p>\n<p><span style=\"font-family: tahoma, arial, helvetica, sans-serif;color: #000000\">Maiara Correa da Silva<\/span><\/p>\n<p><span style=\"font-family: tahoma, arial, helvetica, sans-serif;color: #000000\">Adrianne Roxo<\/span><\/p>\n<p><span style=\"font-family: tahoma, arial, helvetica, sans-serif;color: #000000\">Grace Braz<\/span><\/p>\n<p><span style=\"font-family: tahoma, arial, helvetica, sans-serif;color: #000000\">Lizandra\u00a0Schmalfuss<\/span><\/p>\n<p><span style=\"font-family: tahoma, arial, helvetica, sans-serif;color: #000000\">Luiza\u00a0Belem Teixeira<\/span><\/p>\n<p><span style=\"font-family: tahoma, arial, helvetica, sans-serif;color: #000000\">Hashelen\u00a0Le\u00e3o<\/span><\/p>\n<p><span style=\"font-family: tahoma, arial, helvetica, sans-serif;color: #000000\">Pamela\u00a0Ferreira Silveira<\/span><\/p>\n<p><span style=\"font-family: tahoma, arial, helvetica, sans-serif;color: #000000\">Evelin\u00a0Dutra<\/span><\/p>\n<p><span style=\"font-family: tahoma, arial, helvetica, sans-serif;color: #000000\">Caren\u00a0Oliveira do Nascimento<\/span><\/p>\n<p><span style=\"font-family: tahoma, arial, helvetica, sans-serif;color: #000000\">Aline\u00a0Nienczeski<\/span><\/p>\n<p><span style=\"font-family: tahoma, arial, helvetica, sans-serif;color: #000000\">Stephanie\u00a0Pereira Da Rocha<\/span><\/p>\n<p><span style=\"font-family: tahoma, arial, helvetica, sans-serif;color: #000000\">Franciele\u00a0Becker<\/span><\/p>\n<p><span style=\"font-family: tahoma, arial, helvetica, sans-serif;color: #000000\">Cibele\u00a0da Silva Trindade do Nascimento<\/span><\/p>\n<p><span style=\"font-family: tahoma, arial, helvetica, sans-serif;color: #000000\">Carolina\u00a0da Motta Tavares<\/span><\/p>\n<p><span style=\"font-family: tahoma, arial, helvetica, sans-serif;color: #000000\">Raquel\u00a0Guterres Palma<\/span><\/p>\n<p><span style=\"font-family: tahoma, arial, helvetica, sans-serif;color: #000000\">Doranei\u00a0Cardoso<\/span><\/p>\n<p><span style=\"font-family: tahoma, arial, helvetica, sans-serif;color: #000000\">Lu\u00edsa\u00a0N\u00f6rnberg<\/span><\/p>\n<p><span style=\"font-family: tahoma, arial, helvetica, sans-serif;color: #000000\">Suplentes:<\/span><\/p>\n<p><span style=\"font-family: tahoma, arial, helvetica, sans-serif;color: #000000\">Cristiana\u00a0Rodrigues<\/span><\/p>\n<p><span style=\"font-family: tahoma, arial, helvetica, sans-serif;color: #000000\">Isabela\u00a0dos Santos Kr\u00f6ning<\/span><\/p>\n<p><span style=\"font-family: tahoma, arial, helvetica, sans-serif;color: #000000\">Tamires\u00a0Jara Goulart<\/span><\/p>\n<p><span style=\"font-family: tahoma, arial, helvetica, sans-serif;color: #000000\">Jamile\u00a0Seus Jeske<\/span><\/p>\n<p><span style=\"font-family: tahoma, arial, helvetica, sans-serif;color: #000000\">Ang\u00e9lica\u00a0dos Santos Karsburg<\/span><\/p>\n<p><span style=\"font-family: tahoma, arial, helvetica, sans-serif;color: #000000\">Luenen\u00a0Maia Schmidt<\/span><\/p>\n","protected":false},"excerpt":{"rendered":"<p>Os nomes da lista abaixo s\u00e3o dos que est\u00e3o com a inscri\u00e7\u00e3o confirmada na nossa oficina do dia 23 de agosto, \u00e0s 18:00,\u00a0na sala A do andar t\u00e9rreo do ICH. Os participantes precisam levar: l\u00e1pis de cor (ou giz de cera), tesoura, cola e uma garrafa PET pequena com a tampa. Jennifer Xavier dos Passos [&hellip;]<\/p>\n","protected":false},"author":291,"featured_media":0,"comment_status":"closed","ping_status":"closed","sticky":false,"template":"","format":"standard","meta":{"footnotes":""},"categories":[70657],"tags":[],"class_list":["post-941","post","type-post","status-publish","format-standard","hentry","category-oficinas-multilinguagens"],"jetpack_featured_media_url":"","_links":{"self":[{"href":"https:\/\/wp.ufpel.edu.br\/lvm\/wp-json\/wp\/v2\/posts\/941","targetHints":{"allow":["GET"]}}],"collection":[{"href":"https:\/\/wp.ufpel.edu.br\/lvm\/wp-json\/wp\/v2\/posts"}],"about":[{"href":"https:\/\/wp.ufpel.edu.br\/lvm\/wp-json\/wp\/v2\/types\/post"}],"author":[{"embeddable":true,"href":"https:\/\/wp.ufpel.edu.br\/lvm\/wp-json\/wp\/v2\/users\/291"}],"replies":[{"embeddable":true,"href":"https:\/\/wp.ufpel.edu.br\/lvm\/wp-json\/wp\/v2\/comments?post=941"}],"version-history":[{"count":1,"href":"https:\/\/wp.ufpel.edu.br\/lvm\/wp-json\/wp\/v2\/posts\/941\/revisions"}],"predecessor-version":[{"id":943,"href":"https:\/\/wp.ufpel.edu.br\/lvm\/wp-json\/wp\/v2\/posts\/941\/revisions\/943"}],"wp:attachment":[{"href":"https:\/\/wp.ufpel.edu.br\/lvm\/wp-json\/wp\/v2\/media?parent=941"}],"wp:term":[{"taxonomy":"category","embeddable":true,"href":"https:\/\/wp.ufpel.edu.br\/lvm\/wp-json\/wp\/v2\/categories?post=941"},{"taxonomy":"post_tag","embeddable":true,"href":"https:\/\/wp.ufpel.edu.br\/lvm\/wp-json\/wp\/v2\/tags?post=941"}],"curies":[{"name":"wp","href":"https:\/\/api.w.org\/{rel}","templated":true}]}}