{"id":907,"date":"2018-08-08T15:06:10","date_gmt":"2018-08-08T18:06:10","guid":{"rendered":"https:\/\/wp.ufpel.edu.br\/lvm\/?p=907"},"modified":"2018-08-09T16:01:10","modified_gmt":"2018-08-09T19:01:10","slug":"equipe-do-lam-aplica-oficina-no-evento-egem-e-eiemat","status":"publish","type":"post","link":"https:\/\/wp.ufpel.edu.br\/lvm\/equipe-do-lam-aplica-oficina-no-evento-egem-e-eiemat\/","title":{"rendered":"Equipe do LAM aplica oficina no evento EGEM e EIEMAT"},"content":{"rendered":"<p style=\"text-align: justify\"><span style=\"color: #000000;font-family: tahoma, arial, helvetica, sans-serif\"><a href=\"https:\/\/wp.ufpel.edu.br\/lvm\/files\/2018\/08\/38208455_1935972419850052_863475060004880384_n.jpg\"><img class=\"size-medium wp-image-909 alignleft\" src=\"https:\/\/wp.ufpel.edu.br\/lvm\/files\/2018\/08\/38208455_1935972419850052_863475060004880384_n-300x400.jpg\" alt=\"\" width=\"300\" height=\"400\" srcset=\"https:\/\/wp.ufpel.edu.br\/lvm\/files\/2018\/08\/38208455_1935972419850052_863475060004880384_n-300x400.jpg 300w, https:\/\/wp.ufpel.edu.br\/lvm\/files\/2018\/08\/38208455_1935972419850052_863475060004880384_n.jpg 720w\" sizes=\"(max-width: 300px) 100vw, 300px\" \/><\/a>Foi realizado no dia 01 de agosto\u00a0no evento XIII Encontro Ga\u00facho de Educa\u00e7\u00e3o Matem\u00e1tica (EGEM) e VI Escola de Inverno de Educa\u00e7\u00e3o Matem\u00e1tica (EIEMAT), a oficina sobre adi\u00e7\u00e3o de fra\u00e7\u00f5es: trabalhando o significado de fra\u00e7\u00f5es atrav\u00e9s de jogos , que tem por objetivo representar soma de fra\u00e7\u00f5es mediante atividades que abordem diferentes situa\u00e7\u00f5es e significados de fra\u00e7\u00f5es, o p\u00fablico alvo foram os professores do Ensino Fundamental a partir do quarto ano.\u00a0Foi ministrado pelo grupo do LAM Andressa Lixieski Manske, L\u00facia Renata dos Santos Silveira, Geraldo Oliveira da Silva, M\u00f4nica Falc\u00e3o Duarte, e\u00a0pela coordenadora do LAM, professora\u00a0Rita de C\u00e1ssia de Souza Soares Ramos.<\/span><\/p>\n","protected":false},"excerpt":{"rendered":"<p>Foi realizado no dia 01 de agosto\u00a0no evento XIII Encontro Ga\u00facho de Educa\u00e7\u00e3o Matem\u00e1tica (EGEM) e VI Escola de Inverno de Educa\u00e7\u00e3o Matem\u00e1tica (EIEMAT), a oficina sobre adi\u00e7\u00e3o de fra\u00e7\u00f5es: trabalhando o significado de fra\u00e7\u00f5es atrav\u00e9s de jogos , que tem por objetivo representar soma de fra\u00e7\u00f5es mediante atividades que abordem diferentes situa\u00e7\u00f5es e significados [&hellip;]<\/p>\n","protected":false},"author":291,"featured_media":0,"comment_status":"closed","ping_status":"closed","sticky":false,"template":"","format":"standard","meta":{"footnotes":""},"categories":[70657],"tags":[],"class_list":["post-907","post","type-post","status-publish","format-standard","hentry","category-oficinas-multilinguagens"],"jetpack_featured_media_url":"","_links":{"self":[{"href":"https:\/\/wp.ufpel.edu.br\/lvm\/wp-json\/wp\/v2\/posts\/907","targetHints":{"allow":["GET"]}}],"collection":[{"href":"https:\/\/wp.ufpel.edu.br\/lvm\/wp-json\/wp\/v2\/posts"}],"about":[{"href":"https:\/\/wp.ufpel.edu.br\/lvm\/wp-json\/wp\/v2\/types\/post"}],"author":[{"embeddable":true,"href":"https:\/\/wp.ufpel.edu.br\/lvm\/wp-json\/wp\/v2\/users\/291"}],"replies":[{"embeddable":true,"href":"https:\/\/wp.ufpel.edu.br\/lvm\/wp-json\/wp\/v2\/comments?post=907"}],"version-history":[{"count":2,"href":"https:\/\/wp.ufpel.edu.br\/lvm\/wp-json\/wp\/v2\/posts\/907\/revisions"}],"predecessor-version":[{"id":920,"href":"https:\/\/wp.ufpel.edu.br\/lvm\/wp-json\/wp\/v2\/posts\/907\/revisions\/920"}],"wp:attachment":[{"href":"https:\/\/wp.ufpel.edu.br\/lvm\/wp-json\/wp\/v2\/media?parent=907"}],"wp:term":[{"taxonomy":"category","embeddable":true,"href":"https:\/\/wp.ufpel.edu.br\/lvm\/wp-json\/wp\/v2\/categories?post=907"},{"taxonomy":"post_tag","embeddable":true,"href":"https:\/\/wp.ufpel.edu.br\/lvm\/wp-json\/wp\/v2\/tags?post=907"}],"curies":[{"name":"wp","href":"https:\/\/api.w.org\/{rel}","templated":true}]}}