{"id":885,"date":"2018-07-26T17:45:40","date_gmt":"2018-07-26T20:45:40","guid":{"rendered":"https:\/\/wp.ufpel.edu.br\/lvm\/?p=885"},"modified":"2018-07-26T17:45:40","modified_gmt":"2018-07-26T20:45:40","slug":"professores-recebem-oficina-sobre-fracao-no-lam","status":"publish","type":"post","link":"https:\/\/wp.ufpel.edu.br\/lvm\/professores-recebem-oficina-sobre-fracao-no-lam\/","title":{"rendered":"Professores recebem oficina sobre fra\u00e7\u00e3o no LAM"},"content":{"rendered":"<p><a href=\"https:\/\/wp.ufpel.edu.br\/lvm\/files\/2018\/07\/WhatsApp-Image-2018-07-26-at-09.42.24.jpeg\"><img class=\"size-medium wp-image-887 alignleft\" src=\"https:\/\/wp.ufpel.edu.br\/lvm\/files\/2018\/07\/WhatsApp-Image-2018-07-26-at-09.42.24-400x300.jpeg\" alt=\"\" width=\"400\" height=\"300\" srcset=\"https:\/\/wp.ufpel.edu.br\/lvm\/files\/2018\/07\/WhatsApp-Image-2018-07-26-at-09.42.24-400x300.jpeg 400w, https:\/\/wp.ufpel.edu.br\/lvm\/files\/2018\/07\/WhatsApp-Image-2018-07-26-at-09.42.24-768x576.jpeg 768w, https:\/\/wp.ufpel.edu.br\/lvm\/files\/2018\/07\/WhatsApp-Image-2018-07-26-at-09.42.24-1024x768.jpeg 1024w, https:\/\/wp.ufpel.edu.br\/lvm\/files\/2018\/07\/WhatsApp-Image-2018-07-26-at-09.42.24.jpeg 1040w\" sizes=\"(max-width: 400px) 100vw, 400px\" \/><\/a><\/p>\n<p style=\"text-align: justify\"><span style=\"font-family: tahoma, arial, helvetica, sans-serif;color: #000000\">Foi realizado no dia 25 de julho\u00a0no Laborat\u00f3rio Multilinguagens (LAM) a oficina sobre fra\u00e7\u00e3o, que teve por objetivo discutir e mostrar jogos relacionados ao conte\u00fado de fra\u00e7\u00e3o\u00a0para possibilitar aos professores formas de contribuir para o aprendizado do aluno, o p\u00fablico alvo foram professores dos anos finais do Ensino Fundamental. Foi ministrado pelos bolsistas M\u00f4nica Falc\u00e3o Duarte, Andr\u00e9ia Sell Quandt, Patr\u00edcia Guterres Borges, Geraldo Oliveira da Silva,Patricia Casarin Peil e pela coordenadora do LAM, professora\u00a0Rita de C\u00e1ssia de Souza Soares Ramos.<\/span><\/p>\n","protected":false},"excerpt":{"rendered":"<p>Foi realizado no dia 25 de julho\u00a0no Laborat\u00f3rio Multilinguagens (LAM) a oficina sobre fra\u00e7\u00e3o, que teve por objetivo discutir e mostrar jogos relacionados ao conte\u00fado de fra\u00e7\u00e3o\u00a0para possibilitar aos professores formas de contribuir para o aprendizado do aluno, o p\u00fablico alvo foram professores dos anos finais do Ensino Fundamental. Foi ministrado pelos bolsistas M\u00f4nica Falc\u00e3o [&hellip;]<\/p>\n","protected":false},"author":291,"featured_media":0,"comment_status":"closed","ping_status":"closed","sticky":false,"template":"","format":"standard","meta":{"footnotes":""},"categories":[70657],"tags":[],"class_list":["post-885","post","type-post","status-publish","format-standard","hentry","category-oficinas-multilinguagens"],"jetpack_featured_media_url":"","_links":{"self":[{"href":"https:\/\/wp.ufpel.edu.br\/lvm\/wp-json\/wp\/v2\/posts\/885","targetHints":{"allow":["GET"]}}],"collection":[{"href":"https:\/\/wp.ufpel.edu.br\/lvm\/wp-json\/wp\/v2\/posts"}],"about":[{"href":"https:\/\/wp.ufpel.edu.br\/lvm\/wp-json\/wp\/v2\/types\/post"}],"author":[{"embeddable":true,"href":"https:\/\/wp.ufpel.edu.br\/lvm\/wp-json\/wp\/v2\/users\/291"}],"replies":[{"embeddable":true,"href":"https:\/\/wp.ufpel.edu.br\/lvm\/wp-json\/wp\/v2\/comments?post=885"}],"version-history":[{"count":1,"href":"https:\/\/wp.ufpel.edu.br\/lvm\/wp-json\/wp\/v2\/posts\/885\/revisions"}],"predecessor-version":[{"id":888,"href":"https:\/\/wp.ufpel.edu.br\/lvm\/wp-json\/wp\/v2\/posts\/885\/revisions\/888"}],"wp:attachment":[{"href":"https:\/\/wp.ufpel.edu.br\/lvm\/wp-json\/wp\/v2\/media?parent=885"}],"wp:term":[{"taxonomy":"category","embeddable":true,"href":"https:\/\/wp.ufpel.edu.br\/lvm\/wp-json\/wp\/v2\/categories?post=885"},{"taxonomy":"post_tag","embeddable":true,"href":"https:\/\/wp.ufpel.edu.br\/lvm\/wp-json\/wp\/v2\/tags?post=885"}],"curies":[{"name":"wp","href":"https:\/\/api.w.org\/{rel}","templated":true}]}}