{"id":833,"date":"2018-07-12T15:20:00","date_gmt":"2018-07-12T18:20:00","guid":{"rendered":"https:\/\/wp.ufpel.edu.br\/lvm\/?p=833"},"modified":"2018-07-12T15:20:00","modified_gmt":"2018-07-12T18:20:00","slug":"a-equipe-do-lam-realiza-oficina-sobre-atividades-com-material-dourado-no-ensino-fundamental","status":"publish","type":"post","link":"https:\/\/wp.ufpel.edu.br\/lvm\/a-equipe-do-lam-realiza-oficina-sobre-atividades-com-material-dourado-no-ensino-fundamental\/","title":{"rendered":"A equipe do LAM realiza oficina sobre Atividades com Material Dourado no Ensino Fundamental"},"content":{"rendered":"<p><a href=\"https:\/\/wp.ufpel.edu.br\/lvm\/files\/2018\/07\/WhatsApp-Image-2018-07-11-at-19.41.03-1.jpeg\"><img class=\"size-medium wp-image-836 alignleft\" src=\"https:\/\/wp.ufpel.edu.br\/lvm\/files\/2018\/07\/WhatsApp-Image-2018-07-11-at-19.41.03-1-400x225.jpeg\" alt=\"\" width=\"400\" height=\"225\" srcset=\"https:\/\/wp.ufpel.edu.br\/lvm\/files\/2018\/07\/WhatsApp-Image-2018-07-11-at-19.41.03-1-400x225.jpeg 400w, https:\/\/wp.ufpel.edu.br\/lvm\/files\/2018\/07\/WhatsApp-Image-2018-07-11-at-19.41.03-1-768x432.jpeg 768w, https:\/\/wp.ufpel.edu.br\/lvm\/files\/2018\/07\/WhatsApp-Image-2018-07-11-at-19.41.03-1-1024x576.jpeg 1024w, https:\/\/wp.ufpel.edu.br\/lvm\/files\/2018\/07\/WhatsApp-Image-2018-07-11-at-19.41.03-1.jpeg 1280w\" sizes=\"(max-width: 400px) 100vw, 400px\" \/><\/a><\/p>\n<p style=\"text-align: justify\"><span style=\"font-family: tahoma, arial, helvetica, sans-serif;color: #000000\">Foi realizado no dia 11 de julho no Laborat\u00f3rio Multilinguagens (LAM) a oficina sobre Atividades com Material Dourado no Ensino Fundamental com o objetivo de perceber as rela\u00e7\u00f5es que existem entre as pe\u00e7as do material dourado e atrav\u00e9s das trocas, compreender a numera\u00e7\u00e3o decimal. O p\u00fablico alvo foram os alunas da pedagogia e professores dos anos iniciais. Foi ministrado pelos bolsistas Geraldo Oliveira da Silva e Andr\u00e9ia Sell Quandt\u00a0 e pela coordenadora do LAM, professora\u00a0Rita de C\u00e1ssia de Souza Soares Ramos.<\/span><\/p>\n","protected":false},"excerpt":{"rendered":"<p>Foi realizado no dia 11 de julho no Laborat\u00f3rio Multilinguagens (LAM) a oficina sobre Atividades com Material Dourado no Ensino Fundamental com o objetivo de perceber as rela\u00e7\u00f5es que existem entre as pe\u00e7as do material dourado e atrav\u00e9s das trocas, compreender a numera\u00e7\u00e3o decimal. O p\u00fablico alvo foram os alunas da pedagogia e professores dos [&hellip;]<\/p>\n","protected":false},"author":291,"featured_media":0,"comment_status":"closed","ping_status":"closed","sticky":false,"template":"","format":"standard","meta":{"footnotes":""},"categories":[70657],"tags":[],"class_list":["post-833","post","type-post","status-publish","format-standard","hentry","category-oficinas-multilinguagens"],"jetpack_featured_media_url":"","_links":{"self":[{"href":"https:\/\/wp.ufpel.edu.br\/lvm\/wp-json\/wp\/v2\/posts\/833","targetHints":{"allow":["GET"]}}],"collection":[{"href":"https:\/\/wp.ufpel.edu.br\/lvm\/wp-json\/wp\/v2\/posts"}],"about":[{"href":"https:\/\/wp.ufpel.edu.br\/lvm\/wp-json\/wp\/v2\/types\/post"}],"author":[{"embeddable":true,"href":"https:\/\/wp.ufpel.edu.br\/lvm\/wp-json\/wp\/v2\/users\/291"}],"replies":[{"embeddable":true,"href":"https:\/\/wp.ufpel.edu.br\/lvm\/wp-json\/wp\/v2\/comments?post=833"}],"version-history":[{"count":2,"href":"https:\/\/wp.ufpel.edu.br\/lvm\/wp-json\/wp\/v2\/posts\/833\/revisions"}],"predecessor-version":[{"id":838,"href":"https:\/\/wp.ufpel.edu.br\/lvm\/wp-json\/wp\/v2\/posts\/833\/revisions\/838"}],"wp:attachment":[{"href":"https:\/\/wp.ufpel.edu.br\/lvm\/wp-json\/wp\/v2\/media?parent=833"}],"wp:term":[{"taxonomy":"category","embeddable":true,"href":"https:\/\/wp.ufpel.edu.br\/lvm\/wp-json\/wp\/v2\/categories?post=833"},{"taxonomy":"post_tag","embeddable":true,"href":"https:\/\/wp.ufpel.edu.br\/lvm\/wp-json\/wp\/v2\/tags?post=833"}],"curies":[{"name":"wp","href":"https:\/\/api.w.org\/{rel}","templated":true}]}}