{"id":829,"date":"2018-07-10T15:28:14","date_gmt":"2018-07-10T18:28:14","guid":{"rendered":"https:\/\/wp.ufpel.edu.br\/lvm\/?p=829"},"modified":"2018-07-10T15:28:14","modified_gmt":"2018-07-10T18:28:14","slug":"confirmacao-dos-inscritos-na-oficina-atividades-com-material-dourado-no-ensino-fundamental","status":"publish","type":"post","link":"https:\/\/wp.ufpel.edu.br\/lvm\/confirmacao-dos-inscritos-na-oficina-atividades-com-material-dourado-no-ensino-fundamental\/","title":{"rendered":"Confirma\u00e7\u00e3o dos inscritos na oficina Atividades com Material Dourado no Ensino Fundamental"},"content":{"rendered":"<p style=\"text-align: justify\"><span style=\"font-family: tahoma, arial, helvetica, sans-serif;color: #000000\">Os nomes da lista abaixo s\u00e3o os que est\u00e3o com a inscri\u00e7\u00e3o confirmada na nossa oficina do dia 11 de julho, \u00e0s 19:00, na sala 308, andar 3A, do pr\u00e9dio da Cotada, que abriga o CENG e a CPED., al\u00e9m do Laborat\u00f3rio Multilinguagens do LIFE.<\/span><\/p>\n<p style=\"text-align: justify\"><span style=\"font-family: tahoma, arial, helvetica, sans-serif;color: #000000\">Claudia\u00a0Gorim Mendes Terres<\/span><\/p>\n<p style=\"text-align: justify\"><span style=\"font-family: tahoma, arial, helvetica, sans-serif;color: #000000\">Lais\u00a0Ribeiro Soler<\/span><\/p>\n<p style=\"text-align: justify\"><span style=\"font-family: tahoma, arial, helvetica, sans-serif;color: #000000\">Jaqueli\u00a0Tomaschewski<\/span><\/p>\n<p style=\"text-align: justify\"><span style=\"font-family: tahoma, arial, helvetica, sans-serif;color: #000000\">Caren\u00a0Oliveira do Nascimento<\/span><\/p>\n<p style=\"text-align: justify\"><span style=\"font-family: tahoma, arial, helvetica, sans-serif;color: #000000\">Marla\u00a0Heckler <\/span><\/p>\n<p style=\"text-align: justify\"><span style=\"font-family: tahoma, arial, helvetica, sans-serif;color: #000000\">Marivone\u00a0De Moura Valad\u00e3o<\/span><\/p>\n<p style=\"text-align: justify\"><span style=\"font-family: tahoma, arial, helvetica, sans-serif;color: #000000\">Itamara\u00a0Campello<\/span><\/p>\n<p style=\"text-align: justify\"><span style=\"font-family: tahoma, arial, helvetica, sans-serif;color: #000000\">Caroline\u00a0Avila<\/span><\/p>\n<p style=\"text-align: justify\"><span style=\"font-family: tahoma, arial, helvetica, sans-serif;color: #000000\">Marcia Elizabeth\u00a0Silveira Oliveira<\/span><\/p>\n<p style=\"text-align: justify\"><span style=\"font-family: tahoma, arial, helvetica, sans-serif;color: #000000\">Mariza Fernanda\u00a0De Souza dos Santos <\/span><\/p>\n<p style=\"text-align: justify\"><span style=\"font-family: tahoma, arial, helvetica, sans-serif;color: #000000\">Eliz\u00e2ngela\u00a0Souza<\/span><\/p>\n<p style=\"text-align: justify\"><span style=\"font-family: tahoma, arial, helvetica, sans-serif;color: #000000\">Ana\u00a0Durini<\/span><\/p>\n<p style=\"text-align: justify\"><span style=\"font-family: tahoma, arial, helvetica, sans-serif;color: #000000\">Cristina\u00a0Terraciano Silva da Rosa<\/span><\/p>\n<p style=\"text-align: justify\"><span style=\"font-family: tahoma, arial, helvetica, sans-serif;color: #000000\">Diego\u00a0Domingos Goulart<\/span><\/p>\n<p style=\"text-align: justify\"><span style=\"font-family: tahoma, arial, helvetica, sans-serif;color: #000000\">Natalia\u00a0Nola<\/span><\/p>\n<p style=\"text-align: justify\"><span style=\"font-family: tahoma, arial, helvetica, sans-serif;color: #000000\">Rodrigo\u00a0Marques Queiroga<\/span><\/p>\n<p style=\"text-align: justify\"><span style=\"font-family: tahoma, arial, helvetica, sans-serif;color: #000000\">Alessandra\u00a0\u00c1vila<\/span><\/p>\n<p style=\"text-align: justify\"><span style=\"font-family: tahoma, arial, helvetica, sans-serif;color: #000000\">Ad\u00e3o\u00a0An\u00e7a<\/span><\/p>\n<p style=\"text-align: justify\"><span style=\"font-family: tahoma, arial, helvetica, sans-serif;color: #000000\">Jennifer\u00a0Xavier Dos Passos<\/span><\/p>\n<p style=\"text-align: justify\"><span style=\"font-family: tahoma, arial, helvetica, sans-serif;color: #000000\">Rubia\u00a0Ferreira<\/span><\/p>\n<p style=\"text-align: justify\"><span style=\"font-family: tahoma, arial, helvetica, sans-serif;color: #000000\">Virginia\u00a0Dos Santos <\/span><\/p>\n<p style=\"text-align: justify\"><span style=\"font-family: tahoma, arial, helvetica, sans-serif;color: #000000\">Daniele\u00a0Gomes<\/span><\/p>\n<p style=\"text-align: justify\"><span style=\"font-family: tahoma, arial, helvetica, sans-serif;color: #000000\">Emilli\u00a0Araujo<\/span><\/p>\n<p style=\"text-align: justify\"><span style=\"font-family: tahoma, arial, helvetica, sans-serif;color: #000000\">Sheila\u00a0Duarte Tuchtenhagen<\/span><\/p>\n<p style=\"text-align: justify\"><span style=\"font-family: tahoma, arial, helvetica, sans-serif;color: #000000\">Aline\u00a0Nienczeski<\/span><\/p>\n<p style=\"text-align: justify\"><span style=\"font-family: tahoma, arial, helvetica, sans-serif;color: #000000\">Cristiana\u00a0Rodrigues<\/span><\/p>\n","protected":false},"excerpt":{"rendered":"<p>Os nomes da lista abaixo s\u00e3o os que est\u00e3o com a inscri\u00e7\u00e3o confirmada na nossa oficina do dia 11 de julho, \u00e0s 19:00, na sala 308, andar 3A, do pr\u00e9dio da Cotada, que abriga o CENG e a CPED., al\u00e9m do Laborat\u00f3rio Multilinguagens do LIFE. Claudia\u00a0Gorim Mendes Terres Lais\u00a0Ribeiro Soler Jaqueli\u00a0Tomaschewski Caren\u00a0Oliveira do Nascimento Marla\u00a0Heckler [&hellip;]<\/p>\n","protected":false},"author":291,"featured_media":0,"comment_status":"closed","ping_status":"closed","sticky":false,"template":"","format":"standard","meta":{"footnotes":""},"categories":[70657],"tags":[],"class_list":["post-829","post","type-post","status-publish","format-standard","hentry","category-oficinas-multilinguagens"],"jetpack_featured_media_url":"","_links":{"self":[{"href":"https:\/\/wp.ufpel.edu.br\/lvm\/wp-json\/wp\/v2\/posts\/829","targetHints":{"allow":["GET"]}}],"collection":[{"href":"https:\/\/wp.ufpel.edu.br\/lvm\/wp-json\/wp\/v2\/posts"}],"about":[{"href":"https:\/\/wp.ufpel.edu.br\/lvm\/wp-json\/wp\/v2\/types\/post"}],"author":[{"embeddable":true,"href":"https:\/\/wp.ufpel.edu.br\/lvm\/wp-json\/wp\/v2\/users\/291"}],"replies":[{"embeddable":true,"href":"https:\/\/wp.ufpel.edu.br\/lvm\/wp-json\/wp\/v2\/comments?post=829"}],"version-history":[{"count":1,"href":"https:\/\/wp.ufpel.edu.br\/lvm\/wp-json\/wp\/v2\/posts\/829\/revisions"}],"predecessor-version":[{"id":831,"href":"https:\/\/wp.ufpel.edu.br\/lvm\/wp-json\/wp\/v2\/posts\/829\/revisions\/831"}],"wp:attachment":[{"href":"https:\/\/wp.ufpel.edu.br\/lvm\/wp-json\/wp\/v2\/media?parent=829"}],"wp:term":[{"taxonomy":"category","embeddable":true,"href":"https:\/\/wp.ufpel.edu.br\/lvm\/wp-json\/wp\/v2\/categories?post=829"},{"taxonomy":"post_tag","embeddable":true,"href":"https:\/\/wp.ufpel.edu.br\/lvm\/wp-json\/wp\/v2\/tags?post=829"}],"curies":[{"name":"wp","href":"https:\/\/api.w.org\/{rel}","templated":true}]}}