{"id":814,"date":"2018-07-03T15:19:31","date_gmt":"2018-07-03T18:19:31","guid":{"rendered":"https:\/\/wp.ufpel.edu.br\/lvm\/?p=814"},"modified":"2018-07-03T15:49:28","modified_gmt":"2018-07-03T18:49:28","slug":"confirmacao-dos-inscritos-na-oficina-o-trabalho-com-folclore","status":"publish","type":"post","link":"https:\/\/wp.ufpel.edu.br\/lvm\/confirmacao-dos-inscritos-na-oficina-o-trabalho-com-folclore\/","title":{"rendered":"Confirma\u00e7\u00e3o dos inscritos na oficina o trabalho com Folclore"},"content":{"rendered":"<p><span style=\"font-family: tahoma, arial, helvetica, sans-serif\">Os nomes da lista abaixo s\u00e3o dos que est\u00e3o com a inscri\u00e7\u00e3o confirmada na nossa oficina do dia 20 de junho, \u00e0s 19:00, na sala 308, andar 3A, do pr\u00e9dio da Cotada, que abriga o CENG e a CPED., al\u00e9m do Laborat\u00f3rio Multilinguagens do LIFE.<\/span><\/p>\n<p><span style=\"font-family: tahoma, arial, helvetica, sans-serif\">Jennifer Xavier dos Passos<\/span><\/p>\n<p><span style=\"font-family: tahoma, arial, helvetica, sans-serif\">Bruna Cardoso Acunha<\/span><\/p>\n<p><span style=\"font-family: tahoma, arial, helvetica, sans-serif\">Mayara Brasil<\/span><\/p>\n<p><span style=\"font-family: tahoma, arial, helvetica, sans-serif\">Ariele Madruga<\/span><\/p>\n<p><span style=\"font-family: tahoma, arial, helvetica, sans-serif\">C\u00e2ndida Brasil<\/span><\/p>\n<p><span style=\"font-family: tahoma, arial, helvetica, sans-serif\">Maiara Correa da Silva<\/span><\/p>\n<p><span style=\"font-family: tahoma, arial, helvetica, sans-serif\">Adrianne Roxo<\/span><\/p>\n<p><span style=\"font-family: tahoma, arial, helvetica, sans-serif\">Grace Braz<\/span><\/p>\n<p><span style=\"font-family: tahoma, arial, helvetica, sans-serif\">Lizandra\u00a0Schmalfuss<\/span><\/p>\n<p><span style=\"font-family: tahoma, arial, helvetica, sans-serif\">Luiza\u00a0Belem Teixeira<\/span><\/p>\n<p><span style=\"font-family: tahoma, arial, helvetica, sans-serif\">Hashelen\u00a0Le\u00e3o<\/span><\/p>\n<p><span style=\"font-family: tahoma, arial, helvetica, sans-serif\">Pamela\u00a0Ferreira Silveira<\/span><\/p>\n<p><span style=\"font-family: tahoma, arial, helvetica, sans-serif\">Evelin\u00a0Dutra<\/span><\/p>\n<p><span style=\"font-family: tahoma, arial, helvetica, sans-serif\">Caren\u00a0Oliveira do Nascimento<\/span><\/p>\n<p><span style=\"font-family: tahoma, arial, helvetica, sans-serif\">Aline\u00a0Nienczeski<\/span><\/p>\n<p><span style=\"font-family: tahoma, arial, helvetica, sans-serif\">Stephanie\u00a0Pereira Da Rocha <\/span><\/p>\n<p><span style=\"font-family: tahoma, arial, helvetica, sans-serif\">Franciele\u00a0Becker<\/span><\/p>\n<p><span style=\"font-family: tahoma, arial, helvetica, sans-serif\">Cibele\u00a0da Silva Trindade do Nascimento<\/span><\/p>\n<p><span style=\"font-family: tahoma, arial, helvetica, sans-serif\">Carolina\u00a0da Motta Tavares<\/span><\/p>\n<p><span style=\"font-family: tahoma, arial, helvetica, sans-serif\">Raquel\u00a0Guterres Palma<\/span><\/p>\n<p><span style=\"font-family: tahoma, arial, helvetica, sans-serif\">Doranei\u00a0Cardoso<\/span><\/p>\n<p><span style=\"font-family: tahoma, arial, helvetica, sans-serif\">Lu\u00edsa\u00a0N\u00f6rnberg<\/span><\/p>\n<p><span style=\"font-family: tahoma, arial, helvetica, sans-serif\">Suplentes:<\/span><\/p>\n<p><span style=\"font-family: tahoma, arial, helvetica, sans-serif\">Cristiana\u00a0Rodrigues<\/span><\/p>\n<p><span style=\"font-family: tahoma, arial, helvetica, sans-serif\">Isabela\u00a0dos Santos Kr\u00f6ning<\/span><\/p>\n<p><span style=\"font-family: tahoma, arial, helvetica, sans-serif\">Tamires\u00a0Jara Goulart<\/span><\/p>\n<p><span style=\"font-family: tahoma, arial, helvetica, sans-serif\">Jamile\u00a0Seus Jeske<\/span><\/p>\n<p><span style=\"font-family: tahoma, arial, helvetica, sans-serif\">Ang\u00e9lica\u00a0dos Santos Karsburg<\/span><\/p>\n<p><span style=\"font-family: tahoma, arial, helvetica, sans-serif\">Luenen\u00a0Maia Schmidt<\/span><\/p>\n","protected":false},"excerpt":{"rendered":"<p>Os nomes da lista abaixo s\u00e3o dos que est\u00e3o com a inscri\u00e7\u00e3o confirmada na nossa oficina do dia 20 de junho, \u00e0s 19:00, na sala 308, andar 3A, do pr\u00e9dio da Cotada, que abriga o CENG e a CPED., al\u00e9m do Laborat\u00f3rio Multilinguagens do LIFE. Jennifer Xavier dos Passos Bruna Cardoso Acunha Mayara Brasil Ariele [&hellip;]<\/p>\n","protected":false},"author":291,"featured_media":0,"comment_status":"closed","ping_status":"closed","sticky":false,"template":"","format":"standard","meta":{"footnotes":""},"categories":[70657],"tags":[],"class_list":["post-814","post","type-post","status-publish","format-standard","hentry","category-oficinas-multilinguagens"],"jetpack_featured_media_url":"","_links":{"self":[{"href":"https:\/\/wp.ufpel.edu.br\/lvm\/wp-json\/wp\/v2\/posts\/814","targetHints":{"allow":["GET"]}}],"collection":[{"href":"https:\/\/wp.ufpel.edu.br\/lvm\/wp-json\/wp\/v2\/posts"}],"about":[{"href":"https:\/\/wp.ufpel.edu.br\/lvm\/wp-json\/wp\/v2\/types\/post"}],"author":[{"embeddable":true,"href":"https:\/\/wp.ufpel.edu.br\/lvm\/wp-json\/wp\/v2\/users\/291"}],"replies":[{"embeddable":true,"href":"https:\/\/wp.ufpel.edu.br\/lvm\/wp-json\/wp\/v2\/comments?post=814"}],"version-history":[{"count":3,"href":"https:\/\/wp.ufpel.edu.br\/lvm\/wp-json\/wp\/v2\/posts\/814\/revisions"}],"predecessor-version":[{"id":818,"href":"https:\/\/wp.ufpel.edu.br\/lvm\/wp-json\/wp\/v2\/posts\/814\/revisions\/818"}],"wp:attachment":[{"href":"https:\/\/wp.ufpel.edu.br\/lvm\/wp-json\/wp\/v2\/media?parent=814"}],"wp:term":[{"taxonomy":"category","embeddable":true,"href":"https:\/\/wp.ufpel.edu.br\/lvm\/wp-json\/wp\/v2\/categories?post=814"},{"taxonomy":"post_tag","embeddable":true,"href":"https:\/\/wp.ufpel.edu.br\/lvm\/wp-json\/wp\/v2\/tags?post=814"}],"curies":[{"name":"wp","href":"https:\/\/api.w.org\/{rel}","templated":true}]}}